    
{"id":11702,"date":"2023-11-13T11:43:05","date_gmt":"2023-11-13T10:43:05","guid":{"rendered":"https:\/\/www.abenex.com\/?p=11702"},"modified":"2024-02-26T18:18:49","modified_gmt":"2024-02-26T17:18:49","slug":"abenex-renforce-sa-presence-sur-le-marche-italien-avec-louverture-dun-nouveau-bureau-a-milan-et-lembauche-de-deux-professionnels-supplementaires","status":"publish","type":"post","link":"https:\/\/www.abenex.com\/fr\/abenex-renforce-sa-presence-sur-le-marche-italien-avec-louverture-dun-nouveau-bureau-a-milan-et-lembauche-de-deux-professionnels-supplementaires\/","title":{"rendered":"Abenex renforce sa pr\u00e9sence sur le march\u00e9 italien avec l&rsquo;ouverture d&rsquo;un nouveau bureau \u00e0 Milan et l&#8217;embauche de deux professionnels suppl\u00e9mentaires"},"content":{"rendered":"<p>Abenex, acteur historique du capital-investissement europ\u00e9en, certifi\u00e9 B-Corp et sp\u00e9cialis\u00e9 dans les op\u00e9rations de croissance et de buyout, a le plaisir d&rsquo;annoncer l&rsquo;ouverture de son nouveau bureau de Milan, dirig\u00e9 par Antonio Catalli (ex J.P. Morgan et Rothschild), Director, qui a rejoint Abenex en 2021 afin de d\u00e9velopper les activit\u00e9s sur le march\u00e9 italien.<\/p>\n<p>&nbsp;<\/p>\n<p>\u00c0 l&rsquo;occasion de l\u2019ouverture de ce nouveau bureau, Abenex est heureuse de pr\u00e9senter deux professionnels qui ont r\u00e9cemment rejoint l&rsquo;\u00e9quipe :<\/p>\n<p>Jacopo Bernezzo, Manager. Il a commenc\u00e9 sa carri\u00e8re chez KPMG Advisory \u00e0 Milan, au sein de l&rsquo;\u00e9quipe Corporate Finance, avec un focus particulier sur les op\u00e9rations de M&amp;A sur le segment Consumer and Industrial. Il a particip\u00e9 \u00e0 plusieurs transactions buy et sell-side. Avant de rejoindre Abenex, il a travaill\u00e9 pendant plus de cinq ans au sein de l&rsquo;\u00e9quipe d&rsquo;investissement d\u2019Insec Equity Partners \/ Siparex \u00e0 Milan, en se concentrant sp\u00e9cifiquement sur les ETI et PME italiennes. Jacopo est titulaire d\u2019un Master en Administration, Finance et Contr\u00f4le de l&rsquo;Universit\u00e9 Bocconi de Milan. Il parle anglais, fran\u00e7ais et allemand.<\/p>\n<p>&nbsp;<\/p>\n<p>Pietro Razzi, Analyste. Avant de rejoindre Abenex, il a travaill\u00e9 en audit chez KPMG \u00e0 Milan et en M&amp;A chez Klecha&amp;Co \u00e0 Paris. Pietro est titulaire d\u2019un Master en Administration, Finance et Contr\u00f4le de l&rsquo;Universit\u00e9 Bocconi de Milan. Il parle anglais et fran\u00e7ais.<\/p>\n<p>&nbsp;<\/p>\n<p>Olivier Moatti, Associ\u00e9 G\u00e9rant d&rsquo;Abenex, a comment\u00e9 : \u00ab\u00a0L&rsquo;ouverture de notre nouveau bureau \u00e0 Milan et le renforcement de notre \u00e9quipe locale confirment notre ambition de nous d\u00e9velopper davantage et d&rsquo;investir dans l&rsquo;un des march\u00e9s les plus dynamiques en Europe. Nous sommes convaincus que notre culture durable, internationale et op\u00e9rationnelle est parfaitement align\u00e9e avec les besoins des PME italiennes. Nous sommes impatients de collaborer ult\u00e9rieurement avec les leaders du march\u00e9 en Italie. La pr\u00e9sence sur le march\u00e9 italien via une \u00e9quipe d\u00e9di\u00e9e renforcera \u00e9galement le soutien aux entreprises actuellement d\u00e9tenues par Abenex dans leur croissance dans la r\u00e9gion, que ce soit de fa\u00e7on organique ou par acquisitions.\u00a0\u00bb<\/p>\n<p>&nbsp;<\/p>\n<p>Antonio Catalli, responsable des activit\u00e9s d&rsquo;Abenex en Italie, a comment\u00e9 : \u00ab\u00a0Je suis ravi d&rsquo;annoncer le renforcement de notre \u00e9quipe avec l&rsquo;arriv\u00e9e de Jacopo et Pietro. L&rsquo;approche op\u00e9rationnelle d&rsquo;Abenex correspond parfaitement aux caract\u00e9ristiques et \u00e0 la mentalit\u00e9 qui d\u00e9finissent l\u2019\u00e9cosyst\u00e8me entrepreneurial italien. Le march\u00e9 italien suscite un int\u00e9r\u00eat particulier pour nous, car de nombreuses PME sont demandeuses de l\u2019exp\u00e9rience et du support que peut leur offrir un partenaire comme Abenex, capable de mettre \u00e0 leur service un soutien op\u00e9rationnel afin de favoriser une croissance durable, notamment \u00e0 l&rsquo;\u00e9chelle internationale.\u00a0\u00bb<\/p>\n<p>&nbsp;<\/p>\n<p>Abenex d\u00e9ploie actuellement son sixi\u00e8me fonds mid cap (Abenex VI), qui investit entre 30 et 100 millions d&rsquo;euros par transaction, \u00e0 la fois en tant qu\u2019investisseur majoritaire ou minoritaire. En septembre 2022, Abenex a investi dans Di Marco, le leader italien sur le march\u00e9 de la Pinsa Romana.<\/p>\n","protected":false},"excerpt":{"rendered":"<p>Abenex, acteur historique du capital-investissement europ\u00e9en, certifi\u00e9 B-Corp et sp\u00e9cialis\u00e9 dans les op\u00e9rations de croissance et de buyout, a le plaisir d&rsquo;annoncer l&rsquo;ouverture de son nouveau bureau de Milan, dirig\u00e9 par Antonio Catalli (ex J.P. Morgan et Rothschild), Director, qui a rejoint Abenex en 2021 afin de d\u00e9velopper les activit\u00e9s sur le march\u00e9 italien. &nbsp; [&hellip;]<\/p>\n","protected":false},"author":7,"featured_media":5741,"comment_status":"open","ping_status":"open","sticky":false,"template":"","format":"standard","meta":{"footnotes":""},"categories":[105,30],"tags":[],"class_list":["post-11702","post","type-post","status-publish","format-standard","has-post-thumbnail","hentry","category-abenex","category-equipe-abenex"],"acf":[],"yoast_head":"<!-- This site is optimized with the Yoast SEO plugin v27.1.1 - https:\/\/yoast.com\/product\/yoast-seo-wordpress\/ -->\n<title>Abenex renforce sa pr\u00e9sence sur le march\u00e9 italien avec l&#039;ouverture d&#039;un nouveau bureau \u00e0 Milan et l&#039;embauche de deux professionnels suppl\u00e9mentaires | Abenex<\/title>\n<meta name=\"description\" content=\"Abenex renforce sa pr\u00e9sence sur le march\u00e9 italien avec l&#039;ouverture d&#039;un nouveau bureau \u00e0 Milan et l&#039;embauche de deux professionnels...\" \/>\n<meta name=\"robots\" content=\"index, follow, max-snippet:-1, max-image-preview:large, max-video-preview:-1\" \/>\n<link rel=\"canonical\" href=\"https:\/\/www.abenex.com\/fr\/abenex-renforce-sa-presence-sur-le-marche-italien-avec-louverture-dun-nouveau-bureau-a-milan-et-lembauche-de-deux-professionnels-supplementaires\/\" \/>\n<meta property=\"og:locale\" content=\"fr_FR\" \/>\n<meta property=\"og:type\" content=\"article\" \/>\n<meta property=\"og:title\" content=\"Abenex renforce sa pr\u00e9sence sur le march\u00e9 italien avec l&#039;ouverture d&#039;un nouveau bureau \u00e0 Milan et l&#039;embauche de deux professionnels suppl\u00e9mentaires | Abenex\" \/>\n<meta property=\"og:description\" content=\"Abenex renforce sa pr\u00e9sence sur le march\u00e9 italien avec l&#039;ouverture d&#039;un nouveau bureau \u00e0 Milan et l&#039;embauche de deux professionnels...\" \/>\n<meta property=\"og:url\" content=\"https:\/\/www.abenex.com\/fr\/abenex-renforce-sa-presence-sur-le-marche-italien-avec-louverture-dun-nouveau-bureau-a-milan-et-lembauche-de-deux-professionnels-supplementaires\/\" \/>\n<meta property=\"og:site_name\" content=\"Abenex\" \/>\n<meta property=\"article:published_time\" content=\"2023-11-13T10:43:05+00:00\" \/>\n<meta property=\"article:modified_time\" content=\"2024-02-26T17:18:49+00:00\" \/>\n<meta property=\"og:image\" content=\"https:\/\/www.abenex.com\/wp-content\/uploads\/2023\/07\/milan-scaled.jpg\" \/>\n\t<meta property=\"og:image:width\" content=\"2560\" \/>\n\t<meta property=\"og:image:height\" content=\"1707\" \/>\n\t<meta property=\"og:image:type\" content=\"image\/jpeg\" \/>\n<meta name=\"author\" content=\"Emilie Lhommeau\" \/>\n<meta name=\"twitter:card\" content=\"summary_large_image\" \/>\n<meta name=\"twitter:label1\" content=\"\u00c9crit par\" \/>\n\t<meta name=\"twitter:data1\" content=\"Emilie Lhommeau\" \/>\n\t<meta name=\"twitter:label2\" content=\"Dur\u00e9e de lecture estim\u00e9e\" \/>\n\t<meta name=\"twitter:data2\" content=\"3 minutes\" \/>\n<script type=\"application\/ld+json\" class=\"yoast-schema-graph\">{\"@context\":\"https:\/\/schema.org\",\"@graph\":[{\"@type\":\"Article\",\"@id\":\"https:\/\/www.abenex.com\/fr\/abenex-renforce-sa-presence-sur-le-marche-italien-avec-louverture-dun-nouveau-bureau-a-milan-et-lembauche-de-deux-professionnels-supplementaires\/#article\",\"isPartOf\":{\"@id\":\"https:\/\/www.abenex.com\/fr\/abenex-renforce-sa-presence-sur-le-marche-italien-avec-louverture-dun-nouveau-bureau-a-milan-et-lembauche-de-deux-professionnels-supplementaires\/\"},\"author\":{\"name\":\"Emilie Lhommeau\",\"@id\":\"https:\/\/www.abenex.com\/#\/schema\/person\/919ff0a825c7e032b98857e40ad96783\"},\"headline\":\"Abenex renforce sa pr\u00e9sence sur le march\u00e9 italien avec l&rsquo;ouverture d&rsquo;un nouveau bureau \u00e0 Milan et l&#8217;embauche de deux professionnels suppl\u00e9mentaires\",\"datePublished\":\"2023-11-13T10:43:05+00:00\",\"dateModified\":\"2024-02-26T17:18:49+00:00\",\"mainEntityOfPage\":{\"@id\":\"https:\/\/www.abenex.com\/fr\/abenex-renforce-sa-presence-sur-le-marche-italien-avec-louverture-dun-nouveau-bureau-a-milan-et-lembauche-de-deux-professionnels-supplementaires\/\"},\"wordCount\":524,\"commentCount\":0,\"publisher\":{\"@id\":\"https:\/\/www.abenex.com\/#organization\"},\"image\":{\"@id\":\"https:\/\/www.abenex.com\/fr\/abenex-renforce-sa-presence-sur-le-marche-italien-avec-louverture-dun-nouveau-bureau-a-milan-et-lembauche-de-deux-professionnels-supplementaires\/#primaryimage\"},\"thumbnailUrl\":\"https:\/\/www.abenex.com\/wp-content\/uploads\/2023\/07\/milan-scaled.jpg\",\"articleSection\":[\"Abenex\",\"\u00c9quipe\"],\"inLanguage\":\"fr-FR\",\"potentialAction\":[{\"@type\":\"CommentAction\",\"name\":\"Comment\",\"target\":[\"https:\/\/www.abenex.com\/fr\/abenex-renforce-sa-presence-sur-le-marche-italien-avec-louverture-dun-nouveau-bureau-a-milan-et-lembauche-de-deux-professionnels-supplementaires\/#respond\"]}]},{\"@type\":\"WebPage\",\"@id\":\"https:\/\/www.abenex.com\/fr\/abenex-renforce-sa-presence-sur-le-marche-italien-avec-louverture-dun-nouveau-bureau-a-milan-et-lembauche-de-deux-professionnels-supplementaires\/\",\"url\":\"https:\/\/www.abenex.com\/fr\/abenex-renforce-sa-presence-sur-le-marche-italien-avec-louverture-dun-nouveau-bureau-a-milan-et-lembauche-de-deux-professionnels-supplementaires\/\",\"name\":\"Abenex renforce sa pr\u00e9sence sur le march\u00e9 italien avec l'ouverture d'un nouveau bureau \u00e0 Milan et l'embauche de deux professionnels suppl\u00e9mentaires | Abenex\",\"isPartOf\":{\"@id\":\"https:\/\/www.abenex.com\/#website\"},\"primaryImageOfPage\":{\"@id\":\"https:\/\/www.abenex.com\/fr\/abenex-renforce-sa-presence-sur-le-marche-italien-avec-louverture-dun-nouveau-bureau-a-milan-et-lembauche-de-deux-professionnels-supplementaires\/#primaryimage\"},\"image\":{\"@id\":\"https:\/\/www.abenex.com\/fr\/abenex-renforce-sa-presence-sur-le-marche-italien-avec-louverture-dun-nouveau-bureau-a-milan-et-lembauche-de-deux-professionnels-supplementaires\/#primaryimage\"},\"thumbnailUrl\":\"https:\/\/www.abenex.com\/wp-content\/uploads\/2023\/07\/milan-scaled.jpg\",\"datePublished\":\"2023-11-13T10:43:05+00:00\",\"dateModified\":\"2024-02-26T17:18:49+00:00\",\"description\":\"Abenex renforce sa pr\u00e9sence sur le march\u00e9 italien avec l'ouverture d'un nouveau bureau \u00e0 Milan et l'embauche de deux professionnels...\",\"breadcrumb\":{\"@id\":\"https:\/\/www.abenex.com\/fr\/abenex-renforce-sa-presence-sur-le-marche-italien-avec-louverture-dun-nouveau-bureau-a-milan-et-lembauche-de-deux-professionnels-supplementaires\/#breadcrumb\"},\"inLanguage\":\"fr-FR\",\"potentialAction\":[{\"@type\":\"ReadAction\",\"target\":[\"https:\/\/www.abenex.com\/fr\/abenex-renforce-sa-presence-sur-le-marche-italien-avec-louverture-dun-nouveau-bureau-a-milan-et-lembauche-de-deux-professionnels-supplementaires\/\"]}]},{\"@type\":\"ImageObject\",\"inLanguage\":\"fr-FR\",\"@id\":\"https:\/\/www.abenex.com\/fr\/abenex-renforce-sa-presence-sur-le-marche-italien-avec-louverture-dun-nouveau-bureau-a-milan-et-lembauche-de-deux-professionnels-supplementaires\/#primaryimage\",\"url\":\"https:\/\/www.abenex.com\/wp-content\/uploads\/2023\/07\/milan-scaled.jpg\",\"contentUrl\":\"https:\/\/www.abenex.com\/wp-content\/uploads\/2023\/07\/milan-scaled.jpg\",\"width\":2560,\"height\":1707,\"caption\":\"Abenex renforce sa pr\u00e9sence sur le march\u00e9 italien\"},{\"@type\":\"BreadcrumbList\",\"@id\":\"https:\/\/www.abenex.com\/fr\/abenex-renforce-sa-presence-sur-le-marche-italien-avec-louverture-dun-nouveau-bureau-a-milan-et-lembauche-de-deux-professionnels-supplementaires\/#breadcrumb\",\"itemListElement\":[{\"@type\":\"ListItem\",\"position\":1,\"name\":\"Accueil\",\"item\":\"https:\/\/www.abenex.com\/fr\/\"},{\"@type\":\"ListItem\",\"position\":2,\"name\":\"Abenex renforce sa pr\u00e9sence sur le march\u00e9 italien avec l&#8217;ouverture d&#8217;un nouveau bureau \u00e0 Milan et l&#8217;embauche de deux professionnels suppl\u00e9mentaires\"}]},{\"@type\":\"WebSite\",\"@id\":\"https:\/\/www.abenex.com\/#website\",\"url\":\"https:\/\/www.abenex.com\/\",\"name\":\"Abenex - Investing with purpose\",\"description\":\"Investing with purpose\",\"publisher\":{\"@id\":\"https:\/\/www.abenex.com\/#organization\"},\"potentialAction\":[{\"@type\":\"SearchAction\",\"target\":{\"@type\":\"EntryPoint\",\"urlTemplate\":\"https:\/\/www.abenex.com\/?s={search_term_string}\"},\"query-input\":{\"@type\":\"PropertyValueSpecification\",\"valueRequired\":true,\"valueName\":\"search_term_string\"}}],\"inLanguage\":\"fr-FR\"},{\"@type\":\"Organization\",\"@id\":\"https:\/\/www.abenex.com\/#organization\",\"name\":\"Abenex - Investing with purpose\",\"url\":\"https:\/\/www.abenex.com\/\",\"logo\":{\"@type\":\"ImageObject\",\"inLanguage\":\"fr-FR\",\"@id\":\"https:\/\/www.abenex.com\/#\/schema\/logo\/image\/\",\"url\":\"https:\/\/www.abenex.com\/wp-content\/uploads\/2023\/05\/FULL-LOGO-NOIR-BLEU-1.svg\",\"contentUrl\":\"https:\/\/www.abenex.com\/wp-content\/uploads\/2023\/05\/FULL-LOGO-NOIR-BLEU-1.svg\",\"width\":166,\"height\":34,\"caption\":\"Abenex - Investing with purpose\"},\"image\":{\"@id\":\"https:\/\/www.abenex.com\/#\/schema\/logo\/image\/\"}},{\"@type\":\"Person\",\"@id\":\"https:\/\/www.abenex.com\/#\/schema\/person\/919ff0a825c7e032b98857e40ad96783\",\"name\":\"Emilie Lhommeau\",\"image\":{\"@type\":\"ImageObject\",\"inLanguage\":\"fr-FR\",\"@id\":\"https:\/\/www.abenex.com\/#\/schema\/person\/image\/\",\"url\":\"https:\/\/secure.gravatar.com\/avatar\/659563ab52005c8dbe050bd37e3906fb1a1dd4b01c60b051735dbb89a9a4e4e9?s=96&d=mm&r=g\",\"contentUrl\":\"https:\/\/secure.gravatar.com\/avatar\/659563ab52005c8dbe050bd37e3906fb1a1dd4b01c60b051735dbb89a9a4e4e9?s=96&d=mm&r=g\",\"caption\":\"Emilie Lhommeau\"}}]}<\/script>\n<!-- \/ Yoast SEO plugin. -->","yoast_head_json":{"title":"Abenex renforce sa pr\u00e9sence sur le march\u00e9 italien avec l'ouverture d'un nouveau bureau \u00e0 Milan et l'embauche de deux professionnels suppl\u00e9mentaires | Abenex","description":"Abenex renforce sa pr\u00e9sence sur le march\u00e9 italien avec l'ouverture d'un nouveau bureau \u00e0 Milan et l'embauche de deux professionnels...","robots":{"index":"index","follow":"follow","max-snippet":"max-snippet:-1","max-image-preview":"max-image-preview:large","max-video-preview":"max-video-preview:-1"},"canonical":"https:\/\/www.abenex.com\/fr\/abenex-renforce-sa-presence-sur-le-marche-italien-avec-louverture-dun-nouveau-bureau-a-milan-et-lembauche-de-deux-professionnels-supplementaires\/","og_locale":"fr_FR","og_type":"article","og_title":"Abenex renforce sa pr\u00e9sence sur le march\u00e9 italien avec l'ouverture d'un nouveau bureau \u00e0 Milan et l'embauche de deux professionnels suppl\u00e9mentaires | Abenex","og_description":"Abenex renforce sa pr\u00e9sence sur le march\u00e9 italien avec l'ouverture d'un nouveau bureau \u00e0 Milan et l'embauche de deux professionnels...","og_url":"https:\/\/www.abenex.com\/fr\/abenex-renforce-sa-presence-sur-le-marche-italien-avec-louverture-dun-nouveau-bureau-a-milan-et-lembauche-de-deux-professionnels-supplementaires\/","og_site_name":"Abenex","article_published_time":"2023-11-13T10:43:05+00:00","article_modified_time":"2024-02-26T17:18:49+00:00","og_image":[{"width":2560,"height":1707,"url":"https:\/\/www.abenex.com\/wp-content\/uploads\/2023\/07\/milan-scaled.jpg","type":"image\/jpeg"}],"author":"Emilie Lhommeau","twitter_card":"summary_large_image","twitter_misc":{"\u00c9crit par":"Emilie Lhommeau","Dur\u00e9e de lecture estim\u00e9e":"3 minutes"},"schema":{"@context":"https:\/\/schema.org","@graph":[{"@type":"Article","@id":"https:\/\/www.abenex.com\/fr\/abenex-renforce-sa-presence-sur-le-marche-italien-avec-louverture-dun-nouveau-bureau-a-milan-et-lembauche-de-deux-professionnels-supplementaires\/#article","isPartOf":{"@id":"https:\/\/www.abenex.com\/fr\/abenex-renforce-sa-presence-sur-le-marche-italien-avec-louverture-dun-nouveau-bureau-a-milan-et-lembauche-de-deux-professionnels-supplementaires\/"},"author":{"name":"Emilie Lhommeau","@id":"https:\/\/www.abenex.com\/#\/schema\/person\/919ff0a825c7e032b98857e40ad96783"},"headline":"Abenex renforce sa pr\u00e9sence sur le march\u00e9 italien avec l&rsquo;ouverture d&rsquo;un nouveau bureau \u00e0 Milan et l&#8217;embauche de deux professionnels suppl\u00e9mentaires","datePublished":"2023-11-13T10:43:05+00:00","dateModified":"2024-02-26T17:18:49+00:00","mainEntityOfPage":{"@id":"https:\/\/www.abenex.com\/fr\/abenex-renforce-sa-presence-sur-le-marche-italien-avec-louverture-dun-nouveau-bureau-a-milan-et-lembauche-de-deux-professionnels-supplementaires\/"},"wordCount":524,"commentCount":0,"publisher":{"@id":"https:\/\/www.abenex.com\/#organization"},"image":{"@id":"https:\/\/www.abenex.com\/fr\/abenex-renforce-sa-presence-sur-le-marche-italien-avec-louverture-dun-nouveau-bureau-a-milan-et-lembauche-de-deux-professionnels-supplementaires\/#primaryimage"},"thumbnailUrl":"https:\/\/www.abenex.com\/wp-content\/uploads\/2023\/07\/milan-scaled.jpg","articleSection":["Abenex","\u00c9quipe"],"inLanguage":"fr-FR","potentialAction":[{"@type":"CommentAction","name":"Comment","target":["https:\/\/www.abenex.com\/fr\/abenex-renforce-sa-presence-sur-le-marche-italien-avec-louverture-dun-nouveau-bureau-a-milan-et-lembauche-de-deux-professionnels-supplementaires\/#respond"]}]},{"@type":"WebPage","@id":"https:\/\/www.abenex.com\/fr\/abenex-renforce-sa-presence-sur-le-marche-italien-avec-louverture-dun-nouveau-bureau-a-milan-et-lembauche-de-deux-professionnels-supplementaires\/","url":"https:\/\/www.abenex.com\/fr\/abenex-renforce-sa-presence-sur-le-marche-italien-avec-louverture-dun-nouveau-bureau-a-milan-et-lembauche-de-deux-professionnels-supplementaires\/","name":"Abenex renforce sa pr\u00e9sence sur le march\u00e9 italien avec l'ouverture d'un nouveau bureau \u00e0 Milan et l'embauche de deux professionnels suppl\u00e9mentaires | Abenex","isPartOf":{"@id":"https:\/\/www.abenex.com\/#website"},"primaryImageOfPage":{"@id":"https:\/\/www.abenex.com\/fr\/abenex-renforce-sa-presence-sur-le-marche-italien-avec-louverture-dun-nouveau-bureau-a-milan-et-lembauche-de-deux-professionnels-supplementaires\/#primaryimage"},"image":{"@id":"https:\/\/www.abenex.com\/fr\/abenex-renforce-sa-presence-sur-le-marche-italien-avec-louverture-dun-nouveau-bureau-a-milan-et-lembauche-de-deux-professionnels-supplementaires\/#primaryimage"},"thumbnailUrl":"https:\/\/www.abenex.com\/wp-content\/uploads\/2023\/07\/milan-scaled.jpg","datePublished":"2023-11-13T10:43:05+00:00","dateModified":"2024-02-26T17:18:49+00:00","description":"Abenex renforce sa pr\u00e9sence sur le march\u00e9 italien avec l'ouverture d'un nouveau bureau \u00e0 Milan et l'embauche de deux professionnels...","breadcrumb":{"@id":"https:\/\/www.abenex.com\/fr\/abenex-renforce-sa-presence-sur-le-marche-italien-avec-louverture-dun-nouveau-bureau-a-milan-et-lembauche-de-deux-professionnels-supplementaires\/#breadcrumb"},"inLanguage":"fr-FR","potentialAction":[{"@type":"ReadAction","target":["https:\/\/www.abenex.com\/fr\/abenex-renforce-sa-presence-sur-le-marche-italien-avec-louverture-dun-nouveau-bureau-a-milan-et-lembauche-de-deux-professionnels-supplementaires\/"]}]},{"@type":"ImageObject","inLanguage":"fr-FR","@id":"https:\/\/www.abenex.com\/fr\/abenex-renforce-sa-presence-sur-le-marche-italien-avec-louverture-dun-nouveau-bureau-a-milan-et-lembauche-de-deux-professionnels-supplementaires\/#primaryimage","url":"https:\/\/www.abenex.com\/wp-content\/uploads\/2023\/07\/milan-scaled.jpg","contentUrl":"https:\/\/www.abenex.com\/wp-content\/uploads\/2023\/07\/milan-scaled.jpg","width":2560,"height":1707,"caption":"Abenex renforce sa pr\u00e9sence sur le march\u00e9 italien"},{"@type":"BreadcrumbList","@id":"https:\/\/www.abenex.com\/fr\/abenex-renforce-sa-presence-sur-le-marche-italien-avec-louverture-dun-nouveau-bureau-a-milan-et-lembauche-de-deux-professionnels-supplementaires\/#breadcrumb","itemListElement":[{"@type":"ListItem","position":1,"name":"Accueil","item":"https:\/\/www.abenex.com\/fr\/"},{"@type":"ListItem","position":2,"name":"Abenex renforce sa pr\u00e9sence sur le march\u00e9 italien avec l&#8217;ouverture d&#8217;un nouveau bureau \u00e0 Milan et l&#8217;embauche de deux professionnels suppl\u00e9mentaires"}]},{"@type":"WebSite","@id":"https:\/\/www.abenex.com\/#website","url":"https:\/\/www.abenex.com\/","name":"Abenex - Investing with purpose","description":"Investing with purpose","publisher":{"@id":"https:\/\/www.abenex.com\/#organization"},"potentialAction":[{"@type":"SearchAction","target":{"@type":"EntryPoint","urlTemplate":"https:\/\/www.abenex.com\/?s={search_term_string}"},"query-input":{"@type":"PropertyValueSpecification","valueRequired":true,"valueName":"search_term_string"}}],"inLanguage":"fr-FR"},{"@type":"Organization","@id":"https:\/\/www.abenex.com\/#organization","name":"Abenex - Investing with purpose","url":"https:\/\/www.abenex.com\/","logo":{"@type":"ImageObject","inLanguage":"fr-FR","@id":"https:\/\/www.abenex.com\/#\/schema\/logo\/image\/","url":"https:\/\/www.abenex.com\/wp-content\/uploads\/2023\/05\/FULL-LOGO-NOIR-BLEU-1.svg","contentUrl":"https:\/\/www.abenex.com\/wp-content\/uploads\/2023\/05\/FULL-LOGO-NOIR-BLEU-1.svg","width":166,"height":34,"caption":"Abenex - Investing with purpose"},"image":{"@id":"https:\/\/www.abenex.com\/#\/schema\/logo\/image\/"}},{"@type":"Person","@id":"https:\/\/www.abenex.com\/#\/schema\/person\/919ff0a825c7e032b98857e40ad96783","name":"Emilie Lhommeau","image":{"@type":"ImageObject","inLanguage":"fr-FR","@id":"https:\/\/www.abenex.com\/#\/schema\/person\/image\/","url":"https:\/\/secure.gravatar.com\/avatar\/659563ab52005c8dbe050bd37e3906fb1a1dd4b01c60b051735dbb89a9a4e4e9?s=96&d=mm&r=g","contentUrl":"https:\/\/secure.gravatar.com\/avatar\/659563ab52005c8dbe050bd37e3906fb1a1dd4b01c60b051735dbb89a9a4e4e9?s=96&d=mm&r=g","caption":"Emilie Lhommeau"}}]}},"_links":{"self":[{"href":"https:\/\/www.abenex.com\/fr\/wp-json\/wp\/v2\/posts\/11702","targetHints":{"allow":["GET"]}}],"collection":[{"href":"https:\/\/www.abenex.com\/fr\/wp-json\/wp\/v2\/posts"}],"about":[{"href":"https:\/\/www.abenex.com\/fr\/wp-json\/wp\/v2\/types\/post"}],"author":[{"embeddable":true,"href":"https:\/\/www.abenex.com\/fr\/wp-json\/wp\/v2\/users\/7"}],"replies":[{"embeddable":true,"href":"https:\/\/www.abenex.com\/fr\/wp-json\/wp\/v2\/comments?post=11702"}],"version-history":[{"count":1,"href":"https:\/\/www.abenex.com\/fr\/wp-json\/wp\/v2\/posts\/11702\/revisions"}],"predecessor-version":[{"id":11703,"href":"https:\/\/www.abenex.com\/fr\/wp-json\/wp\/v2\/posts\/11702\/revisions\/11703"}],"wp:featuredmedia":[{"embeddable":true,"href":"https:\/\/www.abenex.com\/fr\/wp-json\/wp\/v2\/media\/5741"}],"wp:attachment":[{"href":"https:\/\/www.abenex.com\/fr\/wp-json\/wp\/v2\/media?parent=11702"}],"wp:term":[{"taxonomy":"category","embeddable":true,"href":"https:\/\/www.abenex.com\/fr\/wp-json\/wp\/v2\/categories?post=11702"},{"taxonomy":"post_tag","embeddable":true,"href":"https:\/\/www.abenex.com\/fr\/wp-json\/wp\/v2\/tags?post=11702"}],"curies":[{"name":"wp","href":"https:\/\/api.w.org\/{rel}","templated":true}]}}