    
{"id":11721,"date":"2023-05-01T15:00:18","date_gmt":"2023-05-01T13:00:18","guid":{"rendered":"https:\/\/www.abenex.com\/?p=11721"},"modified":"2024-09-09T15:22:38","modified_gmt":"2024-09-09T13:22:38","slug":"abenex-renforce-lequipe-croissance","status":"publish","type":"post","link":"https:\/\/www.abenex.com\/fr\/abenex-renforce-lequipe-croissance\/","title":{"rendered":"Abenex affiche ses ambitions en renfor\u00e7ant son \u00e9quipe Small-Cap"},"content":{"rendered":"<p>Acteur historique du march\u00e9 du capital investissement, Abenex est devenue en 15 ans l&rsquo;un des principaux acteurs europ\u00e9ens du du small et mid-market. En 2018, la soci\u00e9t\u00e9 de gestion lan\u00e7ait l\u2019activit\u00e9 Abenex Croissance d\u00e9di\u00e9e aux op\u00e9rations Small-Cap. Dans le cadre du fort d\u00e9veloppement de sa strat\u00e9gie, Abenex renforce l&rsquo;\u00e9quipe Small-Cap en nommant Thomas Peretti associ\u00e9 et en promouvant Olivier Servant et Ang\u00e8le France respectivement Directeur et Manager.<\/p>\n<p>&nbsp;<\/p>\n<p>&nbsp;<\/p>\n<p><strong>Retour sur une strat\u00e9gie \u00e0 succ\u00e8s<\/strong><\/p>\n<p>&nbsp;<\/p>\n<p>&nbsp;<\/p>\n<p>Lanc\u00e9e en 2018 pour r\u00e9pondre \u00e0 un besoin croissant, Abenex a structur\u00e9 son 1er fonds Croissance pour accompagner la transformation de PMEs fran\u00e7aises, valoris\u00e9es jusqu&rsquo;\u00e0 60 millions d&rsquo;euros, aux c\u00f4t\u00e9s de leurs dirigeants et de leurs \u00e9quipes.<br \/>\nEn tant qu\u2019investisseur engag\u00e9, Abenex est convaincu que les entreprises ont la capacit\u00e9 de g\u00e9n\u00e9rer un impact positif sur l\u2019\u00e9conomie et d\u2019att\u00e9nuer les risques du changement climatique. Cette conviction, Abenex l\u2019a int\u00e9gr\u00e9 dans son cycle d\u2019investissement pour s\u00e9lectionner les 8 investissements qui composent le portefeuille Croissance autour de trois th\u00e9matiques d\u2019investissement : sant\u00e9 et bien-\u00eatre, s\u00e9curit\u00e9 et services \u00e0 valeur ajout\u00e9e.<br \/>\nAvec un closing de 125m\u20ac pour son premier mill\u00e9sime, Abenex lance la lev\u00e9e de son deuxi\u00e8me fonds. Pour asseoir ses ambitions sur cette strat\u00e9gie porteuse, la soci\u00e9t\u00e9 de gestion certifi\u00e9e B-Corp, nomme Thomas Peretti Associ\u00e9 aux c\u00f4t\u00e9s de Christian Dorl\u00e9ac et Paul Bertrand, qui dirigent l\u2019\u00e9quipe d\u2019investissement depuis sa cr\u00e9ation.<br \/>\nAujourd\u2019hui compos\u00e9e de 7 professionnels, l\u2019\u00e9quipe accueille \u00e9galement la promotion de Olivier Servant comme Directeur et de Ang\u00e8le France comme Manager.<\/p>\n<p>&nbsp;<\/p>\n<p>&nbsp;<\/p>\n<p><strong>Des nominations pour accompagner le d\u00e9veloppement de la strat\u00e9gie<\/strong><\/p>\n<p>&nbsp;<\/p>\n<p>&nbsp;<\/p>\n<p>Thomas Peretti est promu Associ\u00e9 au sein de l\u2019\u00e9quipe Croissance qu\u2019il a rejoint en 2018 en qualit\u00e9 de Directeur alors que la strat\u00e9gie Small caps se lan\u00e7ait.<br \/>\nDepuis son arriv\u00e9e chez Abenex dans le cadre du lancement de l\u2019activit\u00e9 Small-Cap, Thomas a contribu\u00e9 aux investissements majoritaires dans Aerow (services informatiques dans la digitalisation), Inlog (\u00e9diteur de logiciels pour le secteur de la sant\u00e9) et Naturellement Gourmand (agro-alimentaire, c\u00e9d\u00e9 en juillet 2021) ainsi qu\u2019aux investissements minoritaires dans IPSSI (enseignement sup\u00e9rieur en informatique) et Ekoscan Integrity (Contr\u00f4le Non Destructif par ultra-son pour les infrastructures).<br \/>\nThomas a d\u00e9marr\u00e9 sa carri\u00e8re dans l\u2019audit, notamment chez EY, et a ensuite pass\u00e9 10 ans dans le LBO Trescal (services de m\u00e9trologie) en France et aux Etats-Unis, en tant que directeur financier adjoint du groupe et en charge de la croissance externe o\u00f9 il a pris part \u00e0 plus de 30 op\u00e9rations de croissance externe \u00e0 l\u2019international. Thomas est dipl\u00f4m\u00e9 de l\u2019ESCEM en 2004.<\/p>\n<p>&nbsp;<\/p>\n<p>Olivier Servant est promu Directeur au sein de l\u2019\u00e9quipe Croissance d\u2019Abenex, qu\u2019il a rejoint en 2020 en tant que Manager.<br \/>\nOlivier est r\u00e9cemment intervenu dans la prise de participation d\u2019Abenex dans <a href=\"https:\/\/www.abenex.com\/fr\/company\/ekoscan\/\">Ekoscan<\/a> (soci\u00e9t\u00e9 sp\u00e9cialis\u00e9e dans le contr\u00f4le non destructif par ultrason d\u2019infrastructures critiques) en 2022 et \u00e0 la cession de Naturellement Gourmand (producteur de p\u00e2tisseries fraiches) en 2021. Dipl\u00f4m\u00e9 du Master 2 Banque et Finance de l\u2019Universit\u00e9 Paris Dauphine, il dispose de 10 ann\u00e9es d\u2019exp\u00e9rience dans l\u2019univers de l\u2019investissement Small-caps.<br \/>\nOlivier a d\u00e9but\u00e9 sa carri\u00e8re au sein de Turenne Capital en 2014, avant de rejoindre en 2016 le bureau parisien de Siparex. Il a particip\u00e9 \u00e0 plusieurs transactions de capital d\u00e9veloppement et de LBO, principalement dans un contexte d\u2019op\u00e9ration primaire, souvent associ\u00e9 \u00e0 des enjeux de croissance externe.<br \/>\nPar ailleurs, il enseigne le Private Equity en master 2 \u00e0 l\u2019universit\u00e9 Paris Dauphine.<\/p>\n<p>&nbsp;<\/p>\n<p>&nbsp;<\/p>\n<p>Ang\u00e8le France est promue Manager au sein de l\u2019\u00e9quipe Croissance apr\u00e8s avoir rejoint Abenex en septembre 2021 en tant que Charg\u00e9e d&rsquo;Affaires.<br \/>\nAng\u00e8le, dipl\u00f4m\u00e9e de l\u2019ESSEC, est intervenue dans l&rsquo;acquisition du groupe IPSSI (\u00e9coles informatiques) et a \u00e9galement \u00e9t\u00e9 impliqu\u00e9e dans la r\u00e9alisation de croissances externes pour Inlog (\u00e9diteur de logiciels pour la transfusion sanguine et les laboratoires hospitaliers).<br \/>\nElle a d\u00e9but\u00e9 sa carri\u00e8re en 2015 au sein de la direction financi\u00e8re d\u2019Herm\u00e8s, \u00e0 Singapour puis \u00e0 Paris, d\u00e9veloppant ainsi une expertise sectorielle dans les biens de consommation. Elle a ensuite pass\u00e9 quatre ans au sein du cabinet EY o\u00f9 elle a \u00e9t\u00e9 impliqu\u00e9e sur des missions vari\u00e9es de due diligence financi\u00e8res, tant pour des fonds d\u2019investissements que pour des clients corporate.<\/p>\n","protected":false},"excerpt":{"rendered":"<p>Acteur historique du march\u00e9 du capital investissement, Abenex est devenue en 15 ans l&rsquo;un des principaux acteurs europ\u00e9ens du du small et mid-market. En 2018, la soci\u00e9t\u00e9 de gestion lan\u00e7ait l\u2019activit\u00e9 Abenex Croissance d\u00e9di\u00e9e aux op\u00e9rations Small-Cap. Dans le cadre du fort d\u00e9veloppement de sa strat\u00e9gie, Abenex renforce l&rsquo;\u00e9quipe Small-Cap en nommant Thomas Peretti associ\u00e9 [&hellip;]<\/p>\n","protected":false},"author":8,"featured_media":3106,"comment_status":"open","ping_status":"open","sticky":false,"template":"","format":"standard","meta":{"footnotes":""},"categories":[105,30],"tags":[],"class_list":["post-11721","post","type-post","status-publish","format-standard","has-post-thumbnail","hentry","category-abenex","category-equipe-abenex"],"acf":[],"yoast_head":"<!-- This site is optimized with the Yoast SEO plugin v27.1.1 - https:\/\/yoast.com\/product\/yoast-seo-wordpress\/ -->\n<title>Abenex affiche ses ambitions en renfor\u00e7ant son \u00e9quipe Small-Cap | Abenex<\/title>\n<meta name=\"description\" content=\"Abenex, leader du capital-investissement, soutient la croissance des PMEs europ\u00e9ennes avec une strat\u00e9gie d&#039;impact et de succ\u00e8s.\" \/>\n<meta name=\"robots\" content=\"index, follow, max-snippet:-1, max-image-preview:large, max-video-preview:-1\" \/>\n<link rel=\"canonical\" href=\"https:\/\/www.abenex.com\/fr\/abenex-renforce-lequipe-croissance\/\" \/>\n<meta property=\"og:locale\" content=\"fr_FR\" \/>\n<meta property=\"og:type\" content=\"article\" \/>\n<meta property=\"og:title\" content=\"Abenex affiche ses ambitions en renfor\u00e7ant son \u00e9quipe Small-Cap | Abenex\" \/>\n<meta property=\"og:description\" content=\"Abenex, leader du capital-investissement, soutient la croissance des PMEs europ\u00e9ennes avec une strat\u00e9gie d&#039;impact et de succ\u00e8s.\" \/>\n<meta property=\"og:url\" content=\"https:\/\/www.abenex.com\/fr\/abenex-renforce-lequipe-croissance\/\" \/>\n<meta property=\"og:site_name\" content=\"Abenex\" \/>\n<meta property=\"article:published_time\" content=\"2023-05-01T13:00:18+00:00\" \/>\n<meta property=\"article:modified_time\" content=\"2024-09-09T13:22:38+00:00\" \/>\n<meta property=\"og:image\" content=\"https:\/\/www.abenex.com\/wp-content\/uploads\/2023\/06\/Placeholder-image8.jpg\" \/>\n\t<meta property=\"og:image:width\" content=\"549\" \/>\n\t<meta property=\"og:image:height\" content=\"440\" \/>\n\t<meta property=\"og:image:type\" content=\"image\/jpeg\" \/>\n<meta name=\"author\" content=\"juliana.chrismousse@abenex.com\" \/>\n<meta name=\"twitter:card\" content=\"summary_large_image\" \/>\n<meta name=\"twitter:label1\" content=\"\u00c9crit par\" \/>\n\t<meta name=\"twitter:data1\" content=\"juliana.chrismousse@abenex.com\" \/>\n\t<meta name=\"twitter:label2\" content=\"Dur\u00e9e de lecture estim\u00e9e\" \/>\n\t<meta name=\"twitter:data2\" content=\"3 minutes\" \/>\n<script type=\"application\/ld+json\" class=\"yoast-schema-graph\">{\"@context\":\"https:\/\/schema.org\",\"@graph\":[{\"@type\":\"Article\",\"@id\":\"https:\/\/www.abenex.com\/fr\/abenex-renforce-lequipe-croissance\/#article\",\"isPartOf\":{\"@id\":\"https:\/\/www.abenex.com\/fr\/abenex-renforce-lequipe-croissance\/\"},\"author\":{\"name\":\"juliana.chrismousse@abenex.com\",\"@id\":\"https:\/\/www.abenex.com\/#\/schema\/person\/57e8110c7a09d3a603d872830770a3e8\"},\"headline\":\"Abenex affiche ses ambitions en renfor\u00e7ant son \u00e9quipe Small-Cap\",\"datePublished\":\"2023-05-01T13:00:18+00:00\",\"dateModified\":\"2024-09-09T13:22:38+00:00\",\"mainEntityOfPage\":{\"@id\":\"https:\/\/www.abenex.com\/fr\/abenex-renforce-lequipe-croissance\/\"},\"wordCount\":774,\"commentCount\":0,\"publisher\":{\"@id\":\"https:\/\/www.abenex.com\/#organization\"},\"image\":{\"@id\":\"https:\/\/www.abenex.com\/fr\/abenex-renforce-lequipe-croissance\/#primaryimage\"},\"thumbnailUrl\":\"https:\/\/www.abenex.com\/wp-content\/uploads\/2023\/06\/Placeholder-image8.jpg\",\"articleSection\":[\"Abenex\",\"\u00c9quipe\"],\"inLanguage\":\"fr-FR\",\"potentialAction\":[{\"@type\":\"CommentAction\",\"name\":\"Comment\",\"target\":[\"https:\/\/www.abenex.com\/fr\/abenex-renforce-lequipe-croissance\/#respond\"]}]},{\"@type\":\"WebPage\",\"@id\":\"https:\/\/www.abenex.com\/fr\/abenex-renforce-lequipe-croissance\/\",\"url\":\"https:\/\/www.abenex.com\/fr\/abenex-renforce-lequipe-croissance\/\",\"name\":\"Abenex affiche ses ambitions en renfor\u00e7ant son \u00e9quipe Small-Cap | Abenex\",\"isPartOf\":{\"@id\":\"https:\/\/www.abenex.com\/#website\"},\"primaryImageOfPage\":{\"@id\":\"https:\/\/www.abenex.com\/fr\/abenex-renforce-lequipe-croissance\/#primaryimage\"},\"image\":{\"@id\":\"https:\/\/www.abenex.com\/fr\/abenex-renforce-lequipe-croissance\/#primaryimage\"},\"thumbnailUrl\":\"https:\/\/www.abenex.com\/wp-content\/uploads\/2023\/06\/Placeholder-image8.jpg\",\"datePublished\":\"2023-05-01T13:00:18+00:00\",\"dateModified\":\"2024-09-09T13:22:38+00:00\",\"description\":\"Abenex, leader du capital-investissement, soutient la croissance des PMEs europ\u00e9ennes avec une strat\u00e9gie d'impact et de succ\u00e8s.\",\"breadcrumb\":{\"@id\":\"https:\/\/www.abenex.com\/fr\/abenex-renforce-lequipe-croissance\/#breadcrumb\"},\"inLanguage\":\"fr-FR\",\"potentialAction\":[{\"@type\":\"ReadAction\",\"target\":[\"https:\/\/www.abenex.com\/fr\/abenex-renforce-lequipe-croissance\/\"]}]},{\"@type\":\"ImageObject\",\"inLanguage\":\"fr-FR\",\"@id\":\"https:\/\/www.abenex.com\/fr\/abenex-renforce-lequipe-croissance\/#primaryimage\",\"url\":\"https:\/\/www.abenex.com\/wp-content\/uploads\/2023\/06\/Placeholder-image8.jpg\",\"contentUrl\":\"https:\/\/www.abenex.com\/wp-content\/uploads\/2023\/06\/Placeholder-image8.jpg\",\"width\":549,\"height\":440,\"caption\":\"Abenex renforce l'\u00e9quipe Croissance\"},{\"@type\":\"BreadcrumbList\",\"@id\":\"https:\/\/www.abenex.com\/fr\/abenex-renforce-lequipe-croissance\/#breadcrumb\",\"itemListElement\":[{\"@type\":\"ListItem\",\"position\":1,\"name\":\"Accueil\",\"item\":\"https:\/\/www.abenex.com\/fr\/\"},{\"@type\":\"ListItem\",\"position\":2,\"name\":\"Abenex affiche ses ambitions en renfor\u00e7ant son \u00e9quipe Small-Cap\"}]},{\"@type\":\"WebSite\",\"@id\":\"https:\/\/www.abenex.com\/#website\",\"url\":\"https:\/\/www.abenex.com\/\",\"name\":\"Abenex - Investing with purpose\",\"description\":\"Investing with purpose\",\"publisher\":{\"@id\":\"https:\/\/www.abenex.com\/#organization\"},\"potentialAction\":[{\"@type\":\"SearchAction\",\"target\":{\"@type\":\"EntryPoint\",\"urlTemplate\":\"https:\/\/www.abenex.com\/?s={search_term_string}\"},\"query-input\":{\"@type\":\"PropertyValueSpecification\",\"valueRequired\":true,\"valueName\":\"search_term_string\"}}],\"inLanguage\":\"fr-FR\"},{\"@type\":\"Organization\",\"@id\":\"https:\/\/www.abenex.com\/#organization\",\"name\":\"Abenex - Investing with purpose\",\"url\":\"https:\/\/www.abenex.com\/\",\"logo\":{\"@type\":\"ImageObject\",\"inLanguage\":\"fr-FR\",\"@id\":\"https:\/\/www.abenex.com\/#\/schema\/logo\/image\/\",\"url\":\"https:\/\/www.abenex.com\/wp-content\/uploads\/2023\/05\/FULL-LOGO-NOIR-BLEU-1.svg\",\"contentUrl\":\"https:\/\/www.abenex.com\/wp-content\/uploads\/2023\/05\/FULL-LOGO-NOIR-BLEU-1.svg\",\"width\":166,\"height\":34,\"caption\":\"Abenex - Investing with purpose\"},\"image\":{\"@id\":\"https:\/\/www.abenex.com\/#\/schema\/logo\/image\/\"}},{\"@type\":\"Person\",\"@id\":\"https:\/\/www.abenex.com\/#\/schema\/person\/57e8110c7a09d3a603d872830770a3e8\",\"name\":\"juliana.chrismousse@abenex.com\",\"image\":{\"@type\":\"ImageObject\",\"inLanguage\":\"fr-FR\",\"@id\":\"https:\/\/www.abenex.com\/#\/schema\/person\/image\/\",\"url\":\"https:\/\/secure.gravatar.com\/avatar\/2e0d9c3abea5ad58eb4bf13f2a97a100098248e4011de392f528414b62c4d003?s=96&d=mm&r=g\",\"contentUrl\":\"https:\/\/secure.gravatar.com\/avatar\/2e0d9c3abea5ad58eb4bf13f2a97a100098248e4011de392f528414b62c4d003?s=96&d=mm&r=g\",\"caption\":\"juliana.chrismousse@abenex.com\"}}]}<\/script>\n<!-- \/ Yoast SEO plugin. -->","yoast_head_json":{"title":"Abenex affiche ses ambitions en renfor\u00e7ant son \u00e9quipe Small-Cap | Abenex","description":"Abenex, leader du capital-investissement, soutient la croissance des PMEs europ\u00e9ennes avec une strat\u00e9gie d'impact et de succ\u00e8s.","robots":{"index":"index","follow":"follow","max-snippet":"max-snippet:-1","max-image-preview":"max-image-preview:large","max-video-preview":"max-video-preview:-1"},"canonical":"https:\/\/www.abenex.com\/fr\/abenex-renforce-lequipe-croissance\/","og_locale":"fr_FR","og_type":"article","og_title":"Abenex affiche ses ambitions en renfor\u00e7ant son \u00e9quipe Small-Cap | Abenex","og_description":"Abenex, leader du capital-investissement, soutient la croissance des PMEs europ\u00e9ennes avec une strat\u00e9gie d'impact et de succ\u00e8s.","og_url":"https:\/\/www.abenex.com\/fr\/abenex-renforce-lequipe-croissance\/","og_site_name":"Abenex","article_published_time":"2023-05-01T13:00:18+00:00","article_modified_time":"2024-09-09T13:22:38+00:00","og_image":[{"width":549,"height":440,"url":"https:\/\/www.abenex.com\/wp-content\/uploads\/2023\/06\/Placeholder-image8.jpg","type":"image\/jpeg"}],"author":"juliana.chrismousse@abenex.com","twitter_card":"summary_large_image","twitter_misc":{"\u00c9crit par":"juliana.chrismousse@abenex.com","Dur\u00e9e de lecture estim\u00e9e":"3 minutes"},"schema":{"@context":"https:\/\/schema.org","@graph":[{"@type":"Article","@id":"https:\/\/www.abenex.com\/fr\/abenex-renforce-lequipe-croissance\/#article","isPartOf":{"@id":"https:\/\/www.abenex.com\/fr\/abenex-renforce-lequipe-croissance\/"},"author":{"name":"juliana.chrismousse@abenex.com","@id":"https:\/\/www.abenex.com\/#\/schema\/person\/57e8110c7a09d3a603d872830770a3e8"},"headline":"Abenex affiche ses ambitions en renfor\u00e7ant son \u00e9quipe Small-Cap","datePublished":"2023-05-01T13:00:18+00:00","dateModified":"2024-09-09T13:22:38+00:00","mainEntityOfPage":{"@id":"https:\/\/www.abenex.com\/fr\/abenex-renforce-lequipe-croissance\/"},"wordCount":774,"commentCount":0,"publisher":{"@id":"https:\/\/www.abenex.com\/#organization"},"image":{"@id":"https:\/\/www.abenex.com\/fr\/abenex-renforce-lequipe-croissance\/#primaryimage"},"thumbnailUrl":"https:\/\/www.abenex.com\/wp-content\/uploads\/2023\/06\/Placeholder-image8.jpg","articleSection":["Abenex","\u00c9quipe"],"inLanguage":"fr-FR","potentialAction":[{"@type":"CommentAction","name":"Comment","target":["https:\/\/www.abenex.com\/fr\/abenex-renforce-lequipe-croissance\/#respond"]}]},{"@type":"WebPage","@id":"https:\/\/www.abenex.com\/fr\/abenex-renforce-lequipe-croissance\/","url":"https:\/\/www.abenex.com\/fr\/abenex-renforce-lequipe-croissance\/","name":"Abenex affiche ses ambitions en renfor\u00e7ant son \u00e9quipe Small-Cap | Abenex","isPartOf":{"@id":"https:\/\/www.abenex.com\/#website"},"primaryImageOfPage":{"@id":"https:\/\/www.abenex.com\/fr\/abenex-renforce-lequipe-croissance\/#primaryimage"},"image":{"@id":"https:\/\/www.abenex.com\/fr\/abenex-renforce-lequipe-croissance\/#primaryimage"},"thumbnailUrl":"https:\/\/www.abenex.com\/wp-content\/uploads\/2023\/06\/Placeholder-image8.jpg","datePublished":"2023-05-01T13:00:18+00:00","dateModified":"2024-09-09T13:22:38+00:00","description":"Abenex, leader du capital-investissement, soutient la croissance des PMEs europ\u00e9ennes avec une strat\u00e9gie d'impact et de succ\u00e8s.","breadcrumb":{"@id":"https:\/\/www.abenex.com\/fr\/abenex-renforce-lequipe-croissance\/#breadcrumb"},"inLanguage":"fr-FR","potentialAction":[{"@type":"ReadAction","target":["https:\/\/www.abenex.com\/fr\/abenex-renforce-lequipe-croissance\/"]}]},{"@type":"ImageObject","inLanguage":"fr-FR","@id":"https:\/\/www.abenex.com\/fr\/abenex-renforce-lequipe-croissance\/#primaryimage","url":"https:\/\/www.abenex.com\/wp-content\/uploads\/2023\/06\/Placeholder-image8.jpg","contentUrl":"https:\/\/www.abenex.com\/wp-content\/uploads\/2023\/06\/Placeholder-image8.jpg","width":549,"height":440,"caption":"Abenex renforce l'\u00e9quipe Croissance"},{"@type":"BreadcrumbList","@id":"https:\/\/www.abenex.com\/fr\/abenex-renforce-lequipe-croissance\/#breadcrumb","itemListElement":[{"@type":"ListItem","position":1,"name":"Accueil","item":"https:\/\/www.abenex.com\/fr\/"},{"@type":"ListItem","position":2,"name":"Abenex affiche ses ambitions en renfor\u00e7ant son \u00e9quipe Small-Cap"}]},{"@type":"WebSite","@id":"https:\/\/www.abenex.com\/#website","url":"https:\/\/www.abenex.com\/","name":"Abenex - Investing with purpose","description":"Investing with purpose","publisher":{"@id":"https:\/\/www.abenex.com\/#organization"},"potentialAction":[{"@type":"SearchAction","target":{"@type":"EntryPoint","urlTemplate":"https:\/\/www.abenex.com\/?s={search_term_string}"},"query-input":{"@type":"PropertyValueSpecification","valueRequired":true,"valueName":"search_term_string"}}],"inLanguage":"fr-FR"},{"@type":"Organization","@id":"https:\/\/www.abenex.com\/#organization","name":"Abenex - Investing with purpose","url":"https:\/\/www.abenex.com\/","logo":{"@type":"ImageObject","inLanguage":"fr-FR","@id":"https:\/\/www.abenex.com\/#\/schema\/logo\/image\/","url":"https:\/\/www.abenex.com\/wp-content\/uploads\/2023\/05\/FULL-LOGO-NOIR-BLEU-1.svg","contentUrl":"https:\/\/www.abenex.com\/wp-content\/uploads\/2023\/05\/FULL-LOGO-NOIR-BLEU-1.svg","width":166,"height":34,"caption":"Abenex - Investing with purpose"},"image":{"@id":"https:\/\/www.abenex.com\/#\/schema\/logo\/image\/"}},{"@type":"Person","@id":"https:\/\/www.abenex.com\/#\/schema\/person\/57e8110c7a09d3a603d872830770a3e8","name":"juliana.chrismousse@abenex.com","image":{"@type":"ImageObject","inLanguage":"fr-FR","@id":"https:\/\/www.abenex.com\/#\/schema\/person\/image\/","url":"https:\/\/secure.gravatar.com\/avatar\/2e0d9c3abea5ad58eb4bf13f2a97a100098248e4011de392f528414b62c4d003?s=96&d=mm&r=g","contentUrl":"https:\/\/secure.gravatar.com\/avatar\/2e0d9c3abea5ad58eb4bf13f2a97a100098248e4011de392f528414b62c4d003?s=96&d=mm&r=g","caption":"juliana.chrismousse@abenex.com"}}]}},"_links":{"self":[{"href":"https:\/\/www.abenex.com\/fr\/wp-json\/wp\/v2\/posts\/11721","targetHints":{"allow":["GET"]}}],"collection":[{"href":"https:\/\/www.abenex.com\/fr\/wp-json\/wp\/v2\/posts"}],"about":[{"href":"https:\/\/www.abenex.com\/fr\/wp-json\/wp\/v2\/types\/post"}],"author":[{"embeddable":true,"href":"https:\/\/www.abenex.com\/fr\/wp-json\/wp\/v2\/users\/8"}],"replies":[{"embeddable":true,"href":"https:\/\/www.abenex.com\/fr\/wp-json\/wp\/v2\/comments?post=11721"}],"version-history":[{"count":5,"href":"https:\/\/www.abenex.com\/fr\/wp-json\/wp\/v2\/posts\/11721\/revisions"}],"predecessor-version":[{"id":13441,"href":"https:\/\/www.abenex.com\/fr\/wp-json\/wp\/v2\/posts\/11721\/revisions\/13441"}],"wp:featuredmedia":[{"embeddable":true,"href":"https:\/\/www.abenex.com\/fr\/wp-json\/wp\/v2\/media\/3106"}],"wp:attachment":[{"href":"https:\/\/www.abenex.com\/fr\/wp-json\/wp\/v2\/media?parent=11721"}],"wp:term":[{"taxonomy":"category","embeddable":true,"href":"https:\/\/www.abenex.com\/fr\/wp-json\/wp\/v2\/categories?post=11721"},{"taxonomy":"post_tag","embeddable":true,"href":"https:\/\/www.abenex.com\/fr\/wp-json\/wp\/v2\/tags?post=11721"}],"curies":[{"name":"wp","href":"https:\/\/api.w.org\/{rel}","templated":true}]}}