    
{"id":11964,"date":"2023-12-12T12:19:38","date_gmt":"2023-12-12T11:19:38","guid":{"rendered":"https:\/\/www.abenex.com\/?p=11964"},"modified":"2023-12-21T09:53:54","modified_gmt":"2023-12-21T08:53:54","slug":"marie-raphaelle-de-wissocq-est-promue-directrice-au-sein-de-lequipe-mid-cap","status":"publish","type":"post","link":"https:\/\/www.abenex.com\/fr\/marie-raphaelle-de-wissocq-est-promue-directrice-au-sein-de-lequipe-mid-cap\/","title":{"rendered":"Marie-Rapha\u00eblle de Wissocq est promue Directrice au sein de l&rsquo;\u00e9quipe Mid-Cap"},"content":{"rendered":"<p>Marie-Rapha\u00eblle de Wissocq est promue Directrice au sein de l&rsquo;\u00e9quipe Mid-Cap qu&rsquo;elle a rejoint en janvier 2022 afin d\u2019accompagner le fort d\u00e9veloppement de la strat\u00e9gie d\u2019Ab\u00e9nex.<\/p>\n<p>Marie-Rapha\u00eblle travaille depuis plus de 10 ans dans le domaine de la finance\u00a0: elle a eu une exp\u00e9rience de plus de 6 ans chez Eight Advisory, o\u00f9 elle est intervenue sur diverses missions de due diligence dans le cadre de transactions Mid et Large Cap pour le compte de fonds d\u2019investissement et d\u2019entreprises fran\u00e7aises et internationales. Auparavant, elle avait d\u00e9but\u00e9 sa carri\u00e8re chez EY. Marie-Rapha\u00eblle dispose d\u2019une expertise sectorielle dans les logiciels, les TIC (Testing, Inspection et Certification) et la distribution.<\/p>\n<p>&nbsp;<\/p>\n","protected":false},"excerpt":{"rendered":"<p>Marie-Rapha\u00eblle de Wissocq est promue Directrice au sein de l&rsquo;\u00e9quipe Mid-Cap qu&rsquo;elle a rejoint en janvier 2022 afin d\u2019accompagner le fort d\u00e9veloppement de la strat\u00e9gie d\u2019Ab\u00e9nex. Marie-Rapha\u00eblle travaille depuis plus de 10 ans dans le domaine de la finance\u00a0: elle a eu une exp\u00e9rience de plus de 6 ans chez Eight Advisory, o\u00f9 elle est [&hellip;]<\/p>\n","protected":false},"author":8,"featured_media":11996,"comment_status":"open","ping_status":"open","sticky":false,"template":"","format":"standard","meta":{"footnotes":""},"categories":[30],"tags":[],"class_list":["post-11964","post","type-post","status-publish","format-standard","has-post-thumbnail","hentry","category-equipe-abenex"],"acf":[],"yoast_head":"<!-- This site is optimized with the Yoast SEO plugin v27.1.1 - https:\/\/yoast.com\/product\/yoast-seo-wordpress\/ -->\n<title>Marie-Rapha\u00eblle de Wissocq est promue Directrice au sein de l&#039;\u00e9quipe Mid-Cap | Abenex<\/title>\n<meta name=\"description\" content=\"Marie-Rapha\u00eblle de WissocqMarie-Rapha\u00eblle de Wissocq est promue Directrice au sein de l&#039;\u00e9quipe Mid-Cap\" \/>\n<meta name=\"robots\" content=\"index, follow, max-snippet:-1, max-image-preview:large, max-video-preview:-1\" \/>\n<link rel=\"canonical\" href=\"https:\/\/www.abenex.com\/fr\/marie-raphaelle-de-wissocq-est-promue-directrice-au-sein-de-lequipe-mid-cap\/\" \/>\n<meta property=\"og:locale\" content=\"fr_FR\" \/>\n<meta property=\"og:type\" content=\"article\" \/>\n<meta property=\"og:title\" content=\"Marie-Rapha\u00eblle de Wissocq est promue Directrice au sein de l&#039;\u00e9quipe Mid-Cap | Abenex\" \/>\n<meta property=\"og:description\" content=\"Marie-Rapha\u00eblle de WissocqMarie-Rapha\u00eblle de Wissocq est promue Directrice au sein de l&#039;\u00e9quipe Mid-Cap\" \/>\n<meta property=\"og:url\" content=\"https:\/\/www.abenex.com\/fr\/marie-raphaelle-de-wissocq-est-promue-directrice-au-sein-de-lequipe-mid-cap\/\" \/>\n<meta property=\"og:site_name\" content=\"Abenex\" \/>\n<meta property=\"article:published_time\" content=\"2023-12-12T11:19:38+00:00\" \/>\n<meta property=\"article:modified_time\" content=\"2023-12-21T08:53:54+00:00\" \/>\n<meta property=\"og:image\" content=\"https:\/\/www.abenex.com\/wp-content\/uploads\/2023\/12\/Design-sans-titre.png\" \/>\n\t<meta property=\"og:image:width\" content=\"389\" \/>\n\t<meta property=\"og:image:height\" content=\"263\" \/>\n\t<meta property=\"og:image:type\" content=\"image\/png\" \/>\n<meta name=\"author\" content=\"juliana.chrismousse@abenex.com\" \/>\n<meta name=\"twitter:card\" content=\"summary_large_image\" \/>\n<meta name=\"twitter:label1\" content=\"\u00c9crit par\" \/>\n\t<meta name=\"twitter:data1\" content=\"juliana.chrismousse@abenex.com\" \/>\n\t<meta name=\"twitter:label2\" content=\"Dur\u00e9e de lecture estim\u00e9e\" \/>\n\t<meta name=\"twitter:data2\" content=\"1 minute\" \/>\n<script type=\"application\/ld+json\" class=\"yoast-schema-graph\">{\"@context\":\"https:\/\/schema.org\",\"@graph\":[{\"@type\":\"Article\",\"@id\":\"https:\/\/www.abenex.com\/fr\/marie-raphaelle-de-wissocq-est-promue-directrice-au-sein-de-lequipe-mid-cap\/#article\",\"isPartOf\":{\"@id\":\"https:\/\/www.abenex.com\/fr\/marie-raphaelle-de-wissocq-est-promue-directrice-au-sein-de-lequipe-mid-cap\/\"},\"author\":{\"name\":\"juliana.chrismousse@abenex.com\",\"@id\":\"https:\/\/www.abenex.com\/#\/schema\/person\/57e8110c7a09d3a603d872830770a3e8\"},\"headline\":\"Marie-Rapha\u00eblle de Wissocq est promue Directrice au sein de l&rsquo;\u00e9quipe Mid-Cap\",\"datePublished\":\"2023-12-12T11:19:38+00:00\",\"dateModified\":\"2023-12-21T08:53:54+00:00\",\"mainEntityOfPage\":{\"@id\":\"https:\/\/www.abenex.com\/fr\/marie-raphaelle-de-wissocq-est-promue-directrice-au-sein-de-lequipe-mid-cap\/\"},\"wordCount\":134,\"commentCount\":0,\"publisher\":{\"@id\":\"https:\/\/www.abenex.com\/#organization\"},\"image\":{\"@id\":\"https:\/\/www.abenex.com\/fr\/marie-raphaelle-de-wissocq-est-promue-directrice-au-sein-de-lequipe-mid-cap\/#primaryimage\"},\"thumbnailUrl\":\"https:\/\/www.abenex.com\/wp-content\/uploads\/2023\/12\/Design-sans-titre.png\",\"articleSection\":[\"\u00c9quipe\"],\"inLanguage\":\"fr-FR\",\"potentialAction\":[{\"@type\":\"CommentAction\",\"name\":\"Comment\",\"target\":[\"https:\/\/www.abenex.com\/fr\/marie-raphaelle-de-wissocq-est-promue-directrice-au-sein-de-lequipe-mid-cap\/#respond\"]}]},{\"@type\":\"WebPage\",\"@id\":\"https:\/\/www.abenex.com\/fr\/marie-raphaelle-de-wissocq-est-promue-directrice-au-sein-de-lequipe-mid-cap\/\",\"url\":\"https:\/\/www.abenex.com\/fr\/marie-raphaelle-de-wissocq-est-promue-directrice-au-sein-de-lequipe-mid-cap\/\",\"name\":\"Marie-Rapha\u00eblle de Wissocq est promue Directrice au sein de l'\u00e9quipe Mid-Cap | Abenex\",\"isPartOf\":{\"@id\":\"https:\/\/www.abenex.com\/#website\"},\"primaryImageOfPage\":{\"@id\":\"https:\/\/www.abenex.com\/fr\/marie-raphaelle-de-wissocq-est-promue-directrice-au-sein-de-lequipe-mid-cap\/#primaryimage\"},\"image\":{\"@id\":\"https:\/\/www.abenex.com\/fr\/marie-raphaelle-de-wissocq-est-promue-directrice-au-sein-de-lequipe-mid-cap\/#primaryimage\"},\"thumbnailUrl\":\"https:\/\/www.abenex.com\/wp-content\/uploads\/2023\/12\/Design-sans-titre.png\",\"datePublished\":\"2023-12-12T11:19:38+00:00\",\"dateModified\":\"2023-12-21T08:53:54+00:00\",\"description\":\"Marie-Rapha\u00eblle de WissocqMarie-Rapha\u00eblle de Wissocq est promue Directrice au sein de l'\u00e9quipe Mid-Cap\",\"breadcrumb\":{\"@id\":\"https:\/\/www.abenex.com\/fr\/marie-raphaelle-de-wissocq-est-promue-directrice-au-sein-de-lequipe-mid-cap\/#breadcrumb\"},\"inLanguage\":\"fr-FR\",\"potentialAction\":[{\"@type\":\"ReadAction\",\"target\":[\"https:\/\/www.abenex.com\/fr\/marie-raphaelle-de-wissocq-est-promue-directrice-au-sein-de-lequipe-mid-cap\/\"]}]},{\"@type\":\"ImageObject\",\"inLanguage\":\"fr-FR\",\"@id\":\"https:\/\/www.abenex.com\/fr\/marie-raphaelle-de-wissocq-est-promue-directrice-au-sein-de-lequipe-mid-cap\/#primaryimage\",\"url\":\"https:\/\/www.abenex.com\/wp-content\/uploads\/2023\/12\/Design-sans-titre.png\",\"contentUrl\":\"https:\/\/www.abenex.com\/wp-content\/uploads\/2023\/12\/Design-sans-titre.png\",\"width\":389,\"height\":263,\"caption\":\"DE WISSOCQ MarieRaphaelle\"},{\"@type\":\"BreadcrumbList\",\"@id\":\"https:\/\/www.abenex.com\/fr\/marie-raphaelle-de-wissocq-est-promue-directrice-au-sein-de-lequipe-mid-cap\/#breadcrumb\",\"itemListElement\":[{\"@type\":\"ListItem\",\"position\":1,\"name\":\"Accueil\",\"item\":\"https:\/\/www.abenex.com\/fr\/\"},{\"@type\":\"ListItem\",\"position\":2,\"name\":\"Marie-Rapha\u00eblle de Wissocq est promue Directrice au sein de l&#8217;\u00e9quipe Mid-Cap\"}]},{\"@type\":\"WebSite\",\"@id\":\"https:\/\/www.abenex.com\/#website\",\"url\":\"https:\/\/www.abenex.com\/\",\"name\":\"Abenex - Investing with purpose\",\"description\":\"Investing with purpose\",\"publisher\":{\"@id\":\"https:\/\/www.abenex.com\/#organization\"},\"potentialAction\":[{\"@type\":\"SearchAction\",\"target\":{\"@type\":\"EntryPoint\",\"urlTemplate\":\"https:\/\/www.abenex.com\/?s={search_term_string}\"},\"query-input\":{\"@type\":\"PropertyValueSpecification\",\"valueRequired\":true,\"valueName\":\"search_term_string\"}}],\"inLanguage\":\"fr-FR\"},{\"@type\":\"Organization\",\"@id\":\"https:\/\/www.abenex.com\/#organization\",\"name\":\"Abenex - Investing with purpose\",\"url\":\"https:\/\/www.abenex.com\/\",\"logo\":{\"@type\":\"ImageObject\",\"inLanguage\":\"fr-FR\",\"@id\":\"https:\/\/www.abenex.com\/#\/schema\/logo\/image\/\",\"url\":\"https:\/\/www.abenex.com\/wp-content\/uploads\/2023\/05\/FULL-LOGO-NOIR-BLEU-1.svg\",\"contentUrl\":\"https:\/\/www.abenex.com\/wp-content\/uploads\/2023\/05\/FULL-LOGO-NOIR-BLEU-1.svg\",\"width\":166,\"height\":34,\"caption\":\"Abenex - Investing with purpose\"},\"image\":{\"@id\":\"https:\/\/www.abenex.com\/#\/schema\/logo\/image\/\"}},{\"@type\":\"Person\",\"@id\":\"https:\/\/www.abenex.com\/#\/schema\/person\/57e8110c7a09d3a603d872830770a3e8\",\"name\":\"juliana.chrismousse@abenex.com\",\"image\":{\"@type\":\"ImageObject\",\"inLanguage\":\"fr-FR\",\"@id\":\"https:\/\/www.abenex.com\/#\/schema\/person\/image\/\",\"url\":\"https:\/\/secure.gravatar.com\/avatar\/2e0d9c3abea5ad58eb4bf13f2a97a100098248e4011de392f528414b62c4d003?s=96&d=mm&r=g\",\"contentUrl\":\"https:\/\/secure.gravatar.com\/avatar\/2e0d9c3abea5ad58eb4bf13f2a97a100098248e4011de392f528414b62c4d003?s=96&d=mm&r=g\",\"caption\":\"juliana.chrismousse@abenex.com\"}}]}<\/script>\n<!-- \/ Yoast SEO plugin. -->","yoast_head_json":{"title":"Marie-Rapha\u00eblle de Wissocq est promue Directrice au sein de l'\u00e9quipe Mid-Cap | Abenex","description":"Marie-Rapha\u00eblle de WissocqMarie-Rapha\u00eblle de Wissocq est promue Directrice au sein de l'\u00e9quipe Mid-Cap","robots":{"index":"index","follow":"follow","max-snippet":"max-snippet:-1","max-image-preview":"max-image-preview:large","max-video-preview":"max-video-preview:-1"},"canonical":"https:\/\/www.abenex.com\/fr\/marie-raphaelle-de-wissocq-est-promue-directrice-au-sein-de-lequipe-mid-cap\/","og_locale":"fr_FR","og_type":"article","og_title":"Marie-Rapha\u00eblle de Wissocq est promue Directrice au sein de l'\u00e9quipe Mid-Cap | Abenex","og_description":"Marie-Rapha\u00eblle de WissocqMarie-Rapha\u00eblle de Wissocq est promue Directrice au sein de l'\u00e9quipe Mid-Cap","og_url":"https:\/\/www.abenex.com\/fr\/marie-raphaelle-de-wissocq-est-promue-directrice-au-sein-de-lequipe-mid-cap\/","og_site_name":"Abenex","article_published_time":"2023-12-12T11:19:38+00:00","article_modified_time":"2023-12-21T08:53:54+00:00","og_image":[{"width":389,"height":263,"url":"https:\/\/www.abenex.com\/wp-content\/uploads\/2023\/12\/Design-sans-titre.png","type":"image\/png"}],"author":"juliana.chrismousse@abenex.com","twitter_card":"summary_large_image","twitter_misc":{"\u00c9crit par":"juliana.chrismousse@abenex.com","Dur\u00e9e de lecture estim\u00e9e":"1 minute"},"schema":{"@context":"https:\/\/schema.org","@graph":[{"@type":"Article","@id":"https:\/\/www.abenex.com\/fr\/marie-raphaelle-de-wissocq-est-promue-directrice-au-sein-de-lequipe-mid-cap\/#article","isPartOf":{"@id":"https:\/\/www.abenex.com\/fr\/marie-raphaelle-de-wissocq-est-promue-directrice-au-sein-de-lequipe-mid-cap\/"},"author":{"name":"juliana.chrismousse@abenex.com","@id":"https:\/\/www.abenex.com\/#\/schema\/person\/57e8110c7a09d3a603d872830770a3e8"},"headline":"Marie-Rapha\u00eblle de Wissocq est promue Directrice au sein de l&rsquo;\u00e9quipe Mid-Cap","datePublished":"2023-12-12T11:19:38+00:00","dateModified":"2023-12-21T08:53:54+00:00","mainEntityOfPage":{"@id":"https:\/\/www.abenex.com\/fr\/marie-raphaelle-de-wissocq-est-promue-directrice-au-sein-de-lequipe-mid-cap\/"},"wordCount":134,"commentCount":0,"publisher":{"@id":"https:\/\/www.abenex.com\/#organization"},"image":{"@id":"https:\/\/www.abenex.com\/fr\/marie-raphaelle-de-wissocq-est-promue-directrice-au-sein-de-lequipe-mid-cap\/#primaryimage"},"thumbnailUrl":"https:\/\/www.abenex.com\/wp-content\/uploads\/2023\/12\/Design-sans-titre.png","articleSection":["\u00c9quipe"],"inLanguage":"fr-FR","potentialAction":[{"@type":"CommentAction","name":"Comment","target":["https:\/\/www.abenex.com\/fr\/marie-raphaelle-de-wissocq-est-promue-directrice-au-sein-de-lequipe-mid-cap\/#respond"]}]},{"@type":"WebPage","@id":"https:\/\/www.abenex.com\/fr\/marie-raphaelle-de-wissocq-est-promue-directrice-au-sein-de-lequipe-mid-cap\/","url":"https:\/\/www.abenex.com\/fr\/marie-raphaelle-de-wissocq-est-promue-directrice-au-sein-de-lequipe-mid-cap\/","name":"Marie-Rapha\u00eblle de Wissocq est promue Directrice au sein de l'\u00e9quipe Mid-Cap | Abenex","isPartOf":{"@id":"https:\/\/www.abenex.com\/#website"},"primaryImageOfPage":{"@id":"https:\/\/www.abenex.com\/fr\/marie-raphaelle-de-wissocq-est-promue-directrice-au-sein-de-lequipe-mid-cap\/#primaryimage"},"image":{"@id":"https:\/\/www.abenex.com\/fr\/marie-raphaelle-de-wissocq-est-promue-directrice-au-sein-de-lequipe-mid-cap\/#primaryimage"},"thumbnailUrl":"https:\/\/www.abenex.com\/wp-content\/uploads\/2023\/12\/Design-sans-titre.png","datePublished":"2023-12-12T11:19:38+00:00","dateModified":"2023-12-21T08:53:54+00:00","description":"Marie-Rapha\u00eblle de WissocqMarie-Rapha\u00eblle de Wissocq est promue Directrice au sein de l'\u00e9quipe Mid-Cap","breadcrumb":{"@id":"https:\/\/www.abenex.com\/fr\/marie-raphaelle-de-wissocq-est-promue-directrice-au-sein-de-lequipe-mid-cap\/#breadcrumb"},"inLanguage":"fr-FR","potentialAction":[{"@type":"ReadAction","target":["https:\/\/www.abenex.com\/fr\/marie-raphaelle-de-wissocq-est-promue-directrice-au-sein-de-lequipe-mid-cap\/"]}]},{"@type":"ImageObject","inLanguage":"fr-FR","@id":"https:\/\/www.abenex.com\/fr\/marie-raphaelle-de-wissocq-est-promue-directrice-au-sein-de-lequipe-mid-cap\/#primaryimage","url":"https:\/\/www.abenex.com\/wp-content\/uploads\/2023\/12\/Design-sans-titre.png","contentUrl":"https:\/\/www.abenex.com\/wp-content\/uploads\/2023\/12\/Design-sans-titre.png","width":389,"height":263,"caption":"DE WISSOCQ MarieRaphaelle"},{"@type":"BreadcrumbList","@id":"https:\/\/www.abenex.com\/fr\/marie-raphaelle-de-wissocq-est-promue-directrice-au-sein-de-lequipe-mid-cap\/#breadcrumb","itemListElement":[{"@type":"ListItem","position":1,"name":"Accueil","item":"https:\/\/www.abenex.com\/fr\/"},{"@type":"ListItem","position":2,"name":"Marie-Rapha\u00eblle de Wissocq est promue Directrice au sein de l&#8217;\u00e9quipe Mid-Cap"}]},{"@type":"WebSite","@id":"https:\/\/www.abenex.com\/#website","url":"https:\/\/www.abenex.com\/","name":"Abenex - Investing with purpose","description":"Investing with purpose","publisher":{"@id":"https:\/\/www.abenex.com\/#organization"},"potentialAction":[{"@type":"SearchAction","target":{"@type":"EntryPoint","urlTemplate":"https:\/\/www.abenex.com\/?s={search_term_string}"},"query-input":{"@type":"PropertyValueSpecification","valueRequired":true,"valueName":"search_term_string"}}],"inLanguage":"fr-FR"},{"@type":"Organization","@id":"https:\/\/www.abenex.com\/#organization","name":"Abenex - Investing with purpose","url":"https:\/\/www.abenex.com\/","logo":{"@type":"ImageObject","inLanguage":"fr-FR","@id":"https:\/\/www.abenex.com\/#\/schema\/logo\/image\/","url":"https:\/\/www.abenex.com\/wp-content\/uploads\/2023\/05\/FULL-LOGO-NOIR-BLEU-1.svg","contentUrl":"https:\/\/www.abenex.com\/wp-content\/uploads\/2023\/05\/FULL-LOGO-NOIR-BLEU-1.svg","width":166,"height":34,"caption":"Abenex - Investing with purpose"},"image":{"@id":"https:\/\/www.abenex.com\/#\/schema\/logo\/image\/"}},{"@type":"Person","@id":"https:\/\/www.abenex.com\/#\/schema\/person\/57e8110c7a09d3a603d872830770a3e8","name":"juliana.chrismousse@abenex.com","image":{"@type":"ImageObject","inLanguage":"fr-FR","@id":"https:\/\/www.abenex.com\/#\/schema\/person\/image\/","url":"https:\/\/secure.gravatar.com\/avatar\/2e0d9c3abea5ad58eb4bf13f2a97a100098248e4011de392f528414b62c4d003?s=96&d=mm&r=g","contentUrl":"https:\/\/secure.gravatar.com\/avatar\/2e0d9c3abea5ad58eb4bf13f2a97a100098248e4011de392f528414b62c4d003?s=96&d=mm&r=g","caption":"juliana.chrismousse@abenex.com"}}]}},"_links":{"self":[{"href":"https:\/\/www.abenex.com\/fr\/wp-json\/wp\/v2\/posts\/11964","targetHints":{"allow":["GET"]}}],"collection":[{"href":"https:\/\/www.abenex.com\/fr\/wp-json\/wp\/v2\/posts"}],"about":[{"href":"https:\/\/www.abenex.com\/fr\/wp-json\/wp\/v2\/types\/post"}],"author":[{"embeddable":true,"href":"https:\/\/www.abenex.com\/fr\/wp-json\/wp\/v2\/users\/8"}],"replies":[{"embeddable":true,"href":"https:\/\/www.abenex.com\/fr\/wp-json\/wp\/v2\/comments?post=11964"}],"version-history":[{"count":4,"href":"https:\/\/www.abenex.com\/fr\/wp-json\/wp\/v2\/posts\/11964\/revisions"}],"predecessor-version":[{"id":12323,"href":"https:\/\/www.abenex.com\/fr\/wp-json\/wp\/v2\/posts\/11964\/revisions\/12323"}],"wp:featuredmedia":[{"embeddable":true,"href":"https:\/\/www.abenex.com\/fr\/wp-json\/wp\/v2\/media\/11996"}],"wp:attachment":[{"href":"https:\/\/www.abenex.com\/fr\/wp-json\/wp\/v2\/media?parent=11964"}],"wp:term":[{"taxonomy":"category","embeddable":true,"href":"https:\/\/www.abenex.com\/fr\/wp-json\/wp\/v2\/categories?post=11964"},{"taxonomy":"post_tag","embeddable":true,"href":"https:\/\/www.abenex.com\/fr\/wp-json\/wp\/v2\/tags?post=11964"}],"curies":[{"name":"wp","href":"https:\/\/api.w.org\/{rel}","templated":true}]}}