    
{"id":12346,"date":"2024-02-14T10:14:21","date_gmt":"2024-02-14T09:14:21","guid":{"rendered":"https:\/\/www.abenex.com\/?p=12346"},"modified":"2024-03-11T16:14:02","modified_gmt":"2024-03-11T15:14:02","slug":"aerow-annonce-lacquisition-dadikts","status":"publish","type":"post","link":"https:\/\/www.abenex.com\/fr\/aerow-annonce-lacquisition-dadikts\/","title":{"rendered":"Aerow annonce l\u2019acquisition d\u2019Adikts"},"content":{"rendered":"<p><strong>Aerow<\/strong>, ESN leader en gestion de contenu d&rsquo;entreprise (ECM), annonce l&rsquo;acquisition d&rsquo;<strong>Adikts<\/strong>, cabinet de conseil sp\u00e9cialis\u00e9 dans le Cloud public, DevOps, la s\u00e9curit\u00e9, ainsi que les soci\u00e9t\u00e9s de d\u00e9veloppement Web et Data.<\/p>\n<p>&nbsp;<\/p>\n<p>&nbsp;<\/p>\n<p>Fond\u00e9 en 2018, Adikts, accompagne ses clients dans leurs projets de migration des syst\u00e8mes d&rsquo;information vers le cloud AWS, en concevant des architectures cloud, en refactorisant des applications et en d\u00e9veloppant des applications cloud natives.<\/p>\n<p>La soci\u00e9t\u00e9, reconnue pour son important savoir-faire technique, propose diff\u00e9rentes solutions\u00a0: AWS Cloud Building, DevOps &amp; DevSecOps, ainsi qu&rsquo;en Web &amp; Data Coding.<\/p>\n<p>&nbsp;<\/p>\n<p>Cette acquisition est la premi\u00e8re op\u00e9ration de croissance externe depuis la reprise du groupe Aerow par Abenex en f\u00e9vrier 2020. Ce partenariat strat\u00e9gique \u00e9largit la gamme de services propos\u00e9s par Aerow, lui permettant ainsi d&rsquo;assister ses clients et partenaires dans la concr\u00e9tisation de leurs strat\u00e9gies de migration vers le cloud (\u00ab Move to Cloud\u00a0\u00bb).<\/p>\n<p>Ce rapprochement va permettre de consolider les positions de march\u00e9 fortes du nouveau groupe form\u00e9 par Aerow et Adikts et l\u2019ambition de devenir un leader sur les march\u00e9s de la gestion de l&rsquo;information d&rsquo;entreprise et des services cloud.<\/p>\n<p>&nbsp;<\/p>\n<p>&nbsp;<\/p>\n<p>\u00ab Nous nous r\u00e9jouissons de l\u2019arriv\u00e9e d\u2019Aditks et de ses dirigeants Franck Arvis et Pascal Gabillet. Ce rapprochement strat\u00e9gique permet \u00e0 Aerow d\u2019apporter toujours plus de valeur \u00e0 ses clients prestigieux dans leurs projets de digitalisation, notamment dans les processus de transition vers le cloud \u00bb commente Thomas Peretti, associ\u00e9 de l&rsquo;\u00e9quipe Small-Cap Abenex.<\/p>\n<p>&nbsp;<\/p>\n<p>Pour en savoir plus sur <a href=\"https:\/\/www.aerow.group\/\">Aerow<\/a> : <a href=\"https:\/\/www.abenex.com\/company\/aerow\/\">https:\/\/www.abenex.com\/company\/aerow\/<\/a><\/p>\n","protected":false},"excerpt":{"rendered":"<p>Aerow, ESN leader en gestion de contenu d&rsquo;entreprise (ECM), annonce l&rsquo;acquisition d&rsquo;Adikts, cabinet de conseil sp\u00e9cialis\u00e9 dans le Cloud public, DevOps, la s\u00e9curit\u00e9, ainsi que les soci\u00e9t\u00e9s de d\u00e9veloppement Web et Data. &nbsp; &nbsp; Fond\u00e9 en 2018, Adikts, accompagne ses clients dans leurs projets de migration des syst\u00e8mes d&rsquo;information vers le cloud AWS, en concevant [&hellip;]<\/p>\n","protected":false},"author":8,"featured_media":12422,"comment_status":"closed","ping_status":"open","sticky":false,"template":"","format":"standard","meta":{"footnotes":""},"categories":[103],"tags":[],"class_list":["post-12346","post","type-post","status-publish","format-standard","has-post-thumbnail","hentry","category-participation"],"acf":[],"yoast_head":"<!-- This site is optimized with the Yoast SEO plugin v27.1.1 - https:\/\/yoast.com\/product\/yoast-seo-wordpress\/ -->\n<title>Aerow annonce l\u2019acquisition d\u2019Adikts | Abenex<\/title>\n<meta name=\"description\" content=\"Aerow annonce l&#039;acquisition d&#039;Adikts, cabinet de conseil sp\u00e9cialis\u00e9 en Cloud public, DevOps, s\u00e9curit\u00e9, d\u00e9veloppement Web et Data\" \/>\n<meta name=\"robots\" content=\"index, follow, max-snippet:-1, max-image-preview:large, max-video-preview:-1\" \/>\n<link rel=\"canonical\" href=\"https:\/\/www.abenex.com\/fr\/aerow-annonce-lacquisition-dadikts\/\" \/>\n<meta property=\"og:locale\" content=\"fr_FR\" \/>\n<meta property=\"og:type\" content=\"article\" \/>\n<meta property=\"og:title\" content=\"Aerow annonce l\u2019acquisition d\u2019Adikts | Abenex\" \/>\n<meta property=\"og:description\" content=\"Aerow annonce l&#039;acquisition d&#039;Adikts, cabinet de conseil sp\u00e9cialis\u00e9 en Cloud public, DevOps, s\u00e9curit\u00e9, d\u00e9veloppement Web et Data\" \/>\n<meta property=\"og:url\" content=\"https:\/\/www.abenex.com\/fr\/aerow-annonce-lacquisition-dadikts\/\" \/>\n<meta property=\"og:site_name\" content=\"Abenex\" \/>\n<meta property=\"article:published_time\" content=\"2024-02-14T09:14:21+00:00\" \/>\n<meta property=\"article:modified_time\" content=\"2024-03-11T15:14:02+00:00\" \/>\n<meta property=\"og:image\" content=\"https:\/\/www.abenex.com\/wp-content\/uploads\/2024\/02\/Aerow.png\" \/>\n\t<meta property=\"og:image:width\" content=\"389\" \/>\n\t<meta property=\"og:image:height\" content=\"263\" \/>\n\t<meta property=\"og:image:type\" content=\"image\/png\" \/>\n<meta name=\"author\" content=\"juliana.chrismousse@abenex.com\" \/>\n<meta name=\"twitter:card\" content=\"summary_large_image\" \/>\n<meta name=\"twitter:label1\" content=\"\u00c9crit par\" \/>\n\t<meta name=\"twitter:data1\" content=\"juliana.chrismousse@abenex.com\" \/>\n\t<meta name=\"twitter:label2\" content=\"Dur\u00e9e de lecture estim\u00e9e\" \/>\n\t<meta name=\"twitter:data2\" content=\"2 minutes\" \/>\n<script type=\"application\/ld+json\" class=\"yoast-schema-graph\">{\"@context\":\"https:\/\/schema.org\",\"@graph\":[{\"@type\":\"Article\",\"@id\":\"https:\/\/www.abenex.com\/fr\/aerow-annonce-lacquisition-dadikts\/#article\",\"isPartOf\":{\"@id\":\"https:\/\/www.abenex.com\/fr\/aerow-annonce-lacquisition-dadikts\/\"},\"author\":{\"name\":\"juliana.chrismousse@abenex.com\",\"@id\":\"https:\/\/www.abenex.com\/#\/schema\/person\/57e8110c7a09d3a603d872830770a3e8\"},\"headline\":\"Aerow annonce l\u2019acquisition d\u2019Adikts\",\"datePublished\":\"2024-02-14T09:14:21+00:00\",\"dateModified\":\"2024-03-11T15:14:02+00:00\",\"mainEntityOfPage\":{\"@id\":\"https:\/\/www.abenex.com\/fr\/aerow-annonce-lacquisition-dadikts\/\"},\"wordCount\":278,\"publisher\":{\"@id\":\"https:\/\/www.abenex.com\/#organization\"},\"image\":{\"@id\":\"https:\/\/www.abenex.com\/fr\/aerow-annonce-lacquisition-dadikts\/#primaryimage\"},\"thumbnailUrl\":\"https:\/\/www.abenex.com\/wp-content\/uploads\/2024\/02\/Aerow.png\",\"articleSection\":[\"Participations\"],\"inLanguage\":\"fr-FR\"},{\"@type\":\"WebPage\",\"@id\":\"https:\/\/www.abenex.com\/fr\/aerow-annonce-lacquisition-dadikts\/\",\"url\":\"https:\/\/www.abenex.com\/fr\/aerow-annonce-lacquisition-dadikts\/\",\"name\":\"Aerow annonce l\u2019acquisition d\u2019Adikts | Abenex\",\"isPartOf\":{\"@id\":\"https:\/\/www.abenex.com\/#website\"},\"primaryImageOfPage\":{\"@id\":\"https:\/\/www.abenex.com\/fr\/aerow-annonce-lacquisition-dadikts\/#primaryimage\"},\"image\":{\"@id\":\"https:\/\/www.abenex.com\/fr\/aerow-annonce-lacquisition-dadikts\/#primaryimage\"},\"thumbnailUrl\":\"https:\/\/www.abenex.com\/wp-content\/uploads\/2024\/02\/Aerow.png\",\"datePublished\":\"2024-02-14T09:14:21+00:00\",\"dateModified\":\"2024-03-11T15:14:02+00:00\",\"description\":\"Aerow annonce l'acquisition d'Adikts, cabinet de conseil sp\u00e9cialis\u00e9 en Cloud public, DevOps, s\u00e9curit\u00e9, d\u00e9veloppement Web et Data\",\"breadcrumb\":{\"@id\":\"https:\/\/www.abenex.com\/fr\/aerow-annonce-lacquisition-dadikts\/#breadcrumb\"},\"inLanguage\":\"fr-FR\",\"potentialAction\":[{\"@type\":\"ReadAction\",\"target\":[\"https:\/\/www.abenex.com\/fr\/aerow-annonce-lacquisition-dadikts\/\"]}]},{\"@type\":\"ImageObject\",\"inLanguage\":\"fr-FR\",\"@id\":\"https:\/\/www.abenex.com\/fr\/aerow-annonce-lacquisition-dadikts\/#primaryimage\",\"url\":\"https:\/\/www.abenex.com\/wp-content\/uploads\/2024\/02\/Aerow.png\",\"contentUrl\":\"https:\/\/www.abenex.com\/wp-content\/uploads\/2024\/02\/Aerow.png\",\"width\":389,\"height\":263,\"caption\":\"Aerow acquires Adikts\"},{\"@type\":\"BreadcrumbList\",\"@id\":\"https:\/\/www.abenex.com\/fr\/aerow-annonce-lacquisition-dadikts\/#breadcrumb\",\"itemListElement\":[{\"@type\":\"ListItem\",\"position\":1,\"name\":\"Accueil\",\"item\":\"https:\/\/www.abenex.com\/fr\/\"},{\"@type\":\"ListItem\",\"position\":2,\"name\":\"Aerow annonce l\u2019acquisition d\u2019Adikts\"}]},{\"@type\":\"WebSite\",\"@id\":\"https:\/\/www.abenex.com\/#website\",\"url\":\"https:\/\/www.abenex.com\/\",\"name\":\"Abenex - Investing with purpose\",\"description\":\"Investing with purpose\",\"publisher\":{\"@id\":\"https:\/\/www.abenex.com\/#organization\"},\"potentialAction\":[{\"@type\":\"SearchAction\",\"target\":{\"@type\":\"EntryPoint\",\"urlTemplate\":\"https:\/\/www.abenex.com\/?s={search_term_string}\"},\"query-input\":{\"@type\":\"PropertyValueSpecification\",\"valueRequired\":true,\"valueName\":\"search_term_string\"}}],\"inLanguage\":\"fr-FR\"},{\"@type\":\"Organization\",\"@id\":\"https:\/\/www.abenex.com\/#organization\",\"name\":\"Abenex - Investing with purpose\",\"url\":\"https:\/\/www.abenex.com\/\",\"logo\":{\"@type\":\"ImageObject\",\"inLanguage\":\"fr-FR\",\"@id\":\"https:\/\/www.abenex.com\/#\/schema\/logo\/image\/\",\"url\":\"https:\/\/www.abenex.com\/wp-content\/uploads\/2023\/05\/FULL-LOGO-NOIR-BLEU-1.svg\",\"contentUrl\":\"https:\/\/www.abenex.com\/wp-content\/uploads\/2023\/05\/FULL-LOGO-NOIR-BLEU-1.svg\",\"width\":166,\"height\":34,\"caption\":\"Abenex - Investing with purpose\"},\"image\":{\"@id\":\"https:\/\/www.abenex.com\/#\/schema\/logo\/image\/\"}},{\"@type\":\"Person\",\"@id\":\"https:\/\/www.abenex.com\/#\/schema\/person\/57e8110c7a09d3a603d872830770a3e8\",\"name\":\"juliana.chrismousse@abenex.com\",\"image\":{\"@type\":\"ImageObject\",\"inLanguage\":\"fr-FR\",\"@id\":\"https:\/\/www.abenex.com\/#\/schema\/person\/image\/\",\"url\":\"https:\/\/secure.gravatar.com\/avatar\/2e0d9c3abea5ad58eb4bf13f2a97a100098248e4011de392f528414b62c4d003?s=96&d=mm&r=g\",\"contentUrl\":\"https:\/\/secure.gravatar.com\/avatar\/2e0d9c3abea5ad58eb4bf13f2a97a100098248e4011de392f528414b62c4d003?s=96&d=mm&r=g\",\"caption\":\"juliana.chrismousse@abenex.com\"}}]}<\/script>\n<!-- \/ Yoast SEO plugin. -->","yoast_head_json":{"title":"Aerow annonce l\u2019acquisition d\u2019Adikts | Abenex","description":"Aerow annonce l'acquisition d'Adikts, cabinet de conseil sp\u00e9cialis\u00e9 en Cloud public, DevOps, s\u00e9curit\u00e9, d\u00e9veloppement Web et Data","robots":{"index":"index","follow":"follow","max-snippet":"max-snippet:-1","max-image-preview":"max-image-preview:large","max-video-preview":"max-video-preview:-1"},"canonical":"https:\/\/www.abenex.com\/fr\/aerow-annonce-lacquisition-dadikts\/","og_locale":"fr_FR","og_type":"article","og_title":"Aerow annonce l\u2019acquisition d\u2019Adikts | Abenex","og_description":"Aerow annonce l'acquisition d'Adikts, cabinet de conseil sp\u00e9cialis\u00e9 en Cloud public, DevOps, s\u00e9curit\u00e9, d\u00e9veloppement Web et Data","og_url":"https:\/\/www.abenex.com\/fr\/aerow-annonce-lacquisition-dadikts\/","og_site_name":"Abenex","article_published_time":"2024-02-14T09:14:21+00:00","article_modified_time":"2024-03-11T15:14:02+00:00","og_image":[{"width":389,"height":263,"url":"https:\/\/www.abenex.com\/wp-content\/uploads\/2024\/02\/Aerow.png","type":"image\/png"}],"author":"juliana.chrismousse@abenex.com","twitter_card":"summary_large_image","twitter_misc":{"\u00c9crit par":"juliana.chrismousse@abenex.com","Dur\u00e9e de lecture estim\u00e9e":"2 minutes"},"schema":{"@context":"https:\/\/schema.org","@graph":[{"@type":"Article","@id":"https:\/\/www.abenex.com\/fr\/aerow-annonce-lacquisition-dadikts\/#article","isPartOf":{"@id":"https:\/\/www.abenex.com\/fr\/aerow-annonce-lacquisition-dadikts\/"},"author":{"name":"juliana.chrismousse@abenex.com","@id":"https:\/\/www.abenex.com\/#\/schema\/person\/57e8110c7a09d3a603d872830770a3e8"},"headline":"Aerow annonce l\u2019acquisition d\u2019Adikts","datePublished":"2024-02-14T09:14:21+00:00","dateModified":"2024-03-11T15:14:02+00:00","mainEntityOfPage":{"@id":"https:\/\/www.abenex.com\/fr\/aerow-annonce-lacquisition-dadikts\/"},"wordCount":278,"publisher":{"@id":"https:\/\/www.abenex.com\/#organization"},"image":{"@id":"https:\/\/www.abenex.com\/fr\/aerow-annonce-lacquisition-dadikts\/#primaryimage"},"thumbnailUrl":"https:\/\/www.abenex.com\/wp-content\/uploads\/2024\/02\/Aerow.png","articleSection":["Participations"],"inLanguage":"fr-FR"},{"@type":"WebPage","@id":"https:\/\/www.abenex.com\/fr\/aerow-annonce-lacquisition-dadikts\/","url":"https:\/\/www.abenex.com\/fr\/aerow-annonce-lacquisition-dadikts\/","name":"Aerow annonce l\u2019acquisition d\u2019Adikts | Abenex","isPartOf":{"@id":"https:\/\/www.abenex.com\/#website"},"primaryImageOfPage":{"@id":"https:\/\/www.abenex.com\/fr\/aerow-annonce-lacquisition-dadikts\/#primaryimage"},"image":{"@id":"https:\/\/www.abenex.com\/fr\/aerow-annonce-lacquisition-dadikts\/#primaryimage"},"thumbnailUrl":"https:\/\/www.abenex.com\/wp-content\/uploads\/2024\/02\/Aerow.png","datePublished":"2024-02-14T09:14:21+00:00","dateModified":"2024-03-11T15:14:02+00:00","description":"Aerow annonce l'acquisition d'Adikts, cabinet de conseil sp\u00e9cialis\u00e9 en Cloud public, DevOps, s\u00e9curit\u00e9, d\u00e9veloppement Web et Data","breadcrumb":{"@id":"https:\/\/www.abenex.com\/fr\/aerow-annonce-lacquisition-dadikts\/#breadcrumb"},"inLanguage":"fr-FR","potentialAction":[{"@type":"ReadAction","target":["https:\/\/www.abenex.com\/fr\/aerow-annonce-lacquisition-dadikts\/"]}]},{"@type":"ImageObject","inLanguage":"fr-FR","@id":"https:\/\/www.abenex.com\/fr\/aerow-annonce-lacquisition-dadikts\/#primaryimage","url":"https:\/\/www.abenex.com\/wp-content\/uploads\/2024\/02\/Aerow.png","contentUrl":"https:\/\/www.abenex.com\/wp-content\/uploads\/2024\/02\/Aerow.png","width":389,"height":263,"caption":"Aerow acquires Adikts"},{"@type":"BreadcrumbList","@id":"https:\/\/www.abenex.com\/fr\/aerow-annonce-lacquisition-dadikts\/#breadcrumb","itemListElement":[{"@type":"ListItem","position":1,"name":"Accueil","item":"https:\/\/www.abenex.com\/fr\/"},{"@type":"ListItem","position":2,"name":"Aerow annonce l\u2019acquisition d\u2019Adikts"}]},{"@type":"WebSite","@id":"https:\/\/www.abenex.com\/#website","url":"https:\/\/www.abenex.com\/","name":"Abenex - Investing with purpose","description":"Investing with purpose","publisher":{"@id":"https:\/\/www.abenex.com\/#organization"},"potentialAction":[{"@type":"SearchAction","target":{"@type":"EntryPoint","urlTemplate":"https:\/\/www.abenex.com\/?s={search_term_string}"},"query-input":{"@type":"PropertyValueSpecification","valueRequired":true,"valueName":"search_term_string"}}],"inLanguage":"fr-FR"},{"@type":"Organization","@id":"https:\/\/www.abenex.com\/#organization","name":"Abenex - Investing with purpose","url":"https:\/\/www.abenex.com\/","logo":{"@type":"ImageObject","inLanguage":"fr-FR","@id":"https:\/\/www.abenex.com\/#\/schema\/logo\/image\/","url":"https:\/\/www.abenex.com\/wp-content\/uploads\/2023\/05\/FULL-LOGO-NOIR-BLEU-1.svg","contentUrl":"https:\/\/www.abenex.com\/wp-content\/uploads\/2023\/05\/FULL-LOGO-NOIR-BLEU-1.svg","width":166,"height":34,"caption":"Abenex - Investing with purpose"},"image":{"@id":"https:\/\/www.abenex.com\/#\/schema\/logo\/image\/"}},{"@type":"Person","@id":"https:\/\/www.abenex.com\/#\/schema\/person\/57e8110c7a09d3a603d872830770a3e8","name":"juliana.chrismousse@abenex.com","image":{"@type":"ImageObject","inLanguage":"fr-FR","@id":"https:\/\/www.abenex.com\/#\/schema\/person\/image\/","url":"https:\/\/secure.gravatar.com\/avatar\/2e0d9c3abea5ad58eb4bf13f2a97a100098248e4011de392f528414b62c4d003?s=96&d=mm&r=g","contentUrl":"https:\/\/secure.gravatar.com\/avatar\/2e0d9c3abea5ad58eb4bf13f2a97a100098248e4011de392f528414b62c4d003?s=96&d=mm&r=g","caption":"juliana.chrismousse@abenex.com"}}]}},"_links":{"self":[{"href":"https:\/\/www.abenex.com\/fr\/wp-json\/wp\/v2\/posts\/12346","targetHints":{"allow":["GET"]}}],"collection":[{"href":"https:\/\/www.abenex.com\/fr\/wp-json\/wp\/v2\/posts"}],"about":[{"href":"https:\/\/www.abenex.com\/fr\/wp-json\/wp\/v2\/types\/post"}],"author":[{"embeddable":true,"href":"https:\/\/www.abenex.com\/fr\/wp-json\/wp\/v2\/users\/8"}],"replies":[{"embeddable":true,"href":"https:\/\/www.abenex.com\/fr\/wp-json\/wp\/v2\/comments?post=12346"}],"version-history":[{"count":7,"href":"https:\/\/www.abenex.com\/fr\/wp-json\/wp\/v2\/posts\/12346\/revisions"}],"predecessor-version":[{"id":12850,"href":"https:\/\/www.abenex.com\/fr\/wp-json\/wp\/v2\/posts\/12346\/revisions\/12850"}],"wp:featuredmedia":[{"embeddable":true,"href":"https:\/\/www.abenex.com\/fr\/wp-json\/wp\/v2\/media\/12422"}],"wp:attachment":[{"href":"https:\/\/www.abenex.com\/fr\/wp-json\/wp\/v2\/media?parent=12346"}],"wp:term":[{"taxonomy":"category","embeddable":true,"href":"https:\/\/www.abenex.com\/fr\/wp-json\/wp\/v2\/categories?post=12346"},{"taxonomy":"post_tag","embeddable":true,"href":"https:\/\/www.abenex.com\/fr\/wp-json\/wp\/v2\/tags?post=12346"}],"curies":[{"name":"wp","href":"https:\/\/api.w.org\/{rel}","templated":true}]}}