    
{"id":12797,"date":"2024-03-06T09:16:29","date_gmt":"2024-03-06T08:16:29","guid":{"rendered":"https:\/\/www.abenex.com\/?p=12797"},"modified":"2024-03-11T17:57:56","modified_gmt":"2024-03-11T16:57:56","slug":"__trashed-2__trashed","status":"publish","type":"post","link":"https:\/\/www.abenex.com\/fr\/__trashed-2__trashed\/","title":{"rendered":"Abenex annonce la cession du Groupe ADF"},"content":{"rendered":"<p><strong>Abenex, acteur historique du march\u00e9 du capital-investissement Small et Mid-cap, annonce avoir finalis\u00e9 la cession du Groupe ADF, un acteur reconnu de l\u2019ing\u00e9nierie industrielle et des \u00ab\u00a0smart industrial solutions\u00a0\u00bb<\/strong><\/p>\n<p>&nbsp;<\/p>\n<p>Fond\u00e9 en 1962, le Groupe ADF est aujourd\u2019hui un des acteurs de r\u00e9f\u00e9rence des services en ing\u00e9nierie et d\u2019outsourcing industriels, sp\u00e9cialiste des \u00ab\u00a0smart industrial solutions\u00a0\u00bb. Fort de ses cinq domaines d\u2019expertise &#8211; Mobilit\u00e9, Energie, Mat\u00e9riaux, Technologie, Sant\u00e9 et Bien-\u00eatre &#8211; le Groupe r\u00e9pond efficacement aux besoins d\u2019ing\u00e9nierie \u00e0 travers des produits et services innovants.<\/p>\n<p>Depuis l\u2019entr\u00e9e d\u2019Abenex \u00e0 son capital, la soci\u00e9t\u00e9 a continu\u00e9 \u00e0 se d\u00e9velopper de mani\u00e8re significative\u00a0: en \u00e9largissant ses activit\u00e9s \u00e0 de nouveaux clients grands comptes et en renfor\u00e7ant ses positions sur des m\u00e9tiers compl\u00e9mentaires en proposant notamment des solutions li\u00e9es \u00e0 la transition \u00e9nerg\u00e9tique et \u00e0 l\u2019industrie 5.0. Le Groupe a su s\u2019inscrire dans cette trajectoire de croissance \u00e0 la fois de mani\u00e8re organique et par la r\u00e9alisation de cinq acquisitions dont deux en 2023 (Novexa, dans le monde des tubes tournants et la business line de Engie Solutions \u00ab\u00a0Maintenance Nucl\u00e9aire et Travaux Associ\u00e9s\u00a0\u00bb).<\/p>\n<p>&nbsp;<\/p>\n<p>Apr\u00e8s cinq ans d\u2019accompagnement par Abenex, le Groupe ADF affiche un chiffre d\u2019affaires d\u00e9passant les 540m\u20ac, et est pr\u00e9sent dans 13 pays. Avec plus de 60 ans d\u2019expertise et une strat\u00e9gie solide, le Groupe ADF se pr\u00e9pare \u00e0 poursuivre sa strat\u00e9gie de d\u00e9veloppement et \u00e0 renforcer sa pr\u00e9sence \u00e0 l\u2019international.<\/p>\n<p>&nbsp;<\/p>\n<p><strong>Mathieu Mauhourat, Associ\u00e9 d&rsquo;Abenex,<\/strong> commente : \u00ab\u00a0Nous remercions toute l\u2019\u00e9quipe de Dirigeants de Groupe ADF. Cette tr\u00e8s belle cession, pour le fonds V d\u2019Abenex, est le fruit d\u2019une forte relation de confiance avec une \u00e9quipe dirigeante exceptionnelle que nous sommes fiers d\u2019avoir accompagn\u00e9e pendant plus de cinq ans \u00bb.<\/p>\n","protected":false},"excerpt":{"rendered":"<p>Abenex, acteur historique du march\u00e9 du capital-investissement Small et Mid-cap, annonce avoir finalis\u00e9 la cession du Groupe ADF, un acteur reconnu de l\u2019ing\u00e9nierie industrielle et des \u00ab\u00a0smart industrial solutions\u00a0\u00bb &nbsp; Fond\u00e9 en 1962, le Groupe ADF est aujourd\u2019hui un des acteurs de r\u00e9f\u00e9rence des services en ing\u00e9nierie et d\u2019outsourcing industriels, sp\u00e9cialiste des \u00ab\u00a0smart industrial solutions\u00a0\u00bb. [&hellip;]<\/p>\n","protected":false},"author":8,"featured_media":12754,"comment_status":"open","ping_status":"open","sticky":false,"template":"","format":"standard","meta":{"footnotes":""},"categories":[103],"tags":[],"class_list":["post-12797","post","type-post","status-publish","format-standard","has-post-thumbnail","hentry","category-participation"],"acf":[],"yoast_head":"<!-- This site is optimized with the Yoast SEO plugin v27.1.1 - https:\/\/yoast.com\/product\/yoast-seo-wordpress\/ -->\n<title>Abenex annonce la cession du Groupe ADF | Abenex<\/title>\n<meta name=\"description\" content=\"Abenex, acteur historique du march\u00e9 du capital-investissement Small et Mid-cap, annonce avoir finalis\u00e9 la cession du Groupe ADF\" \/>\n<meta name=\"robots\" content=\"index, follow, max-snippet:-1, max-image-preview:large, max-video-preview:-1\" \/>\n<link rel=\"canonical\" href=\"https:\/\/www.abenex.com\/fr\/__trashed-2__trashed\/\" \/>\n<meta property=\"og:locale\" content=\"fr_FR\" \/>\n<meta property=\"og:type\" content=\"article\" \/>\n<meta property=\"og:title\" content=\"Abenex annonce la cession du Groupe ADF | Abenex\" \/>\n<meta property=\"og:description\" content=\"Abenex, acteur historique du march\u00e9 du capital-investissement Small et Mid-cap, annonce avoir finalis\u00e9 la cession du Groupe ADF\" \/>\n<meta property=\"og:url\" content=\"https:\/\/www.abenex.com\/fr\/__trashed-2__trashed\/\" \/>\n<meta property=\"og:site_name\" content=\"Abenex\" \/>\n<meta property=\"article:published_time\" content=\"2024-03-06T08:16:29+00:00\" \/>\n<meta property=\"article:modified_time\" content=\"2024-03-11T16:57:56+00:00\" \/>\n<meta property=\"og:image\" content=\"https:\/\/www.abenex.com\/wp-content\/uploads\/2020\/09\/Groupe-ADF.png\" \/>\n\t<meta property=\"og:image:width\" content=\"389\" \/>\n\t<meta property=\"og:image:height\" content=\"263\" \/>\n\t<meta property=\"og:image:type\" content=\"image\/png\" \/>\n<meta name=\"author\" content=\"juliana.chrismousse@abenex.com\" \/>\n<meta name=\"twitter:card\" content=\"summary_large_image\" \/>\n<meta name=\"twitter:label1\" content=\"\u00c9crit par\" \/>\n\t<meta name=\"twitter:data1\" content=\"juliana.chrismousse@abenex.com\" \/>\n\t<meta name=\"twitter:label2\" content=\"Dur\u00e9e de lecture estim\u00e9e\" \/>\n\t<meta name=\"twitter:data2\" content=\"2 minutes\" \/>\n<script type=\"application\/ld+json\" class=\"yoast-schema-graph\">{\"@context\":\"https:\/\/schema.org\",\"@graph\":[{\"@type\":\"Article\",\"@id\":\"https:\/\/www.abenex.com\/fr\/__trashed-2__trashed\/#article\",\"isPartOf\":{\"@id\":\"https:\/\/www.abenex.com\/fr\/__trashed-2__trashed\/\"},\"author\":{\"name\":\"juliana.chrismousse@abenex.com\",\"@id\":\"https:\/\/www.abenex.com\/#\/schema\/person\/57e8110c7a09d3a603d872830770a3e8\"},\"headline\":\"Abenex annonce la cession du Groupe ADF\",\"datePublished\":\"2024-03-06T08:16:29+00:00\",\"dateModified\":\"2024-03-11T16:57:56+00:00\",\"mainEntityOfPage\":{\"@id\":\"https:\/\/www.abenex.com\/fr\/__trashed-2__trashed\/\"},\"wordCount\":320,\"commentCount\":0,\"publisher\":{\"@id\":\"https:\/\/www.abenex.com\/#organization\"},\"image\":{\"@id\":\"https:\/\/www.abenex.com\/fr\/__trashed-2__trashed\/#primaryimage\"},\"thumbnailUrl\":\"https:\/\/www.abenex.com\/wp-content\/uploads\/2020\/09\/Groupe-ADF.png\",\"articleSection\":[\"Participations\"],\"inLanguage\":\"fr-FR\",\"potentialAction\":[{\"@type\":\"CommentAction\",\"name\":\"Comment\",\"target\":[\"https:\/\/www.abenex.com\/fr\/__trashed-2__trashed\/#respond\"]}]},{\"@type\":\"WebPage\",\"@id\":\"https:\/\/www.abenex.com\/fr\/__trashed-2__trashed\/\",\"url\":\"https:\/\/www.abenex.com\/fr\/__trashed-2__trashed\/\",\"name\":\"Abenex annonce la cession du Groupe ADF | Abenex\",\"isPartOf\":{\"@id\":\"https:\/\/www.abenex.com\/#website\"},\"primaryImageOfPage\":{\"@id\":\"https:\/\/www.abenex.com\/fr\/__trashed-2__trashed\/#primaryimage\"},\"image\":{\"@id\":\"https:\/\/www.abenex.com\/fr\/__trashed-2__trashed\/#primaryimage\"},\"thumbnailUrl\":\"https:\/\/www.abenex.com\/wp-content\/uploads\/2020\/09\/Groupe-ADF.png\",\"datePublished\":\"2024-03-06T08:16:29+00:00\",\"dateModified\":\"2024-03-11T16:57:56+00:00\",\"description\":\"Abenex, acteur historique du march\u00e9 du capital-investissement Small et Mid-cap, annonce avoir finalis\u00e9 la cession du Groupe ADF\",\"breadcrumb\":{\"@id\":\"https:\/\/www.abenex.com\/fr\/__trashed-2__trashed\/#breadcrumb\"},\"inLanguage\":\"fr-FR\",\"potentialAction\":[{\"@type\":\"ReadAction\",\"target\":[\"https:\/\/www.abenex.com\/fr\/__trashed-2__trashed\/\"]}]},{\"@type\":\"ImageObject\",\"inLanguage\":\"fr-FR\",\"@id\":\"https:\/\/www.abenex.com\/fr\/__trashed-2__trashed\/#primaryimage\",\"url\":\"https:\/\/www.abenex.com\/wp-content\/uploads\/2020\/09\/Groupe-ADF.png\",\"contentUrl\":\"https:\/\/www.abenex.com\/wp-content\/uploads\/2020\/09\/Groupe-ADF.png\",\"width\":389,\"height\":263,\"caption\":\"Groupe ADF\"},{\"@type\":\"BreadcrumbList\",\"@id\":\"https:\/\/www.abenex.com\/fr\/__trashed-2__trashed\/#breadcrumb\",\"itemListElement\":[{\"@type\":\"ListItem\",\"position\":1,\"name\":\"Accueil\",\"item\":\"https:\/\/www.abenex.com\/fr\/\"},{\"@type\":\"ListItem\",\"position\":2,\"name\":\"Abenex annonce la cession du Groupe ADF\"}]},{\"@type\":\"WebSite\",\"@id\":\"https:\/\/www.abenex.com\/#website\",\"url\":\"https:\/\/www.abenex.com\/\",\"name\":\"Abenex - Investing with purpose\",\"description\":\"Investing with purpose\",\"publisher\":{\"@id\":\"https:\/\/www.abenex.com\/#organization\"},\"potentialAction\":[{\"@type\":\"SearchAction\",\"target\":{\"@type\":\"EntryPoint\",\"urlTemplate\":\"https:\/\/www.abenex.com\/?s={search_term_string}\"},\"query-input\":{\"@type\":\"PropertyValueSpecification\",\"valueRequired\":true,\"valueName\":\"search_term_string\"}}],\"inLanguage\":\"fr-FR\"},{\"@type\":\"Organization\",\"@id\":\"https:\/\/www.abenex.com\/#organization\",\"name\":\"Abenex - Investing with purpose\",\"url\":\"https:\/\/www.abenex.com\/\",\"logo\":{\"@type\":\"ImageObject\",\"inLanguage\":\"fr-FR\",\"@id\":\"https:\/\/www.abenex.com\/#\/schema\/logo\/image\/\",\"url\":\"https:\/\/www.abenex.com\/wp-content\/uploads\/2023\/05\/FULL-LOGO-NOIR-BLEU-1.svg\",\"contentUrl\":\"https:\/\/www.abenex.com\/wp-content\/uploads\/2023\/05\/FULL-LOGO-NOIR-BLEU-1.svg\",\"width\":166,\"height\":34,\"caption\":\"Abenex - Investing with purpose\"},\"image\":{\"@id\":\"https:\/\/www.abenex.com\/#\/schema\/logo\/image\/\"}},{\"@type\":\"Person\",\"@id\":\"https:\/\/www.abenex.com\/#\/schema\/person\/57e8110c7a09d3a603d872830770a3e8\",\"name\":\"juliana.chrismousse@abenex.com\",\"image\":{\"@type\":\"ImageObject\",\"inLanguage\":\"fr-FR\",\"@id\":\"https:\/\/www.abenex.com\/#\/schema\/person\/image\/\",\"url\":\"https:\/\/secure.gravatar.com\/avatar\/2e0d9c3abea5ad58eb4bf13f2a97a100098248e4011de392f528414b62c4d003?s=96&d=mm&r=g\",\"contentUrl\":\"https:\/\/secure.gravatar.com\/avatar\/2e0d9c3abea5ad58eb4bf13f2a97a100098248e4011de392f528414b62c4d003?s=96&d=mm&r=g\",\"caption\":\"juliana.chrismousse@abenex.com\"}}]}<\/script>\n<!-- \/ Yoast SEO plugin. -->","yoast_head_json":{"title":"Abenex annonce la cession du Groupe ADF | Abenex","description":"Abenex, acteur historique du march\u00e9 du capital-investissement Small et Mid-cap, annonce avoir finalis\u00e9 la cession du Groupe ADF","robots":{"index":"index","follow":"follow","max-snippet":"max-snippet:-1","max-image-preview":"max-image-preview:large","max-video-preview":"max-video-preview:-1"},"canonical":"https:\/\/www.abenex.com\/fr\/__trashed-2__trashed\/","og_locale":"fr_FR","og_type":"article","og_title":"Abenex annonce la cession du Groupe ADF | Abenex","og_description":"Abenex, acteur historique du march\u00e9 du capital-investissement Small et Mid-cap, annonce avoir finalis\u00e9 la cession du Groupe ADF","og_url":"https:\/\/www.abenex.com\/fr\/__trashed-2__trashed\/","og_site_name":"Abenex","article_published_time":"2024-03-06T08:16:29+00:00","article_modified_time":"2024-03-11T16:57:56+00:00","og_image":[{"width":389,"height":263,"url":"https:\/\/www.abenex.com\/wp-content\/uploads\/2020\/09\/Groupe-ADF.png","type":"image\/png"}],"author":"juliana.chrismousse@abenex.com","twitter_card":"summary_large_image","twitter_misc":{"\u00c9crit par":"juliana.chrismousse@abenex.com","Dur\u00e9e de lecture estim\u00e9e":"2 minutes"},"schema":{"@context":"https:\/\/schema.org","@graph":[{"@type":"Article","@id":"https:\/\/www.abenex.com\/fr\/__trashed-2__trashed\/#article","isPartOf":{"@id":"https:\/\/www.abenex.com\/fr\/__trashed-2__trashed\/"},"author":{"name":"juliana.chrismousse@abenex.com","@id":"https:\/\/www.abenex.com\/#\/schema\/person\/57e8110c7a09d3a603d872830770a3e8"},"headline":"Abenex annonce la cession du Groupe ADF","datePublished":"2024-03-06T08:16:29+00:00","dateModified":"2024-03-11T16:57:56+00:00","mainEntityOfPage":{"@id":"https:\/\/www.abenex.com\/fr\/__trashed-2__trashed\/"},"wordCount":320,"commentCount":0,"publisher":{"@id":"https:\/\/www.abenex.com\/#organization"},"image":{"@id":"https:\/\/www.abenex.com\/fr\/__trashed-2__trashed\/#primaryimage"},"thumbnailUrl":"https:\/\/www.abenex.com\/wp-content\/uploads\/2020\/09\/Groupe-ADF.png","articleSection":["Participations"],"inLanguage":"fr-FR","potentialAction":[{"@type":"CommentAction","name":"Comment","target":["https:\/\/www.abenex.com\/fr\/__trashed-2__trashed\/#respond"]}]},{"@type":"WebPage","@id":"https:\/\/www.abenex.com\/fr\/__trashed-2__trashed\/","url":"https:\/\/www.abenex.com\/fr\/__trashed-2__trashed\/","name":"Abenex annonce la cession du Groupe ADF | Abenex","isPartOf":{"@id":"https:\/\/www.abenex.com\/#website"},"primaryImageOfPage":{"@id":"https:\/\/www.abenex.com\/fr\/__trashed-2__trashed\/#primaryimage"},"image":{"@id":"https:\/\/www.abenex.com\/fr\/__trashed-2__trashed\/#primaryimage"},"thumbnailUrl":"https:\/\/www.abenex.com\/wp-content\/uploads\/2020\/09\/Groupe-ADF.png","datePublished":"2024-03-06T08:16:29+00:00","dateModified":"2024-03-11T16:57:56+00:00","description":"Abenex, acteur historique du march\u00e9 du capital-investissement Small et Mid-cap, annonce avoir finalis\u00e9 la cession du Groupe ADF","breadcrumb":{"@id":"https:\/\/www.abenex.com\/fr\/__trashed-2__trashed\/#breadcrumb"},"inLanguage":"fr-FR","potentialAction":[{"@type":"ReadAction","target":["https:\/\/www.abenex.com\/fr\/__trashed-2__trashed\/"]}]},{"@type":"ImageObject","inLanguage":"fr-FR","@id":"https:\/\/www.abenex.com\/fr\/__trashed-2__trashed\/#primaryimage","url":"https:\/\/www.abenex.com\/wp-content\/uploads\/2020\/09\/Groupe-ADF.png","contentUrl":"https:\/\/www.abenex.com\/wp-content\/uploads\/2020\/09\/Groupe-ADF.png","width":389,"height":263,"caption":"Groupe ADF"},{"@type":"BreadcrumbList","@id":"https:\/\/www.abenex.com\/fr\/__trashed-2__trashed\/#breadcrumb","itemListElement":[{"@type":"ListItem","position":1,"name":"Accueil","item":"https:\/\/www.abenex.com\/fr\/"},{"@type":"ListItem","position":2,"name":"Abenex annonce la cession du Groupe ADF"}]},{"@type":"WebSite","@id":"https:\/\/www.abenex.com\/#website","url":"https:\/\/www.abenex.com\/","name":"Abenex - Investing with purpose","description":"Investing with purpose","publisher":{"@id":"https:\/\/www.abenex.com\/#organization"},"potentialAction":[{"@type":"SearchAction","target":{"@type":"EntryPoint","urlTemplate":"https:\/\/www.abenex.com\/?s={search_term_string}"},"query-input":{"@type":"PropertyValueSpecification","valueRequired":true,"valueName":"search_term_string"}}],"inLanguage":"fr-FR"},{"@type":"Organization","@id":"https:\/\/www.abenex.com\/#organization","name":"Abenex - Investing with purpose","url":"https:\/\/www.abenex.com\/","logo":{"@type":"ImageObject","inLanguage":"fr-FR","@id":"https:\/\/www.abenex.com\/#\/schema\/logo\/image\/","url":"https:\/\/www.abenex.com\/wp-content\/uploads\/2023\/05\/FULL-LOGO-NOIR-BLEU-1.svg","contentUrl":"https:\/\/www.abenex.com\/wp-content\/uploads\/2023\/05\/FULL-LOGO-NOIR-BLEU-1.svg","width":166,"height":34,"caption":"Abenex - Investing with purpose"},"image":{"@id":"https:\/\/www.abenex.com\/#\/schema\/logo\/image\/"}},{"@type":"Person","@id":"https:\/\/www.abenex.com\/#\/schema\/person\/57e8110c7a09d3a603d872830770a3e8","name":"juliana.chrismousse@abenex.com","image":{"@type":"ImageObject","inLanguage":"fr-FR","@id":"https:\/\/www.abenex.com\/#\/schema\/person\/image\/","url":"https:\/\/secure.gravatar.com\/avatar\/2e0d9c3abea5ad58eb4bf13f2a97a100098248e4011de392f528414b62c4d003?s=96&d=mm&r=g","contentUrl":"https:\/\/secure.gravatar.com\/avatar\/2e0d9c3abea5ad58eb4bf13f2a97a100098248e4011de392f528414b62c4d003?s=96&d=mm&r=g","caption":"juliana.chrismousse@abenex.com"}}]}},"_links":{"self":[{"href":"https:\/\/www.abenex.com\/fr\/wp-json\/wp\/v2\/posts\/12797","targetHints":{"allow":["GET"]}}],"collection":[{"href":"https:\/\/www.abenex.com\/fr\/wp-json\/wp\/v2\/posts"}],"about":[{"href":"https:\/\/www.abenex.com\/fr\/wp-json\/wp\/v2\/types\/post"}],"author":[{"embeddable":true,"href":"https:\/\/www.abenex.com\/fr\/wp-json\/wp\/v2\/users\/8"}],"replies":[{"embeddable":true,"href":"https:\/\/www.abenex.com\/fr\/wp-json\/wp\/v2\/comments?post=12797"}],"version-history":[{"count":2,"href":"https:\/\/www.abenex.com\/fr\/wp-json\/wp\/v2\/posts\/12797\/revisions"}],"predecessor-version":[{"id":12799,"href":"https:\/\/www.abenex.com\/fr\/wp-json\/wp\/v2\/posts\/12797\/revisions\/12799"}],"wp:featuredmedia":[{"embeddable":true,"href":"https:\/\/www.abenex.com\/fr\/wp-json\/wp\/v2\/media\/12754"}],"wp:attachment":[{"href":"https:\/\/www.abenex.com\/fr\/wp-json\/wp\/v2\/media?parent=12797"}],"wp:term":[{"taxonomy":"category","embeddable":true,"href":"https:\/\/www.abenex.com\/fr\/wp-json\/wp\/v2\/categories?post=12797"},{"taxonomy":"post_tag","embeddable":true,"href":"https:\/\/www.abenex.com\/fr\/wp-json\/wp\/v2\/tags?post=12797"}],"curies":[{"name":"wp","href":"https:\/\/api.w.org\/{rel}","templated":true}]}}