    
{"id":13492,"date":"2024-09-23T10:32:02","date_gmt":"2024-09-23T08:32:02","guid":{"rendered":"https:\/\/www.abenex.com\/?p=13492"},"modified":"2024-09-23T10:32:29","modified_gmt":"2024-09-23T08:32:29","slug":"abenex-est-entree-en-negociations-exclusives-avec-dentressangle-capital-dans-le-cadre-de-la-cession-dedl-acteur-europeen-des-logiciels-dedies-aux-services-dimagerie-medicale-et-de-d","status":"publish","type":"post","link":"https:\/\/www.abenex.com\/fr\/abenex-est-entree-en-negociations-exclusives-avec-dentressangle-capital-dans-le-cadre-de-la-cession-dedl-acteur-europeen-des-logiciels-dedies-aux-services-dimagerie-medicale-et-de-d\/","title":{"rendered":"Abenex est entr\u00e9e en n\u00e9gociations exclusives avec Dentressangle Capital dans le cadre de la cession d\u2019EDL, acteur europ\u00e9en des logiciels d\u00e9di\u00e9s aux services d\u2019imagerie m\u00e9dicale et de diagnostic"},"content":{"rendered":"<ul>\n<li>EDL, entreprise bas\u00e9e \u00e0 Berre l\u2019Etang (13), est un acteur europ\u00e9en et leader fran\u00e7ais (150 employ\u00e9es, pr\u00e8s de 30M\u20ac de CA) des logiciels d\u00e9di\u00e9s aux plateaux techniques d\u2019imagerie m\u00e9dicale des \u00e9tablissements de sant\u00e9 gr\u00e2ce \u00e0 sa suite logicielle Xplore.<\/li>\n<li>Sous l\u2019impulsion conjointe de l\u2019\u00e9quipe dirigeante et d\u2019Abenex, EDL s\u2019est fortement d\u00e9velopp\u00e9 en Allemagne, en Suisse, en Autriche et plus r\u00e9cemment en Belgique.<\/li>\n<li>DENTRESSANGLE Capital et Kylian Lopez, CEO d\u2019EDL, pr\u00e9voient de poursuivre cette expansion europ\u00e9enne tout en renfor\u00e7ant l\u2019avance technologique de ses logiciels via une am\u00e9lioration continue des fonctionnalit\u00e9s propos\u00e9es aux praticiens et personnels de sant\u00e9.<\/li>\n<\/ul>\n<p>Abenex est entr\u00e9e en n\u00e9gociations exclusives avec Dentressangle Capital dans le cadre de la cession d\u2019EDL, acteur europ\u00e9en des logiciels d\u00e9di\u00e9s aux services d\u2019imagerie m\u00e9dicale et de diagnostic.<\/p>\n<p><strong>Xplore, la meilleure solution logicielle d\u2019imagerie m\u00e9dicale <\/strong><\/p>\n<p>Fond\u00e9e en 1994 dans les Bouches-du-Rh\u00f4ne, EDL a d\u00e9velopp\u00e9 la suite logicielle Xplore qui offre \u00e0 ses clients, \u00e9tablissements de sant\u00e9 publics et priv\u00e9s, une solution full-web et int\u00e9gr\u00e9e permettant d\u2019am\u00e9liorer le partage d\u2019information et le fonctionnement des plateaux techniques d\u2019imagerie m\u00e9dicale.<\/p>\n<p>&nbsp;<\/p>\n<p>Les solutions d\u2019EDL sont reconnues pour leur avance technologique. Elles sont notamment r\u00e9put\u00e9es aupr\u00e8s des praticiens et des op\u00e9rateurs pour leur ergonomie, leur couverture fonctionnelle et leur robustesse. La suite logicielle Xplore offre \u00e9galement le d\u00e9ploiement efficace de la t\u00e9l\u00e9radiologie pour des organisations multi-sites, permettant d\u2019am\u00e9liorer le parcours de soin et la prise en charge des patients gr\u00e2ce \u00e0 un \u00e9change facilit\u00e9 des examens.<\/p>\n<p><strong>\u00a0<\/strong><\/p>\n<p><strong>Une offre en d\u00e9veloppement qui int\u00e8gre l\u2019intelligence artificielle<\/strong><\/p>\n<p>Fort des excellents retours des praticiens et op\u00e9rateurs de la suite logicielle Xplore, EDL a innov\u00e9 et adapt\u00e9 ses solutions pour \u00e9tendre son offre au-del\u00e0 de l\u2019imagerie m\u00e9dicale afin de r\u00e9pondre aux besoins des services du diagnostic m\u00e9dical.<\/p>\n<p>La soci\u00e9t\u00e9 a \u00e9galement concentr\u00e9 ses efforts R&amp;D sur l\u2019int\u00e9gration progressive de l\u2019Intelligence Artificielle dans son offre, avec aujourd\u2019hui une plateforme d\u2019algorithmes d\u2019aide au diagnostic pour les m\u00e9decins.<\/p>\n<p>&nbsp;<\/p>\n<p><strong>Un acteur europ\u00e9en de r\u00e9f\u00e9rence<\/strong><\/p>\n<p>Depuis 2021, sous l\u2019impulsion conjointe de l\u2019\u00e9quipe dirigeante et d\u2019Abenex, EDL a \u00e9tendu son empreinte europ\u00e9enne en prenant des positions significatives en Allemagne et en Suisse. L\u2019entreprise s\u2019est aussi implant\u00e9e en Belgique au travers de l\u2019acquisition de Th\u00e9l\u00e8me, sp\u00e9cialis\u00e9e dans les logiciels d\u00e9di\u00e9s \u00e0 la m\u00e9decine nucl\u00e9aire, et plus r\u00e9cemment en Autriche. La nomination de Kylian Lopez comme CEO en mai 2024, apr\u00e8s 10 ans consacr\u00e9s au d\u00e9veloppement commercial de l\u2019entreprise et au d\u00e9ploiement de la solution Xplore, offre des perspectives de croissance sur d\u2019autres grands march\u00e9s europ\u00e9ens.<\/p>\n<p>&nbsp;<\/p>\n<p>Kylian Lopez et le management r\u00e9investissent par ailleurs fortement aux c\u00f4t\u00e9s de DENTRESSANGLE Capital afin de donner \u00e0 EDL les moyens lui permettant d\u2019\u00e9tendre son offre et d&rsquo;acc\u00e9l\u00e9rer son d\u00e9veloppement. De plus, les fondateurs historiques d&rsquo;EDL, ont \u00e9galement d\u00e9cid\u00e9 de r\u00e9investir dans l\u2019entreprise, marquant ainsi leur confiance renouvel\u00e9e dans l\u2019avenir du groupe.<\/p>\n<p>&nbsp;<\/p>\n<p><strong>Kylian Lopez, CEO &#8211; EDL <\/strong>: \u00ab\u00a0EDL, avec l\u2019appui d\u2019Abenex, est devenu un acteur reconnu en Europe. Je suis d\u00e9sormais ravi d\u2019ouvrir un nouveau cycle avec DENTRESSANGLE Capital, un acteur reconnu pour sa capacit\u00e9 \u00e0 faire grandir les entreprises, aux c\u00f4t\u00e9s des entrepreneurs. Notre objectif est d\u2019acc\u00e9l\u00e9rer notre croissance et notre d\u00e9veloppement pour devenir un leader en Europe, autant dans l\u2019imagerie m\u00e9dicale que dans les autres sp\u00e9cialit\u00e9s du diagnostic avec l\u2019ambition continue d\u2019offrir des solutions qui aident les m\u00e9decins \u00e0 se consacrer \u00e0 la prise en charge de leurs patients\u00a0\u00bb.<\/p>\n<p>&nbsp;<\/p>\n<p><strong>J\u00e9r\u00f4me Vandermarcq, Associ\u00e9 d\u2019Abenex<\/strong> : \u00ab C\u2019est avec fiert\u00e9 que nous avons accompagn\u00e9 le d\u00e9veloppement d\u2019EDL ces trois derni\u00e8res ann\u00e9es. EDL a fortement acc\u00e9l\u00e9r\u00e9 sa croissance consolidant ainsi sa position de leader incontest\u00e9 des logiciels de radiologie en France. Gr\u00e2ce \u00e0 une culture forte de la R&amp;D, le Groupe a \u00e9galement su tirer parti de la qualit\u00e9 et l\u2019avance technologique de ses solutions pour \u00e9largir son offre dans le domaine du diagnostic. EDL est aujourd\u2019hui bien structur\u00e9 pour aborder une nouvelle phase de croissance europ\u00e9enne. \u00bb<\/p>\n<p>&nbsp;<\/p>\n<p><strong>Olivier Verdet, Partner &#8211; Dentressangle Capital<\/strong> : \u00ab EDL a connu un d\u00e9veloppement remarquable, port\u00e9 par une \u00e9quipe de management visionnaire et l\u2019appui strat\u00e9gique d&rsquo;Abenex. L\u2019entreprise s&rsquo;est affirm\u00e9e comme un acteur cl\u00e9 dans l\u2019\u00e9dition de logiciels pour l\u2019imagerie m\u00e9dicale gr\u00e2ce \u00e0 une solution remarquable par son ergonomie et sa fluidit\u00e9 qui permet aux radiologues de se concentrer sur le diagnostic. Nous sommes ravis de participer \u00e0 cette aventure en soutenant EDL et son dirigeant dans l\u2019acc\u00e9l\u00e9ration de son expansion europ\u00e9enne et l\u2019extension de son offre. \u00bb<\/p>\n","protected":false},"excerpt":{"rendered":"<p>EDL, entreprise bas\u00e9e \u00e0 Berre l\u2019Etang (13), est un acteur europ\u00e9en et leader fran\u00e7ais (150 employ\u00e9es, pr\u00e8s de 30M\u20ac de CA) des logiciels d\u00e9di\u00e9s aux plateaux techniques d\u2019imagerie m\u00e9dicale des \u00e9tablissements de sant\u00e9 gr\u00e2ce \u00e0 sa suite logicielle Xplore. Sous l\u2019impulsion conjointe de l\u2019\u00e9quipe dirigeante et d\u2019Abenex, EDL s\u2019est fortement d\u00e9velopp\u00e9 en Allemagne, en Suisse, [&hellip;]<\/p>\n","protected":false},"author":8,"featured_media":13500,"comment_status":"open","ping_status":"open","sticky":false,"template":"","format":"standard","meta":{"footnotes":""},"categories":[103],"tags":[],"class_list":["post-13492","post","type-post","status-publish","format-standard","has-post-thumbnail","hentry","category-participation"],"acf":[],"yoast_head":"<!-- This site is optimized with the Yoast SEO plugin v27.1.1 - https:\/\/yoast.com\/product\/yoast-seo-wordpress\/ -->\n<title>Abenex est entr\u00e9e en n\u00e9gociations exclusives avec Dentressangle Capital dans le cadre de la cession d\u2019EDL, acteur europ\u00e9en des logiciels d\u00e9di\u00e9s aux services d\u2019imagerie m\u00e9dicale et de diagnostic | Abenex<\/title>\n<meta name=\"robots\" content=\"index, follow, max-snippet:-1, max-image-preview:large, max-video-preview:-1\" \/>\n<link rel=\"canonical\" href=\"https:\/\/www.abenex.com\/fr\/abenex-est-entree-en-negociations-exclusives-avec-dentressangle-capital-dans-le-cadre-de-la-cession-dedl-acteur-europeen-des-logiciels-dedies-aux-services-dimagerie-medicale-et-de-d\/\" \/>\n<meta property=\"og:locale\" content=\"fr_FR\" \/>\n<meta property=\"og:type\" content=\"article\" \/>\n<meta property=\"og:title\" content=\"Abenex est entr\u00e9e en n\u00e9gociations exclusives avec Dentressangle Capital dans le cadre de la cession d\u2019EDL, acteur europ\u00e9en des logiciels d\u00e9di\u00e9s aux services d\u2019imagerie m\u00e9dicale et de diagnostic | Abenex\" \/>\n<meta property=\"og:description\" content=\"EDL, entreprise bas\u00e9e \u00e0 Berre l\u2019Etang (13), est un acteur europ\u00e9en et leader fran\u00e7ais (150 employ\u00e9es, pr\u00e8s de 30M\u20ac de CA) des logiciels d\u00e9di\u00e9s aux plateaux techniques d\u2019imagerie m\u00e9dicale des \u00e9tablissements de sant\u00e9 gr\u00e2ce \u00e0 sa suite logicielle Xplore. Sous l\u2019impulsion conjointe de l\u2019\u00e9quipe dirigeante et d\u2019Abenex, EDL s\u2019est fortement d\u00e9velopp\u00e9 en Allemagne, en Suisse, [&hellip;]\" \/>\n<meta property=\"og:url\" content=\"https:\/\/www.abenex.com\/fr\/abenex-est-entree-en-negociations-exclusives-avec-dentressangle-capital-dans-le-cadre-de-la-cession-dedl-acteur-europeen-des-logiciels-dedies-aux-services-dimagerie-medicale-et-de-d\/\" \/>\n<meta property=\"og:site_name\" content=\"Abenex\" \/>\n<meta property=\"article:published_time\" content=\"2024-09-23T08:32:02+00:00\" \/>\n<meta property=\"article:modified_time\" content=\"2024-09-23T08:32:29+00:00\" \/>\n<meta property=\"og:image\" content=\"https:\/\/www.abenex.com\/wp-content\/uploads\/2024\/09\/EDL-1.png\" \/>\n\t<meta property=\"og:image:width\" content=\"1216\" \/>\n\t<meta property=\"og:image:height\" content=\"822\" \/>\n\t<meta property=\"og:image:type\" content=\"image\/png\" \/>\n<meta name=\"author\" content=\"juliana.chrismousse@abenex.com\" \/>\n<meta name=\"twitter:card\" content=\"summary_large_image\" \/>\n<meta name=\"twitter:label1\" content=\"\u00c9crit par\" \/>\n\t<meta name=\"twitter:data1\" content=\"juliana.chrismousse@abenex.com\" \/>\n\t<meta name=\"twitter:label2\" content=\"Dur\u00e9e de lecture estim\u00e9e\" \/>\n\t<meta name=\"twitter:data2\" content=\"4 minutes\" \/>\n<script type=\"application\/ld+json\" class=\"yoast-schema-graph\">{\"@context\":\"https:\/\/schema.org\",\"@graph\":[{\"@type\":\"Article\",\"@id\":\"https:\/\/www.abenex.com\/fr\/abenex-est-entree-en-negociations-exclusives-avec-dentressangle-capital-dans-le-cadre-de-la-cession-dedl-acteur-europeen-des-logiciels-dedies-aux-services-dimagerie-medicale-et-de-d\/#article\",\"isPartOf\":{\"@id\":\"https:\/\/www.abenex.com\/fr\/abenex-est-entree-en-negociations-exclusives-avec-dentressangle-capital-dans-le-cadre-de-la-cession-dedl-acteur-europeen-des-logiciels-dedies-aux-services-dimagerie-medicale-et-de-d\/\"},\"author\":{\"name\":\"juliana.chrismousse@abenex.com\",\"@id\":\"https:\/\/www.abenex.com\/#\/schema\/person\/57e8110c7a09d3a603d872830770a3e8\"},\"headline\":\"Abenex est entr\u00e9e en n\u00e9gociations exclusives avec Dentressangle Capital dans le cadre de la cession d\u2019EDL, acteur europ\u00e9en des logiciels d\u00e9di\u00e9s aux services d\u2019imagerie m\u00e9dicale et de diagnostic\",\"datePublished\":\"2024-09-23T08:32:02+00:00\",\"dateModified\":\"2024-09-23T08:32:29+00:00\",\"mainEntityOfPage\":{\"@id\":\"https:\/\/www.abenex.com\/fr\/abenex-est-entree-en-negociations-exclusives-avec-dentressangle-capital-dans-le-cadre-de-la-cession-dedl-acteur-europeen-des-logiciels-dedies-aux-services-dimagerie-medicale-et-de-d\/\"},\"wordCount\":897,\"commentCount\":0,\"publisher\":{\"@id\":\"https:\/\/www.abenex.com\/#organization\"},\"image\":{\"@id\":\"https:\/\/www.abenex.com\/fr\/abenex-est-entree-en-negociations-exclusives-avec-dentressangle-capital-dans-le-cadre-de-la-cession-dedl-acteur-europeen-des-logiciels-dedies-aux-services-dimagerie-medicale-et-de-d\/#primaryimage\"},\"thumbnailUrl\":\"https:\/\/www.abenex.com\/wp-content\/uploads\/2024\/09\/EDL-1.png\",\"articleSection\":[\"Participations\"],\"inLanguage\":\"fr-FR\",\"potentialAction\":[{\"@type\":\"CommentAction\",\"name\":\"Comment\",\"target\":[\"https:\/\/www.abenex.com\/fr\/abenex-est-entree-en-negociations-exclusives-avec-dentressangle-capital-dans-le-cadre-de-la-cession-dedl-acteur-europeen-des-logiciels-dedies-aux-services-dimagerie-medicale-et-de-d\/#respond\"]}]},{\"@type\":\"WebPage\",\"@id\":\"https:\/\/www.abenex.com\/fr\/abenex-est-entree-en-negociations-exclusives-avec-dentressangle-capital-dans-le-cadre-de-la-cession-dedl-acteur-europeen-des-logiciels-dedies-aux-services-dimagerie-medicale-et-de-d\/\",\"url\":\"https:\/\/www.abenex.com\/fr\/abenex-est-entree-en-negociations-exclusives-avec-dentressangle-capital-dans-le-cadre-de-la-cession-dedl-acteur-europeen-des-logiciels-dedies-aux-services-dimagerie-medicale-et-de-d\/\",\"name\":\"Abenex est entr\u00e9e en n\u00e9gociations exclusives avec Dentressangle Capital dans le cadre de la cession d\u2019EDL, acteur europ\u00e9en des logiciels d\u00e9di\u00e9s aux services d\u2019imagerie m\u00e9dicale et de diagnostic | Abenex\",\"isPartOf\":{\"@id\":\"https:\/\/www.abenex.com\/#website\"},\"primaryImageOfPage\":{\"@id\":\"https:\/\/www.abenex.com\/fr\/abenex-est-entree-en-negociations-exclusives-avec-dentressangle-capital-dans-le-cadre-de-la-cession-dedl-acteur-europeen-des-logiciels-dedies-aux-services-dimagerie-medicale-et-de-d\/#primaryimage\"},\"image\":{\"@id\":\"https:\/\/www.abenex.com\/fr\/abenex-est-entree-en-negociations-exclusives-avec-dentressangle-capital-dans-le-cadre-de-la-cession-dedl-acteur-europeen-des-logiciels-dedies-aux-services-dimagerie-medicale-et-de-d\/#primaryimage\"},\"thumbnailUrl\":\"https:\/\/www.abenex.com\/wp-content\/uploads\/2024\/09\/EDL-1.png\",\"datePublished\":\"2024-09-23T08:32:02+00:00\",\"dateModified\":\"2024-09-23T08:32:29+00:00\",\"breadcrumb\":{\"@id\":\"https:\/\/www.abenex.com\/fr\/abenex-est-entree-en-negociations-exclusives-avec-dentressangle-capital-dans-le-cadre-de-la-cession-dedl-acteur-europeen-des-logiciels-dedies-aux-services-dimagerie-medicale-et-de-d\/#breadcrumb\"},\"inLanguage\":\"fr-FR\",\"potentialAction\":[{\"@type\":\"ReadAction\",\"target\":[\"https:\/\/www.abenex.com\/fr\/abenex-est-entree-en-negociations-exclusives-avec-dentressangle-capital-dans-le-cadre-de-la-cession-dedl-acteur-europeen-des-logiciels-dedies-aux-services-dimagerie-medicale-et-de-d\/\"]}]},{\"@type\":\"ImageObject\",\"inLanguage\":\"fr-FR\",\"@id\":\"https:\/\/www.abenex.com\/fr\/abenex-est-entree-en-negociations-exclusives-avec-dentressangle-capital-dans-le-cadre-de-la-cession-dedl-acteur-europeen-des-logiciels-dedies-aux-services-dimagerie-medicale-et-de-d\/#primaryimage\",\"url\":\"https:\/\/www.abenex.com\/wp-content\/uploads\/2024\/09\/EDL-1.png\",\"contentUrl\":\"https:\/\/www.abenex.com\/wp-content\/uploads\/2024\/09\/EDL-1.png\",\"width\":1216,\"height\":822},{\"@type\":\"BreadcrumbList\",\"@id\":\"https:\/\/www.abenex.com\/fr\/abenex-est-entree-en-negociations-exclusives-avec-dentressangle-capital-dans-le-cadre-de-la-cession-dedl-acteur-europeen-des-logiciels-dedies-aux-services-dimagerie-medicale-et-de-d\/#breadcrumb\",\"itemListElement\":[{\"@type\":\"ListItem\",\"position\":1,\"name\":\"Accueil\",\"item\":\"https:\/\/www.abenex.com\/fr\/\"},{\"@type\":\"ListItem\",\"position\":2,\"name\":\"Abenex est entr\u00e9e en n\u00e9gociations exclusives avec Dentressangle Capital dans le cadre de la cession d\u2019EDL, acteur europ\u00e9en des logiciels d\u00e9di\u00e9s aux services d\u2019imagerie m\u00e9dicale et de diagnostic\"}]},{\"@type\":\"WebSite\",\"@id\":\"https:\/\/www.abenex.com\/#website\",\"url\":\"https:\/\/www.abenex.com\/\",\"name\":\"Abenex - Investing with purpose\",\"description\":\"Investing with purpose\",\"publisher\":{\"@id\":\"https:\/\/www.abenex.com\/#organization\"},\"potentialAction\":[{\"@type\":\"SearchAction\",\"target\":{\"@type\":\"EntryPoint\",\"urlTemplate\":\"https:\/\/www.abenex.com\/?s={search_term_string}\"},\"query-input\":{\"@type\":\"PropertyValueSpecification\",\"valueRequired\":true,\"valueName\":\"search_term_string\"}}],\"inLanguage\":\"fr-FR\"},{\"@type\":\"Organization\",\"@id\":\"https:\/\/www.abenex.com\/#organization\",\"name\":\"Abenex - Investing with purpose\",\"url\":\"https:\/\/www.abenex.com\/\",\"logo\":{\"@type\":\"ImageObject\",\"inLanguage\":\"fr-FR\",\"@id\":\"https:\/\/www.abenex.com\/#\/schema\/logo\/image\/\",\"url\":\"https:\/\/www.abenex.com\/wp-content\/uploads\/2023\/05\/FULL-LOGO-NOIR-BLEU-1.svg\",\"contentUrl\":\"https:\/\/www.abenex.com\/wp-content\/uploads\/2023\/05\/FULL-LOGO-NOIR-BLEU-1.svg\",\"width\":166,\"height\":34,\"caption\":\"Abenex - Investing with purpose\"},\"image\":{\"@id\":\"https:\/\/www.abenex.com\/#\/schema\/logo\/image\/\"}},{\"@type\":\"Person\",\"@id\":\"https:\/\/www.abenex.com\/#\/schema\/person\/57e8110c7a09d3a603d872830770a3e8\",\"name\":\"juliana.chrismousse@abenex.com\",\"image\":{\"@type\":\"ImageObject\",\"inLanguage\":\"fr-FR\",\"@id\":\"https:\/\/www.abenex.com\/#\/schema\/person\/image\/\",\"url\":\"https:\/\/secure.gravatar.com\/avatar\/2e0d9c3abea5ad58eb4bf13f2a97a100098248e4011de392f528414b62c4d003?s=96&d=mm&r=g\",\"contentUrl\":\"https:\/\/secure.gravatar.com\/avatar\/2e0d9c3abea5ad58eb4bf13f2a97a100098248e4011de392f528414b62c4d003?s=96&d=mm&r=g\",\"caption\":\"juliana.chrismousse@abenex.com\"}}]}<\/script>\n<!-- \/ Yoast SEO plugin. -->","yoast_head_json":{"title":"Abenex est entr\u00e9e en n\u00e9gociations exclusives avec Dentressangle Capital dans le cadre de la cession d\u2019EDL, acteur europ\u00e9en des logiciels d\u00e9di\u00e9s aux services d\u2019imagerie m\u00e9dicale et de diagnostic | Abenex","robots":{"index":"index","follow":"follow","max-snippet":"max-snippet:-1","max-image-preview":"max-image-preview:large","max-video-preview":"max-video-preview:-1"},"canonical":"https:\/\/www.abenex.com\/fr\/abenex-est-entree-en-negociations-exclusives-avec-dentressangle-capital-dans-le-cadre-de-la-cession-dedl-acteur-europeen-des-logiciels-dedies-aux-services-dimagerie-medicale-et-de-d\/","og_locale":"fr_FR","og_type":"article","og_title":"Abenex est entr\u00e9e en n\u00e9gociations exclusives avec Dentressangle Capital dans le cadre de la cession d\u2019EDL, acteur europ\u00e9en des logiciels d\u00e9di\u00e9s aux services d\u2019imagerie m\u00e9dicale et de diagnostic | Abenex","og_description":"EDL, entreprise bas\u00e9e \u00e0 Berre l\u2019Etang (13), est un acteur europ\u00e9en et leader fran\u00e7ais (150 employ\u00e9es, pr\u00e8s de 30M\u20ac de CA) des logiciels d\u00e9di\u00e9s aux plateaux techniques d\u2019imagerie m\u00e9dicale des \u00e9tablissements de sant\u00e9 gr\u00e2ce \u00e0 sa suite logicielle Xplore. Sous l\u2019impulsion conjointe de l\u2019\u00e9quipe dirigeante et d\u2019Abenex, EDL s\u2019est fortement d\u00e9velopp\u00e9 en Allemagne, en Suisse, [&hellip;]","og_url":"https:\/\/www.abenex.com\/fr\/abenex-est-entree-en-negociations-exclusives-avec-dentressangle-capital-dans-le-cadre-de-la-cession-dedl-acteur-europeen-des-logiciels-dedies-aux-services-dimagerie-medicale-et-de-d\/","og_site_name":"Abenex","article_published_time":"2024-09-23T08:32:02+00:00","article_modified_time":"2024-09-23T08:32:29+00:00","og_image":[{"width":1216,"height":822,"url":"https:\/\/www.abenex.com\/wp-content\/uploads\/2024\/09\/EDL-1.png","type":"image\/png"}],"author":"juliana.chrismousse@abenex.com","twitter_card":"summary_large_image","twitter_misc":{"\u00c9crit par":"juliana.chrismousse@abenex.com","Dur\u00e9e de lecture estim\u00e9e":"4 minutes"},"schema":{"@context":"https:\/\/schema.org","@graph":[{"@type":"Article","@id":"https:\/\/www.abenex.com\/fr\/abenex-est-entree-en-negociations-exclusives-avec-dentressangle-capital-dans-le-cadre-de-la-cession-dedl-acteur-europeen-des-logiciels-dedies-aux-services-dimagerie-medicale-et-de-d\/#article","isPartOf":{"@id":"https:\/\/www.abenex.com\/fr\/abenex-est-entree-en-negociations-exclusives-avec-dentressangle-capital-dans-le-cadre-de-la-cession-dedl-acteur-europeen-des-logiciels-dedies-aux-services-dimagerie-medicale-et-de-d\/"},"author":{"name":"juliana.chrismousse@abenex.com","@id":"https:\/\/www.abenex.com\/#\/schema\/person\/57e8110c7a09d3a603d872830770a3e8"},"headline":"Abenex est entr\u00e9e en n\u00e9gociations exclusives avec Dentressangle Capital dans le cadre de la cession d\u2019EDL, acteur europ\u00e9en des logiciels d\u00e9di\u00e9s aux services d\u2019imagerie m\u00e9dicale et de diagnostic","datePublished":"2024-09-23T08:32:02+00:00","dateModified":"2024-09-23T08:32:29+00:00","mainEntityOfPage":{"@id":"https:\/\/www.abenex.com\/fr\/abenex-est-entree-en-negociations-exclusives-avec-dentressangle-capital-dans-le-cadre-de-la-cession-dedl-acteur-europeen-des-logiciels-dedies-aux-services-dimagerie-medicale-et-de-d\/"},"wordCount":897,"commentCount":0,"publisher":{"@id":"https:\/\/www.abenex.com\/#organization"},"image":{"@id":"https:\/\/www.abenex.com\/fr\/abenex-est-entree-en-negociations-exclusives-avec-dentressangle-capital-dans-le-cadre-de-la-cession-dedl-acteur-europeen-des-logiciels-dedies-aux-services-dimagerie-medicale-et-de-d\/#primaryimage"},"thumbnailUrl":"https:\/\/www.abenex.com\/wp-content\/uploads\/2024\/09\/EDL-1.png","articleSection":["Participations"],"inLanguage":"fr-FR","potentialAction":[{"@type":"CommentAction","name":"Comment","target":["https:\/\/www.abenex.com\/fr\/abenex-est-entree-en-negociations-exclusives-avec-dentressangle-capital-dans-le-cadre-de-la-cession-dedl-acteur-europeen-des-logiciels-dedies-aux-services-dimagerie-medicale-et-de-d\/#respond"]}]},{"@type":"WebPage","@id":"https:\/\/www.abenex.com\/fr\/abenex-est-entree-en-negociations-exclusives-avec-dentressangle-capital-dans-le-cadre-de-la-cession-dedl-acteur-europeen-des-logiciels-dedies-aux-services-dimagerie-medicale-et-de-d\/","url":"https:\/\/www.abenex.com\/fr\/abenex-est-entree-en-negociations-exclusives-avec-dentressangle-capital-dans-le-cadre-de-la-cession-dedl-acteur-europeen-des-logiciels-dedies-aux-services-dimagerie-medicale-et-de-d\/","name":"Abenex est entr\u00e9e en n\u00e9gociations exclusives avec Dentressangle Capital dans le cadre de la cession d\u2019EDL, acteur europ\u00e9en des logiciels d\u00e9di\u00e9s aux services d\u2019imagerie m\u00e9dicale et de diagnostic | Abenex","isPartOf":{"@id":"https:\/\/www.abenex.com\/#website"},"primaryImageOfPage":{"@id":"https:\/\/www.abenex.com\/fr\/abenex-est-entree-en-negociations-exclusives-avec-dentressangle-capital-dans-le-cadre-de-la-cession-dedl-acteur-europeen-des-logiciels-dedies-aux-services-dimagerie-medicale-et-de-d\/#primaryimage"},"image":{"@id":"https:\/\/www.abenex.com\/fr\/abenex-est-entree-en-negociations-exclusives-avec-dentressangle-capital-dans-le-cadre-de-la-cession-dedl-acteur-europeen-des-logiciels-dedies-aux-services-dimagerie-medicale-et-de-d\/#primaryimage"},"thumbnailUrl":"https:\/\/www.abenex.com\/wp-content\/uploads\/2024\/09\/EDL-1.png","datePublished":"2024-09-23T08:32:02+00:00","dateModified":"2024-09-23T08:32:29+00:00","breadcrumb":{"@id":"https:\/\/www.abenex.com\/fr\/abenex-est-entree-en-negociations-exclusives-avec-dentressangle-capital-dans-le-cadre-de-la-cession-dedl-acteur-europeen-des-logiciels-dedies-aux-services-dimagerie-medicale-et-de-d\/#breadcrumb"},"inLanguage":"fr-FR","potentialAction":[{"@type":"ReadAction","target":["https:\/\/www.abenex.com\/fr\/abenex-est-entree-en-negociations-exclusives-avec-dentressangle-capital-dans-le-cadre-de-la-cession-dedl-acteur-europeen-des-logiciels-dedies-aux-services-dimagerie-medicale-et-de-d\/"]}]},{"@type":"ImageObject","inLanguage":"fr-FR","@id":"https:\/\/www.abenex.com\/fr\/abenex-est-entree-en-negociations-exclusives-avec-dentressangle-capital-dans-le-cadre-de-la-cession-dedl-acteur-europeen-des-logiciels-dedies-aux-services-dimagerie-medicale-et-de-d\/#primaryimage","url":"https:\/\/www.abenex.com\/wp-content\/uploads\/2024\/09\/EDL-1.png","contentUrl":"https:\/\/www.abenex.com\/wp-content\/uploads\/2024\/09\/EDL-1.png","width":1216,"height":822},{"@type":"BreadcrumbList","@id":"https:\/\/www.abenex.com\/fr\/abenex-est-entree-en-negociations-exclusives-avec-dentressangle-capital-dans-le-cadre-de-la-cession-dedl-acteur-europeen-des-logiciels-dedies-aux-services-dimagerie-medicale-et-de-d\/#breadcrumb","itemListElement":[{"@type":"ListItem","position":1,"name":"Accueil","item":"https:\/\/www.abenex.com\/fr\/"},{"@type":"ListItem","position":2,"name":"Abenex est entr\u00e9e en n\u00e9gociations exclusives avec Dentressangle Capital dans le cadre de la cession d\u2019EDL, acteur europ\u00e9en des logiciels d\u00e9di\u00e9s aux services d\u2019imagerie m\u00e9dicale et de diagnostic"}]},{"@type":"WebSite","@id":"https:\/\/www.abenex.com\/#website","url":"https:\/\/www.abenex.com\/","name":"Abenex - Investing with purpose","description":"Investing with purpose","publisher":{"@id":"https:\/\/www.abenex.com\/#organization"},"potentialAction":[{"@type":"SearchAction","target":{"@type":"EntryPoint","urlTemplate":"https:\/\/www.abenex.com\/?s={search_term_string}"},"query-input":{"@type":"PropertyValueSpecification","valueRequired":true,"valueName":"search_term_string"}}],"inLanguage":"fr-FR"},{"@type":"Organization","@id":"https:\/\/www.abenex.com\/#organization","name":"Abenex - Investing with purpose","url":"https:\/\/www.abenex.com\/","logo":{"@type":"ImageObject","inLanguage":"fr-FR","@id":"https:\/\/www.abenex.com\/#\/schema\/logo\/image\/","url":"https:\/\/www.abenex.com\/wp-content\/uploads\/2023\/05\/FULL-LOGO-NOIR-BLEU-1.svg","contentUrl":"https:\/\/www.abenex.com\/wp-content\/uploads\/2023\/05\/FULL-LOGO-NOIR-BLEU-1.svg","width":166,"height":34,"caption":"Abenex - Investing with purpose"},"image":{"@id":"https:\/\/www.abenex.com\/#\/schema\/logo\/image\/"}},{"@type":"Person","@id":"https:\/\/www.abenex.com\/#\/schema\/person\/57e8110c7a09d3a603d872830770a3e8","name":"juliana.chrismousse@abenex.com","image":{"@type":"ImageObject","inLanguage":"fr-FR","@id":"https:\/\/www.abenex.com\/#\/schema\/person\/image\/","url":"https:\/\/secure.gravatar.com\/avatar\/2e0d9c3abea5ad58eb4bf13f2a97a100098248e4011de392f528414b62c4d003?s=96&d=mm&r=g","contentUrl":"https:\/\/secure.gravatar.com\/avatar\/2e0d9c3abea5ad58eb4bf13f2a97a100098248e4011de392f528414b62c4d003?s=96&d=mm&r=g","caption":"juliana.chrismousse@abenex.com"}}]}},"_links":{"self":[{"href":"https:\/\/www.abenex.com\/fr\/wp-json\/wp\/v2\/posts\/13492","targetHints":{"allow":["GET"]}}],"collection":[{"href":"https:\/\/www.abenex.com\/fr\/wp-json\/wp\/v2\/posts"}],"about":[{"href":"https:\/\/www.abenex.com\/fr\/wp-json\/wp\/v2\/types\/post"}],"author":[{"embeddable":true,"href":"https:\/\/www.abenex.com\/fr\/wp-json\/wp\/v2\/users\/8"}],"replies":[{"embeddable":true,"href":"https:\/\/www.abenex.com\/fr\/wp-json\/wp\/v2\/comments?post=13492"}],"version-history":[{"count":2,"href":"https:\/\/www.abenex.com\/fr\/wp-json\/wp\/v2\/posts\/13492\/revisions"}],"predecessor-version":[{"id":13502,"href":"https:\/\/www.abenex.com\/fr\/wp-json\/wp\/v2\/posts\/13492\/revisions\/13502"}],"wp:featuredmedia":[{"embeddable":true,"href":"https:\/\/www.abenex.com\/fr\/wp-json\/wp\/v2\/media\/13500"}],"wp:attachment":[{"href":"https:\/\/www.abenex.com\/fr\/wp-json\/wp\/v2\/media?parent=13492"}],"wp:term":[{"taxonomy":"category","embeddable":true,"href":"https:\/\/www.abenex.com\/fr\/wp-json\/wp\/v2\/categories?post=13492"},{"taxonomy":"post_tag","embeddable":true,"href":"https:\/\/www.abenex.com\/fr\/wp-json\/wp\/v2\/tags?post=13492"}],"curies":[{"name":"wp","href":"https:\/\/api.w.org\/{rel}","templated":true}]}}