    
{"id":13674,"date":"2024-10-22T11:59:41","date_gmt":"2024-10-22T09:59:41","guid":{"rendered":"https:\/\/www.abenex.com\/?p=13674"},"modified":"2024-10-22T12:01:14","modified_gmt":"2024-10-22T10:01:14","slug":"abenex-annonce-quantoine-houel-quitte-la-societe-de-gestion-a-la-fin-de-lannee-2024","status":"publish","type":"post","link":"https:\/\/www.abenex.com\/fr\/abenex-annonce-quantoine-houel-quitte-la-societe-de-gestion-a-la-fin-de-lannee-2024\/","title":{"rendered":"Abenex annonce qu\u2019Antoine Hou\u00ebl quitte la soci\u00e9t\u00e9 de gestion \u00e0 la fin de l\u2019ann\u00e9e 2024"},"content":{"rendered":"<p>Apr\u00e8s une carri\u00e8re en banque d\u2019affaires, Antoine Hou\u00ebl avait rejoint Abenex en 2011. Antoine a particip\u00e9 \u00e0 l\u2019investissement de trois mill\u00e9simes des fonds Mid-cap d\u2019Abenex et a accompagn\u00e9 de nombreuses belles entreprises telles que Vulcanic, Surys, Denteka, Eureka Education.\u00a0 Depuis 2023, Antoine a activement contribu\u00e9 au d\u00e9veloppement du p\u00f4le relations investisseurs de la soci\u00e9t\u00e9 de gestion, et a \u00e9t\u00e9 \u00e0 l\u2019initiative de la Fondation Abenex qui a pour objet principal de favoriser l\u2019\u00e9ducation et l\u2019insertion professionnelle des jeunes.<\/p>\n<p>Apr\u00e8s 14 ann\u00e9es au sein d\u2019Abenex, Antoine a fait part de son souhait de se tourner vers de nouveaux projets personnels et professionnels.<\/p>\n<p>&nbsp;<\/p>\n<p><strong>Antoine Hou\u00ebl<\/strong> d\u00e9clare\u00a0: \u00ab\u00a0Je suis tr\u00e8s fier d\u2019avoir accompagn\u00e9 le succ\u00e8s d\u2019Abenex ces derni\u00e8res ann\u00e9es au contact d\u2019\u00e9quipes tr\u00e8s engag\u00e9es, des dirigeants de nos participations et de nos investisseurs. J\u2019ai fait le choix de prendre du recul pour me concentrer sur de nouveaux projets et je continuerai \u00e0 investir avec enthousiasme aux c\u00f4t\u00e9s d\u2019Abenex \u00bb.<\/p>\n<p>&nbsp;<\/p>\n<p><strong>Olivier Moatti<\/strong>, <strong>Associ\u00e9-g\u00e9rant<\/strong> chez Abenex ajoute : \u00ab Je remercie chaleureusement Antoine pour son investissement total durant ces derni\u00e8res ann\u00e9es, pour sa contribution forte au d\u00e9veloppement des talents au sein d\u2019Abenex, \u00e0 l\u2019acc\u00e9l\u00e9ration de notre engagement ESG et \u00e0 la croissance de la soci\u00e9t\u00e9 de gestion; nous lui souhaitons beaucoup de plaisir et de succ\u00e8s dans ses nouveaux projets \u00bb.<\/p>\n","protected":false},"excerpt":{"rendered":"<p>Apr\u00e8s une carri\u00e8re en banque d\u2019affaires, Antoine Hou\u00ebl avait rejoint Abenex en 2011. Antoine a particip\u00e9 \u00e0 l\u2019investissement de trois mill\u00e9simes des fonds Mid-cap d\u2019Abenex et a accompagn\u00e9 de nombreuses belles entreprises telles que Vulcanic, Surys, Denteka, Eureka Education.\u00a0 Depuis 2023, Antoine a activement contribu\u00e9 au d\u00e9veloppement du p\u00f4le relations investisseurs de la soci\u00e9t\u00e9 de [&hellip;]<\/p>\n","protected":false},"author":8,"featured_media":0,"comment_status":"open","ping_status":"open","sticky":false,"template":"","format":"standard","meta":{"footnotes":""},"categories":[105,30],"tags":[],"class_list":["post-13674","post","type-post","status-publish","format-standard","hentry","category-abenex","category-equipe-abenex"],"acf":[],"yoast_head":"<!-- This site is optimized with the Yoast SEO plugin v27.1.1 - https:\/\/yoast.com\/product\/yoast-seo-wordpress\/ -->\n<title>Abenex annonce qu\u2019Antoine Hou\u00ebl quitte la soci\u00e9t\u00e9 de gestion \u00e0 la fin de l\u2019ann\u00e9e 2024 | Abenex<\/title>\n<meta name=\"robots\" content=\"index, follow, max-snippet:-1, max-image-preview:large, max-video-preview:-1\" \/>\n<link rel=\"canonical\" href=\"https:\/\/www.abenex.com\/fr\/abenex-annonce-quantoine-houel-quitte-la-societe-de-gestion-a-la-fin-de-lannee-2024\/\" \/>\n<meta property=\"og:locale\" content=\"fr_FR\" \/>\n<meta property=\"og:type\" content=\"article\" \/>\n<meta property=\"og:title\" content=\"Abenex annonce qu\u2019Antoine Hou\u00ebl quitte la soci\u00e9t\u00e9 de gestion \u00e0 la fin de l\u2019ann\u00e9e 2024 | Abenex\" \/>\n<meta property=\"og:description\" content=\"Apr\u00e8s une carri\u00e8re en banque d\u2019affaires, Antoine Hou\u00ebl avait rejoint Abenex en 2011. Antoine a particip\u00e9 \u00e0 l\u2019investissement de trois mill\u00e9simes des fonds Mid-cap d\u2019Abenex et a accompagn\u00e9 de nombreuses belles entreprises telles que Vulcanic, Surys, Denteka, Eureka Education.\u00a0 Depuis 2023, Antoine a activement contribu\u00e9 au d\u00e9veloppement du p\u00f4le relations investisseurs de la soci\u00e9t\u00e9 de [&hellip;]\" \/>\n<meta property=\"og:url\" content=\"https:\/\/www.abenex.com\/fr\/abenex-annonce-quantoine-houel-quitte-la-societe-de-gestion-a-la-fin-de-lannee-2024\/\" \/>\n<meta property=\"og:site_name\" content=\"Abenex\" \/>\n<meta property=\"article:published_time\" content=\"2024-10-22T09:59:41+00:00\" \/>\n<meta property=\"article:modified_time\" content=\"2024-10-22T10:01:14+00:00\" \/>\n<meta name=\"author\" content=\"juliana.chrismousse@abenex.com\" \/>\n<meta name=\"twitter:card\" content=\"summary_large_image\" \/>\n<meta name=\"twitter:label1\" content=\"\u00c9crit par\" \/>\n\t<meta name=\"twitter:data1\" content=\"juliana.chrismousse@abenex.com\" \/>\n\t<meta name=\"twitter:label2\" content=\"Dur\u00e9e de lecture estim\u00e9e\" \/>\n\t<meta name=\"twitter:data2\" content=\"1 minute\" \/>\n<script type=\"application\/ld+json\" class=\"yoast-schema-graph\">{\"@context\":\"https:\/\/schema.org\",\"@graph\":[{\"@type\":\"Article\",\"@id\":\"https:\/\/www.abenex.com\/fr\/abenex-annonce-quantoine-houel-quitte-la-societe-de-gestion-a-la-fin-de-lannee-2024\/#article\",\"isPartOf\":{\"@id\":\"https:\/\/www.abenex.com\/fr\/abenex-annonce-quantoine-houel-quitte-la-societe-de-gestion-a-la-fin-de-lannee-2024\/\"},\"author\":{\"name\":\"juliana.chrismousse@abenex.com\",\"@id\":\"https:\/\/www.abenex.com\/#\/schema\/person\/57e8110c7a09d3a603d872830770a3e8\"},\"headline\":\"Abenex annonce qu\u2019Antoine Hou\u00ebl quitte la soci\u00e9t\u00e9 de gestion \u00e0 la fin de l\u2019ann\u00e9e 2024\",\"datePublished\":\"2024-10-22T09:59:41+00:00\",\"dateModified\":\"2024-10-22T10:01:14+00:00\",\"mainEntityOfPage\":{\"@id\":\"https:\/\/www.abenex.com\/fr\/abenex-annonce-quantoine-houel-quitte-la-societe-de-gestion-a-la-fin-de-lannee-2024\/\"},\"wordCount\":266,\"commentCount\":0,\"publisher\":{\"@id\":\"https:\/\/www.abenex.com\/#organization\"},\"articleSection\":[\"Abenex\",\"\u00c9quipe\"],\"inLanguage\":\"fr-FR\",\"potentialAction\":[{\"@type\":\"CommentAction\",\"name\":\"Comment\",\"target\":[\"https:\/\/www.abenex.com\/fr\/abenex-annonce-quantoine-houel-quitte-la-societe-de-gestion-a-la-fin-de-lannee-2024\/#respond\"]}]},{\"@type\":\"WebPage\",\"@id\":\"https:\/\/www.abenex.com\/fr\/abenex-annonce-quantoine-houel-quitte-la-societe-de-gestion-a-la-fin-de-lannee-2024\/\",\"url\":\"https:\/\/www.abenex.com\/fr\/abenex-annonce-quantoine-houel-quitte-la-societe-de-gestion-a-la-fin-de-lannee-2024\/\",\"name\":\"Abenex annonce qu\u2019Antoine Hou\u00ebl quitte la soci\u00e9t\u00e9 de gestion \u00e0 la fin de l\u2019ann\u00e9e 2024 | Abenex\",\"isPartOf\":{\"@id\":\"https:\/\/www.abenex.com\/#website\"},\"datePublished\":\"2024-10-22T09:59:41+00:00\",\"dateModified\":\"2024-10-22T10:01:14+00:00\",\"breadcrumb\":{\"@id\":\"https:\/\/www.abenex.com\/fr\/abenex-annonce-quantoine-houel-quitte-la-societe-de-gestion-a-la-fin-de-lannee-2024\/#breadcrumb\"},\"inLanguage\":\"fr-FR\",\"potentialAction\":[{\"@type\":\"ReadAction\",\"target\":[\"https:\/\/www.abenex.com\/fr\/abenex-annonce-quantoine-houel-quitte-la-societe-de-gestion-a-la-fin-de-lannee-2024\/\"]}]},{\"@type\":\"BreadcrumbList\",\"@id\":\"https:\/\/www.abenex.com\/fr\/abenex-annonce-quantoine-houel-quitte-la-societe-de-gestion-a-la-fin-de-lannee-2024\/#breadcrumb\",\"itemListElement\":[{\"@type\":\"ListItem\",\"position\":1,\"name\":\"Accueil\",\"item\":\"https:\/\/www.abenex.com\/fr\/\"},{\"@type\":\"ListItem\",\"position\":2,\"name\":\"Abenex annonce qu\u2019Antoine Hou\u00ebl quitte la soci\u00e9t\u00e9 de gestion \u00e0 la fin de l\u2019ann\u00e9e 2024\"}]},{\"@type\":\"WebSite\",\"@id\":\"https:\/\/www.abenex.com\/#website\",\"url\":\"https:\/\/www.abenex.com\/\",\"name\":\"Abenex - Investing with purpose\",\"description\":\"Investing with purpose\",\"publisher\":{\"@id\":\"https:\/\/www.abenex.com\/#organization\"},\"potentialAction\":[{\"@type\":\"SearchAction\",\"target\":{\"@type\":\"EntryPoint\",\"urlTemplate\":\"https:\/\/www.abenex.com\/?s={search_term_string}\"},\"query-input\":{\"@type\":\"PropertyValueSpecification\",\"valueRequired\":true,\"valueName\":\"search_term_string\"}}],\"inLanguage\":\"fr-FR\"},{\"@type\":\"Organization\",\"@id\":\"https:\/\/www.abenex.com\/#organization\",\"name\":\"Abenex - Investing with purpose\",\"url\":\"https:\/\/www.abenex.com\/\",\"logo\":{\"@type\":\"ImageObject\",\"inLanguage\":\"fr-FR\",\"@id\":\"https:\/\/www.abenex.com\/#\/schema\/logo\/image\/\",\"url\":\"https:\/\/www.abenex.com\/wp-content\/uploads\/2023\/05\/FULL-LOGO-NOIR-BLEU-1.svg\",\"contentUrl\":\"https:\/\/www.abenex.com\/wp-content\/uploads\/2023\/05\/FULL-LOGO-NOIR-BLEU-1.svg\",\"width\":166,\"height\":34,\"caption\":\"Abenex - Investing with purpose\"},\"image\":{\"@id\":\"https:\/\/www.abenex.com\/#\/schema\/logo\/image\/\"}},{\"@type\":\"Person\",\"@id\":\"https:\/\/www.abenex.com\/#\/schema\/person\/57e8110c7a09d3a603d872830770a3e8\",\"name\":\"juliana.chrismousse@abenex.com\",\"image\":{\"@type\":\"ImageObject\",\"inLanguage\":\"fr-FR\",\"@id\":\"https:\/\/www.abenex.com\/#\/schema\/person\/image\/\",\"url\":\"https:\/\/secure.gravatar.com\/avatar\/2e0d9c3abea5ad58eb4bf13f2a97a100098248e4011de392f528414b62c4d003?s=96&d=mm&r=g\",\"contentUrl\":\"https:\/\/secure.gravatar.com\/avatar\/2e0d9c3abea5ad58eb4bf13f2a97a100098248e4011de392f528414b62c4d003?s=96&d=mm&r=g\",\"caption\":\"juliana.chrismousse@abenex.com\"}}]}<\/script>\n<!-- \/ Yoast SEO plugin. -->","yoast_head_json":{"title":"Abenex annonce qu\u2019Antoine Hou\u00ebl quitte la soci\u00e9t\u00e9 de gestion \u00e0 la fin de l\u2019ann\u00e9e 2024 | Abenex","robots":{"index":"index","follow":"follow","max-snippet":"max-snippet:-1","max-image-preview":"max-image-preview:large","max-video-preview":"max-video-preview:-1"},"canonical":"https:\/\/www.abenex.com\/fr\/abenex-annonce-quantoine-houel-quitte-la-societe-de-gestion-a-la-fin-de-lannee-2024\/","og_locale":"fr_FR","og_type":"article","og_title":"Abenex annonce qu\u2019Antoine Hou\u00ebl quitte la soci\u00e9t\u00e9 de gestion \u00e0 la fin de l\u2019ann\u00e9e 2024 | Abenex","og_description":"Apr\u00e8s une carri\u00e8re en banque d\u2019affaires, Antoine Hou\u00ebl avait rejoint Abenex en 2011. Antoine a particip\u00e9 \u00e0 l\u2019investissement de trois mill\u00e9simes des fonds Mid-cap d\u2019Abenex et a accompagn\u00e9 de nombreuses belles entreprises telles que Vulcanic, Surys, Denteka, Eureka Education.\u00a0 Depuis 2023, Antoine a activement contribu\u00e9 au d\u00e9veloppement du p\u00f4le relations investisseurs de la soci\u00e9t\u00e9 de [&hellip;]","og_url":"https:\/\/www.abenex.com\/fr\/abenex-annonce-quantoine-houel-quitte-la-societe-de-gestion-a-la-fin-de-lannee-2024\/","og_site_name":"Abenex","article_published_time":"2024-10-22T09:59:41+00:00","article_modified_time":"2024-10-22T10:01:14+00:00","author":"juliana.chrismousse@abenex.com","twitter_card":"summary_large_image","twitter_misc":{"\u00c9crit par":"juliana.chrismousse@abenex.com","Dur\u00e9e de lecture estim\u00e9e":"1 minute"},"schema":{"@context":"https:\/\/schema.org","@graph":[{"@type":"Article","@id":"https:\/\/www.abenex.com\/fr\/abenex-annonce-quantoine-houel-quitte-la-societe-de-gestion-a-la-fin-de-lannee-2024\/#article","isPartOf":{"@id":"https:\/\/www.abenex.com\/fr\/abenex-annonce-quantoine-houel-quitte-la-societe-de-gestion-a-la-fin-de-lannee-2024\/"},"author":{"name":"juliana.chrismousse@abenex.com","@id":"https:\/\/www.abenex.com\/#\/schema\/person\/57e8110c7a09d3a603d872830770a3e8"},"headline":"Abenex annonce qu\u2019Antoine Hou\u00ebl quitte la soci\u00e9t\u00e9 de gestion \u00e0 la fin de l\u2019ann\u00e9e 2024","datePublished":"2024-10-22T09:59:41+00:00","dateModified":"2024-10-22T10:01:14+00:00","mainEntityOfPage":{"@id":"https:\/\/www.abenex.com\/fr\/abenex-annonce-quantoine-houel-quitte-la-societe-de-gestion-a-la-fin-de-lannee-2024\/"},"wordCount":266,"commentCount":0,"publisher":{"@id":"https:\/\/www.abenex.com\/#organization"},"articleSection":["Abenex","\u00c9quipe"],"inLanguage":"fr-FR","potentialAction":[{"@type":"CommentAction","name":"Comment","target":["https:\/\/www.abenex.com\/fr\/abenex-annonce-quantoine-houel-quitte-la-societe-de-gestion-a-la-fin-de-lannee-2024\/#respond"]}]},{"@type":"WebPage","@id":"https:\/\/www.abenex.com\/fr\/abenex-annonce-quantoine-houel-quitte-la-societe-de-gestion-a-la-fin-de-lannee-2024\/","url":"https:\/\/www.abenex.com\/fr\/abenex-annonce-quantoine-houel-quitte-la-societe-de-gestion-a-la-fin-de-lannee-2024\/","name":"Abenex annonce qu\u2019Antoine Hou\u00ebl quitte la soci\u00e9t\u00e9 de gestion \u00e0 la fin de l\u2019ann\u00e9e 2024 | Abenex","isPartOf":{"@id":"https:\/\/www.abenex.com\/#website"},"datePublished":"2024-10-22T09:59:41+00:00","dateModified":"2024-10-22T10:01:14+00:00","breadcrumb":{"@id":"https:\/\/www.abenex.com\/fr\/abenex-annonce-quantoine-houel-quitte-la-societe-de-gestion-a-la-fin-de-lannee-2024\/#breadcrumb"},"inLanguage":"fr-FR","potentialAction":[{"@type":"ReadAction","target":["https:\/\/www.abenex.com\/fr\/abenex-annonce-quantoine-houel-quitte-la-societe-de-gestion-a-la-fin-de-lannee-2024\/"]}]},{"@type":"BreadcrumbList","@id":"https:\/\/www.abenex.com\/fr\/abenex-annonce-quantoine-houel-quitte-la-societe-de-gestion-a-la-fin-de-lannee-2024\/#breadcrumb","itemListElement":[{"@type":"ListItem","position":1,"name":"Accueil","item":"https:\/\/www.abenex.com\/fr\/"},{"@type":"ListItem","position":2,"name":"Abenex annonce qu\u2019Antoine Hou\u00ebl quitte la soci\u00e9t\u00e9 de gestion \u00e0 la fin de l\u2019ann\u00e9e 2024"}]},{"@type":"WebSite","@id":"https:\/\/www.abenex.com\/#website","url":"https:\/\/www.abenex.com\/","name":"Abenex - Investing with purpose","description":"Investing with purpose","publisher":{"@id":"https:\/\/www.abenex.com\/#organization"},"potentialAction":[{"@type":"SearchAction","target":{"@type":"EntryPoint","urlTemplate":"https:\/\/www.abenex.com\/?s={search_term_string}"},"query-input":{"@type":"PropertyValueSpecification","valueRequired":true,"valueName":"search_term_string"}}],"inLanguage":"fr-FR"},{"@type":"Organization","@id":"https:\/\/www.abenex.com\/#organization","name":"Abenex - Investing with purpose","url":"https:\/\/www.abenex.com\/","logo":{"@type":"ImageObject","inLanguage":"fr-FR","@id":"https:\/\/www.abenex.com\/#\/schema\/logo\/image\/","url":"https:\/\/www.abenex.com\/wp-content\/uploads\/2023\/05\/FULL-LOGO-NOIR-BLEU-1.svg","contentUrl":"https:\/\/www.abenex.com\/wp-content\/uploads\/2023\/05\/FULL-LOGO-NOIR-BLEU-1.svg","width":166,"height":34,"caption":"Abenex - Investing with purpose"},"image":{"@id":"https:\/\/www.abenex.com\/#\/schema\/logo\/image\/"}},{"@type":"Person","@id":"https:\/\/www.abenex.com\/#\/schema\/person\/57e8110c7a09d3a603d872830770a3e8","name":"juliana.chrismousse@abenex.com","image":{"@type":"ImageObject","inLanguage":"fr-FR","@id":"https:\/\/www.abenex.com\/#\/schema\/person\/image\/","url":"https:\/\/secure.gravatar.com\/avatar\/2e0d9c3abea5ad58eb4bf13f2a97a100098248e4011de392f528414b62c4d003?s=96&d=mm&r=g","contentUrl":"https:\/\/secure.gravatar.com\/avatar\/2e0d9c3abea5ad58eb4bf13f2a97a100098248e4011de392f528414b62c4d003?s=96&d=mm&r=g","caption":"juliana.chrismousse@abenex.com"}}]}},"_links":{"self":[{"href":"https:\/\/www.abenex.com\/fr\/wp-json\/wp\/v2\/posts\/13674","targetHints":{"allow":["GET"]}}],"collection":[{"href":"https:\/\/www.abenex.com\/fr\/wp-json\/wp\/v2\/posts"}],"about":[{"href":"https:\/\/www.abenex.com\/fr\/wp-json\/wp\/v2\/types\/post"}],"author":[{"embeddable":true,"href":"https:\/\/www.abenex.com\/fr\/wp-json\/wp\/v2\/users\/8"}],"replies":[{"embeddable":true,"href":"https:\/\/www.abenex.com\/fr\/wp-json\/wp\/v2\/comments?post=13674"}],"version-history":[{"count":2,"href":"https:\/\/www.abenex.com\/fr\/wp-json\/wp\/v2\/posts\/13674\/revisions"}],"predecessor-version":[{"id":13680,"href":"https:\/\/www.abenex.com\/fr\/wp-json\/wp\/v2\/posts\/13674\/revisions\/13680"}],"wp:attachment":[{"href":"https:\/\/www.abenex.com\/fr\/wp-json\/wp\/v2\/media?parent=13674"}],"wp:term":[{"taxonomy":"category","embeddable":true,"href":"https:\/\/www.abenex.com\/fr\/wp-json\/wp\/v2\/categories?post=13674"},{"taxonomy":"post_tag","embeddable":true,"href":"https:\/\/www.abenex.com\/fr\/wp-json\/wp\/v2\/tags?post=13674"}],"curies":[{"name":"wp","href":"https:\/\/api.w.org\/{rel}","templated":true}]}}