    
{"id":14514,"date":"2025-07-17T10:22:09","date_gmt":"2025-07-17T08:22:09","guid":{"rendered":"https:\/\/www.abenex.com\/?p=14514"},"modified":"2025-07-17T11:52:18","modified_gmt":"2025-07-17T09:52:18","slug":"acquisition-immobiliere-neuilly","status":"publish","type":"post","link":"https:\/\/www.abenex.com\/fr\/acquisition-immobiliere-neuilly\/","title":{"rendered":"Abenex REIM annonce l\u2019acquisition de plusieurs lots r\u00e9sidentiels \u00e0 Neuilly-sur-Seine"},"content":{"rendered":"<p><strong><a href=\"https:\/\/fr.linkedin.com\/company\/abenex-capital\">Abenex<\/a> REIM, via un v\u00e9hicule d\u2019investissement d\u00e9di\u00e9, lev\u00e9 aupr\u00e8s d\u2019investisseurs institutionnels et priv\u00e9s, annonce l\u2019acquisition d\u2019un ensemble immobilier r\u00e9sidentiel d\u00e9tenu jusqu\u2019alors par plusieurs propri\u00e9taires \u00e0 Neuilly-sur-Seine (92). <\/strong>Cette op\u00e9ration s\u2019inscrit pleinement dans la strat\u00e9gie d\u2019Abenex REIM, ciblant des actifs de qualit\u00e9, id\u00e9alement situ\u00e9s, avec un potentiel d\u2019optimisation.<\/p>\n<p>Construit en 1936, l\u2019immeuble regroupant les lots vendus est de style Art D\u00e9co en pierre de taille et d\u00e9veloppe une surface Carrez de plus de 2 800 m\u00b2 r\u00e9partie sur six niveaux (R+6). \u00a0Id\u00e9alement situ\u00e9, \u00e0 proximit\u00e9 imm\u00e9diate du Bois de Boulogne et \u00e0 quelques minutes du m\u00e9tro (ligne 1), l\u2019actif b\u00e9n\u00e9ficie d\u2019un emplacement pris\u00e9 et recherch\u00e9 de Neuilly-sur-Seine.<\/p>\n<p>Historiquement d\u00e9tenu par une indivision familiale, le b\u00e2timent a fait l\u2019objet d\u2019un entretien r\u00e9gulier, sans toutefois avoir b\u00e9n\u00e9fici\u00e9 d\u2019une d\u00e9marche de valorisation active jusqu\u2019\u00e0 aujourd\u2019hui. Conform\u00e9ment \u00e0 sa strat\u00e9gie <em>value-add<\/em> et en ligne avec son positionnement ESG, Abenex, <strong>soci\u00e9t\u00e9 \u00e0 mission certifi\u00e9e B-Corp<\/strong>, pr\u00e9voit un programme de repositionnement sur environ trois ans.<\/p>\n<p>Le programme de r\u00e9novation pr\u00e9vu visera \u00e0 am\u00e9liorer significativement la performance \u00e9nerg\u00e9tique de l\u2019immeuble et \u00e0 repenser l\u2019agencement des espaces communs. La restructuration des \u00e9tages courants et la reconfiguration des appartements permettront de r\u00e9pondre \u00e0 la forte demande de logements familiaux \u00e0 Neuilly-sur-Seine.<\/p>\n<p>R\u00e9alis\u00e9e avec le soutien d\u2019investisseurs institutionnels et priv\u00e9s \u2013 parmi lesquels Etoile du Nord Promotion, LC Promo, CEPRAL Participations et le FCPR Anaxago Society \u2013 via un v\u00e9hicule d\u2019investissement d\u00e9di\u00e9, l&rsquo;acquisition vient compl\u00e9ter le portefeuille d\u2019Abenex REIM, d\u00e9sormais sup\u00e9rieur \u00e0 200 millions d\u2019euros. Il s\u2019agit de la deuxi\u00e8me op\u00e9ration r\u00e9alis\u00e9e en 2025.<\/p>\n<p>&nbsp;<\/p>\n<p>\u00ab Dans un contexte de march\u00e9 d\u2019opportunit\u00e9s, cette acquisition illustre notre capacit\u00e9 \u00e0 identifier et s\u00e9curiser des actifs r\u00e9sidentiels de qualit\u00e9 \u00e0 des conditions attractives. La reprise observ\u00e9e aujourd\u2019hui \u00e0 Neuilly vient conforter nos convictions sur la r\u00e9silience et le fort potentiel de valorisation des emplacements <em>prime<\/em> de la premi\u00e8re couronne parisienne. \u00bb, d\u00e9clare <strong>Vincent Brunswick<\/strong>, associ\u00e9 d\u2019Abenex, en charge des activit\u00e9s immobili\u00e8res.<\/p>\n<p>&nbsp;<\/p>\n<p><strong><u>Conseils de la transaction\u00a0:<\/u><\/strong><\/p>\n<ul>\n<li>Conseil Acqu\u00e9reur : Sentosa RE<\/li>\n<li>Notaire Acqu\u00e9reur : Cheuvreux<\/li>\n<li>Conseil Structuration Juridique : Proskauer<\/li>\n<li>Financement : Caisse d\u2019Epargne Hauts de France<\/li>\n<\/ul>\n<p>&nbsp;<\/p>\n<p>Consultez <a href=\"https:\/\/www.abenex.com\/portfolios\/#actifs-immo\">notre portefeuille d&rsquo;actifs<\/a><\/p>\n","protected":false},"excerpt":{"rendered":"<p>Abenex REIM, via un v\u00e9hicule d\u2019investissement d\u00e9di\u00e9, lev\u00e9 aupr\u00e8s d\u2019investisseurs institutionnels et priv\u00e9s, annonce l\u2019acquisition d\u2019un ensemble immobilier r\u00e9sidentiel d\u00e9tenu jusqu\u2019alors par plusieurs propri\u00e9taires \u00e0 Neuilly-sur-Seine (92). Cette op\u00e9ration s\u2019inscrit pleinement dans la strat\u00e9gie d\u2019Abenex REIM, ciblant des actifs de qualit\u00e9, id\u00e9alement situ\u00e9s, avec un potentiel d\u2019optimisation. Construit en 1936, l\u2019immeuble regroupant les lots vendus [&hellip;]<\/p>\n","protected":false},"author":8,"featured_media":14521,"comment_status":"open","ping_status":"open","sticky":false,"template":"","format":"standard","meta":{"footnotes":""},"categories":[31],"tags":[],"class_list":["post-14514","post","type-post","status-publish","format-standard","has-post-thumbnail","hentry","category-immobilier"],"acf":[],"yoast_head":"<!-- This site is optimized with the Yoast SEO plugin v27.1.1 - https:\/\/yoast.com\/product\/yoast-seo-wordpress\/ -->\n<title>Acquisition immobili\u00e8re Neuilly-sur-Seine | Abenex<\/title>\n<meta name=\"description\" content=\"Abenex REIM annonce une acquisition immobili\u00e8re \u00e0 Neuilly-sur-Seine, plusieurs lots r\u00e9sidentiels Art D\u00e9co \u00e0 fort potentiel\" \/>\n<meta name=\"robots\" content=\"index, follow, max-snippet:-1, max-image-preview:large, max-video-preview:-1\" \/>\n<link rel=\"canonical\" href=\"https:\/\/www.abenex.com\/fr\/acquisition-immobiliere-neuilly\/\" \/>\n<meta property=\"og:locale\" content=\"fr_FR\" \/>\n<meta property=\"og:type\" content=\"article\" \/>\n<meta property=\"og:title\" content=\"Acquisition immobili\u00e8re Neuilly-sur-Seine | Abenex\" \/>\n<meta property=\"og:description\" content=\"Abenex REIM annonce une acquisition immobili\u00e8re \u00e0 Neuilly-sur-Seine, plusieurs lots r\u00e9sidentiels Art D\u00e9co \u00e0 fort potentiel\" \/>\n<meta property=\"og:url\" content=\"https:\/\/www.abenex.com\/fr\/acquisition-immobiliere-neuilly\/\" \/>\n<meta property=\"og:site_name\" content=\"Abenex\" \/>\n<meta property=\"article:published_time\" content=\"2025-07-17T08:22:09+00:00\" \/>\n<meta property=\"article:modified_time\" content=\"2025-07-17T09:52:18+00:00\" \/>\n<meta property=\"og:image\" content=\"https:\/\/www.abenex.com\/wp-content\/uploads\/2025\/07\/Abenex-REIM-Neuiily-scaled.jpg\" \/>\n\t<meta property=\"og:image:width\" content=\"2560\" \/>\n\t<meta property=\"og:image:height\" content=\"1431\" \/>\n\t<meta property=\"og:image:type\" content=\"image\/jpeg\" \/>\n<meta name=\"author\" content=\"juliana.chrismousse@abenex.com\" \/>\n<meta name=\"twitter:card\" content=\"summary_large_image\" \/>\n<meta name=\"twitter:label1\" content=\"\u00c9crit par\" \/>\n\t<meta name=\"twitter:data1\" content=\"juliana.chrismousse@abenex.com\" \/>\n\t<meta name=\"twitter:label2\" content=\"Dur\u00e9e de lecture estim\u00e9e\" \/>\n\t<meta name=\"twitter:data2\" content=\"2 minutes\" \/>\n<script type=\"application\/ld+json\" class=\"yoast-schema-graph\">{\"@context\":\"https:\/\/schema.org\",\"@graph\":[{\"@type\":\"Article\",\"@id\":\"https:\/\/www.abenex.com\/fr\/acquisition-immobiliere-neuilly\/#article\",\"isPartOf\":{\"@id\":\"https:\/\/www.abenex.com\/fr\/acquisition-immobiliere-neuilly\/\"},\"author\":{\"name\":\"juliana.chrismousse@abenex.com\",\"@id\":\"https:\/\/www.abenex.com\/#\/schema\/person\/57e8110c7a09d3a603d872830770a3e8\"},\"headline\":\"Abenex REIM annonce l\u2019acquisition de plusieurs lots r\u00e9sidentiels \u00e0 Neuilly-sur-Seine\",\"datePublished\":\"2025-07-17T08:22:09+00:00\",\"dateModified\":\"2025-07-17T09:52:18+00:00\",\"mainEntityOfPage\":{\"@id\":\"https:\/\/www.abenex.com\/fr\/acquisition-immobiliere-neuilly\/\"},\"wordCount\":415,\"commentCount\":0,\"publisher\":{\"@id\":\"https:\/\/www.abenex.com\/#organization\"},\"image\":{\"@id\":\"https:\/\/www.abenex.com\/fr\/acquisition-immobiliere-neuilly\/#primaryimage\"},\"thumbnailUrl\":\"https:\/\/www.abenex.com\/wp-content\/uploads\/2025\/07\/Abenex-REIM-Neuiily-scaled.jpg\",\"articleSection\":[\"Immobilier\"],\"inLanguage\":\"fr-FR\",\"potentialAction\":[{\"@type\":\"CommentAction\",\"name\":\"Comment\",\"target\":[\"https:\/\/www.abenex.com\/fr\/acquisition-immobiliere-neuilly\/#respond\"]}]},{\"@type\":\"WebPage\",\"@id\":\"https:\/\/www.abenex.com\/fr\/acquisition-immobiliere-neuilly\/\",\"url\":\"https:\/\/www.abenex.com\/fr\/acquisition-immobiliere-neuilly\/\",\"name\":\"Acquisition immobili\u00e8re Neuilly-sur-Seine | Abenex\",\"isPartOf\":{\"@id\":\"https:\/\/www.abenex.com\/#website\"},\"primaryImageOfPage\":{\"@id\":\"https:\/\/www.abenex.com\/fr\/acquisition-immobiliere-neuilly\/#primaryimage\"},\"image\":{\"@id\":\"https:\/\/www.abenex.com\/fr\/acquisition-immobiliere-neuilly\/#primaryimage\"},\"thumbnailUrl\":\"https:\/\/www.abenex.com\/wp-content\/uploads\/2025\/07\/Abenex-REIM-Neuiily-scaled.jpg\",\"datePublished\":\"2025-07-17T08:22:09+00:00\",\"dateModified\":\"2025-07-17T09:52:18+00:00\",\"description\":\"Abenex REIM annonce une acquisition immobili\u00e8re \u00e0 Neuilly-sur-Seine, plusieurs lots r\u00e9sidentiels Art D\u00e9co \u00e0 fort potentiel\",\"breadcrumb\":{\"@id\":\"https:\/\/www.abenex.com\/fr\/acquisition-immobiliere-neuilly\/#breadcrumb\"},\"inLanguage\":\"fr-FR\",\"potentialAction\":[{\"@type\":\"ReadAction\",\"target\":[\"https:\/\/www.abenex.com\/fr\/acquisition-immobiliere-neuilly\/\"]}]},{\"@type\":\"ImageObject\",\"inLanguage\":\"fr-FR\",\"@id\":\"https:\/\/www.abenex.com\/fr\/acquisition-immobiliere-neuilly\/#primaryimage\",\"url\":\"https:\/\/www.abenex.com\/wp-content\/uploads\/2025\/07\/Abenex-REIM-Neuiily-scaled.jpg\",\"contentUrl\":\"https:\/\/www.abenex.com\/wp-content\/uploads\/2025\/07\/Abenex-REIM-Neuiily-scaled.jpg\",\"width\":2560,\"height\":1431,\"caption\":\"acquisition immobili\u00e8re Neuilly-sur-Seine\"},{\"@type\":\"BreadcrumbList\",\"@id\":\"https:\/\/www.abenex.com\/fr\/acquisition-immobiliere-neuilly\/#breadcrumb\",\"itemListElement\":[{\"@type\":\"ListItem\",\"position\":1,\"name\":\"Accueil\",\"item\":\"https:\/\/www.abenex.com\/fr\/\"},{\"@type\":\"ListItem\",\"position\":2,\"name\":\"Abenex REIM annonce l\u2019acquisition de plusieurs lots r\u00e9sidentiels \u00e0 Neuilly-sur-Seine\"}]},{\"@type\":\"WebSite\",\"@id\":\"https:\/\/www.abenex.com\/#website\",\"url\":\"https:\/\/www.abenex.com\/\",\"name\":\"Abenex - Investing with purpose\",\"description\":\"Investing with purpose\",\"publisher\":{\"@id\":\"https:\/\/www.abenex.com\/#organization\"},\"potentialAction\":[{\"@type\":\"SearchAction\",\"target\":{\"@type\":\"EntryPoint\",\"urlTemplate\":\"https:\/\/www.abenex.com\/?s={search_term_string}\"},\"query-input\":{\"@type\":\"PropertyValueSpecification\",\"valueRequired\":true,\"valueName\":\"search_term_string\"}}],\"inLanguage\":\"fr-FR\"},{\"@type\":\"Organization\",\"@id\":\"https:\/\/www.abenex.com\/#organization\",\"name\":\"Abenex - Investing with purpose\",\"url\":\"https:\/\/www.abenex.com\/\",\"logo\":{\"@type\":\"ImageObject\",\"inLanguage\":\"fr-FR\",\"@id\":\"https:\/\/www.abenex.com\/#\/schema\/logo\/image\/\",\"url\":\"https:\/\/www.abenex.com\/wp-content\/uploads\/2023\/05\/FULL-LOGO-NOIR-BLEU-1.svg\",\"contentUrl\":\"https:\/\/www.abenex.com\/wp-content\/uploads\/2023\/05\/FULL-LOGO-NOIR-BLEU-1.svg\",\"width\":166,\"height\":34,\"caption\":\"Abenex - Investing with purpose\"},\"image\":{\"@id\":\"https:\/\/www.abenex.com\/#\/schema\/logo\/image\/\"}},{\"@type\":\"Person\",\"@id\":\"https:\/\/www.abenex.com\/#\/schema\/person\/57e8110c7a09d3a603d872830770a3e8\",\"name\":\"juliana.chrismousse@abenex.com\",\"image\":{\"@type\":\"ImageObject\",\"inLanguage\":\"fr-FR\",\"@id\":\"https:\/\/www.abenex.com\/#\/schema\/person\/image\/\",\"url\":\"https:\/\/secure.gravatar.com\/avatar\/2e0d9c3abea5ad58eb4bf13f2a97a100098248e4011de392f528414b62c4d003?s=96&d=mm&r=g\",\"contentUrl\":\"https:\/\/secure.gravatar.com\/avatar\/2e0d9c3abea5ad58eb4bf13f2a97a100098248e4011de392f528414b62c4d003?s=96&d=mm&r=g\",\"caption\":\"juliana.chrismousse@abenex.com\"}}]}<\/script>\n<!-- \/ Yoast SEO plugin. -->","yoast_head_json":{"title":"Acquisition immobili\u00e8re Neuilly-sur-Seine | Abenex","description":"Abenex REIM annonce une acquisition immobili\u00e8re \u00e0 Neuilly-sur-Seine, plusieurs lots r\u00e9sidentiels Art D\u00e9co \u00e0 fort potentiel","robots":{"index":"index","follow":"follow","max-snippet":"max-snippet:-1","max-image-preview":"max-image-preview:large","max-video-preview":"max-video-preview:-1"},"canonical":"https:\/\/www.abenex.com\/fr\/acquisition-immobiliere-neuilly\/","og_locale":"fr_FR","og_type":"article","og_title":"Acquisition immobili\u00e8re Neuilly-sur-Seine | Abenex","og_description":"Abenex REIM annonce une acquisition immobili\u00e8re \u00e0 Neuilly-sur-Seine, plusieurs lots r\u00e9sidentiels Art D\u00e9co \u00e0 fort potentiel","og_url":"https:\/\/www.abenex.com\/fr\/acquisition-immobiliere-neuilly\/","og_site_name":"Abenex","article_published_time":"2025-07-17T08:22:09+00:00","article_modified_time":"2025-07-17T09:52:18+00:00","og_image":[{"width":2560,"height":1431,"url":"https:\/\/www.abenex.com\/wp-content\/uploads\/2025\/07\/Abenex-REIM-Neuiily-scaled.jpg","type":"image\/jpeg"}],"author":"juliana.chrismousse@abenex.com","twitter_card":"summary_large_image","twitter_misc":{"\u00c9crit par":"juliana.chrismousse@abenex.com","Dur\u00e9e de lecture estim\u00e9e":"2 minutes"},"schema":{"@context":"https:\/\/schema.org","@graph":[{"@type":"Article","@id":"https:\/\/www.abenex.com\/fr\/acquisition-immobiliere-neuilly\/#article","isPartOf":{"@id":"https:\/\/www.abenex.com\/fr\/acquisition-immobiliere-neuilly\/"},"author":{"name":"juliana.chrismousse@abenex.com","@id":"https:\/\/www.abenex.com\/#\/schema\/person\/57e8110c7a09d3a603d872830770a3e8"},"headline":"Abenex REIM annonce l\u2019acquisition de plusieurs lots r\u00e9sidentiels \u00e0 Neuilly-sur-Seine","datePublished":"2025-07-17T08:22:09+00:00","dateModified":"2025-07-17T09:52:18+00:00","mainEntityOfPage":{"@id":"https:\/\/www.abenex.com\/fr\/acquisition-immobiliere-neuilly\/"},"wordCount":415,"commentCount":0,"publisher":{"@id":"https:\/\/www.abenex.com\/#organization"},"image":{"@id":"https:\/\/www.abenex.com\/fr\/acquisition-immobiliere-neuilly\/#primaryimage"},"thumbnailUrl":"https:\/\/www.abenex.com\/wp-content\/uploads\/2025\/07\/Abenex-REIM-Neuiily-scaled.jpg","articleSection":["Immobilier"],"inLanguage":"fr-FR","potentialAction":[{"@type":"CommentAction","name":"Comment","target":["https:\/\/www.abenex.com\/fr\/acquisition-immobiliere-neuilly\/#respond"]}]},{"@type":"WebPage","@id":"https:\/\/www.abenex.com\/fr\/acquisition-immobiliere-neuilly\/","url":"https:\/\/www.abenex.com\/fr\/acquisition-immobiliere-neuilly\/","name":"Acquisition immobili\u00e8re Neuilly-sur-Seine | Abenex","isPartOf":{"@id":"https:\/\/www.abenex.com\/#website"},"primaryImageOfPage":{"@id":"https:\/\/www.abenex.com\/fr\/acquisition-immobiliere-neuilly\/#primaryimage"},"image":{"@id":"https:\/\/www.abenex.com\/fr\/acquisition-immobiliere-neuilly\/#primaryimage"},"thumbnailUrl":"https:\/\/www.abenex.com\/wp-content\/uploads\/2025\/07\/Abenex-REIM-Neuiily-scaled.jpg","datePublished":"2025-07-17T08:22:09+00:00","dateModified":"2025-07-17T09:52:18+00:00","description":"Abenex REIM annonce une acquisition immobili\u00e8re \u00e0 Neuilly-sur-Seine, plusieurs lots r\u00e9sidentiels Art D\u00e9co \u00e0 fort potentiel","breadcrumb":{"@id":"https:\/\/www.abenex.com\/fr\/acquisition-immobiliere-neuilly\/#breadcrumb"},"inLanguage":"fr-FR","potentialAction":[{"@type":"ReadAction","target":["https:\/\/www.abenex.com\/fr\/acquisition-immobiliere-neuilly\/"]}]},{"@type":"ImageObject","inLanguage":"fr-FR","@id":"https:\/\/www.abenex.com\/fr\/acquisition-immobiliere-neuilly\/#primaryimage","url":"https:\/\/www.abenex.com\/wp-content\/uploads\/2025\/07\/Abenex-REIM-Neuiily-scaled.jpg","contentUrl":"https:\/\/www.abenex.com\/wp-content\/uploads\/2025\/07\/Abenex-REIM-Neuiily-scaled.jpg","width":2560,"height":1431,"caption":"acquisition immobili\u00e8re Neuilly-sur-Seine"},{"@type":"BreadcrumbList","@id":"https:\/\/www.abenex.com\/fr\/acquisition-immobiliere-neuilly\/#breadcrumb","itemListElement":[{"@type":"ListItem","position":1,"name":"Accueil","item":"https:\/\/www.abenex.com\/fr\/"},{"@type":"ListItem","position":2,"name":"Abenex REIM annonce l\u2019acquisition de plusieurs lots r\u00e9sidentiels \u00e0 Neuilly-sur-Seine"}]},{"@type":"WebSite","@id":"https:\/\/www.abenex.com\/#website","url":"https:\/\/www.abenex.com\/","name":"Abenex - Investing with purpose","description":"Investing with purpose","publisher":{"@id":"https:\/\/www.abenex.com\/#organization"},"potentialAction":[{"@type":"SearchAction","target":{"@type":"EntryPoint","urlTemplate":"https:\/\/www.abenex.com\/?s={search_term_string}"},"query-input":{"@type":"PropertyValueSpecification","valueRequired":true,"valueName":"search_term_string"}}],"inLanguage":"fr-FR"},{"@type":"Organization","@id":"https:\/\/www.abenex.com\/#organization","name":"Abenex - Investing with purpose","url":"https:\/\/www.abenex.com\/","logo":{"@type":"ImageObject","inLanguage":"fr-FR","@id":"https:\/\/www.abenex.com\/#\/schema\/logo\/image\/","url":"https:\/\/www.abenex.com\/wp-content\/uploads\/2023\/05\/FULL-LOGO-NOIR-BLEU-1.svg","contentUrl":"https:\/\/www.abenex.com\/wp-content\/uploads\/2023\/05\/FULL-LOGO-NOIR-BLEU-1.svg","width":166,"height":34,"caption":"Abenex - Investing with purpose"},"image":{"@id":"https:\/\/www.abenex.com\/#\/schema\/logo\/image\/"}},{"@type":"Person","@id":"https:\/\/www.abenex.com\/#\/schema\/person\/57e8110c7a09d3a603d872830770a3e8","name":"juliana.chrismousse@abenex.com","image":{"@type":"ImageObject","inLanguage":"fr-FR","@id":"https:\/\/www.abenex.com\/#\/schema\/person\/image\/","url":"https:\/\/secure.gravatar.com\/avatar\/2e0d9c3abea5ad58eb4bf13f2a97a100098248e4011de392f528414b62c4d003?s=96&d=mm&r=g","contentUrl":"https:\/\/secure.gravatar.com\/avatar\/2e0d9c3abea5ad58eb4bf13f2a97a100098248e4011de392f528414b62c4d003?s=96&d=mm&r=g","caption":"juliana.chrismousse@abenex.com"}}]}},"_links":{"self":[{"href":"https:\/\/www.abenex.com\/fr\/wp-json\/wp\/v2\/posts\/14514","targetHints":{"allow":["GET"]}}],"collection":[{"href":"https:\/\/www.abenex.com\/fr\/wp-json\/wp\/v2\/posts"}],"about":[{"href":"https:\/\/www.abenex.com\/fr\/wp-json\/wp\/v2\/types\/post"}],"author":[{"embeddable":true,"href":"https:\/\/www.abenex.com\/fr\/wp-json\/wp\/v2\/users\/8"}],"replies":[{"embeddable":true,"href":"https:\/\/www.abenex.com\/fr\/wp-json\/wp\/v2\/comments?post=14514"}],"version-history":[{"count":3,"href":"https:\/\/www.abenex.com\/fr\/wp-json\/wp\/v2\/posts\/14514\/revisions"}],"predecessor-version":[{"id":14531,"href":"https:\/\/www.abenex.com\/fr\/wp-json\/wp\/v2\/posts\/14514\/revisions\/14531"}],"wp:featuredmedia":[{"embeddable":true,"href":"https:\/\/www.abenex.com\/fr\/wp-json\/wp\/v2\/media\/14521"}],"wp:attachment":[{"href":"https:\/\/www.abenex.com\/fr\/wp-json\/wp\/v2\/media?parent=14514"}],"wp:term":[{"taxonomy":"category","embeddable":true,"href":"https:\/\/www.abenex.com\/fr\/wp-json\/wp\/v2\/categories?post=14514"},{"taxonomy":"post_tag","embeddable":true,"href":"https:\/\/www.abenex.com\/fr\/wp-json\/wp\/v2\/tags?post=14514"}],"curies":[{"name":"wp","href":"https:\/\/api.w.org\/{rel}","templated":true}]}}