    
{"id":14714,"date":"2025-09-09T10:13:10","date_gmt":"2025-09-09T08:13:10","guid":{"rendered":"https:\/\/www.abenex.com\/?p=14714"},"modified":"2025-09-09T10:12:31","modified_gmt":"2025-09-09T08:12:31","slug":"cession-inlog-abenex","status":"publish","type":"post","link":"https:\/\/www.abenex.com\/fr\/cession-inlog-abenex\/","title":{"rendered":"Abenex finalise la cession d&rsquo;Inlog apr\u00e8s une phase de transformation r\u00e9ussie"},"content":{"rendered":"<p>Cinq ans apr\u00e8s l\u2019acquisition d\u2019<a href=\"https:\/\/www.abenex.com\/fr\/company\/inlog\/\" target=\"_blank\" rel=\"noopener\">Inlog<\/a> aupr\u00e8s du groupe industriel am\u00e9ricain Haemonetics, Abenex annonce la cession de l\u2019\u00e9diteur de logiciels sp\u00e9cialis\u00e9s dans la tra\u00e7abilit\u00e9 des produits sanguins et la gestion des laboratoires. Cette op\u00e9ration marque la fin d\u2019un partenariat strat\u00e9gique et op\u00e9rationnel structurant qui a permis \u00e0 Inlog de franchir une nouvelle \u00e9tape de d\u00e9veloppement en France comme \u00e0 l\u2019international.<\/p>\n<p><strong>\u00a0<\/strong><\/p>\n<p><strong>Un acteur majeur du domaine de la transmission et de la s\u00e9curisation des donn\u00e9es m\u00e9dicales<\/strong><\/p>\n<p>Fond\u00e9e en 1992 \u00e0 Limonest (Rh\u00f4ne), Inlog est l\u2019un des leaders europ\u00e9ens de l\u2019informatique m\u00e9dicale, sp\u00e9cialis\u00e9 dans les solutions logicielles pour les laboratoires d\u2019analyses, h\u00f4pitaux et centres de transfusion sanguine. Ses suites logicielles \u00e9quipent aujourd\u2019hui plus de 630 clients publics et priv\u00e9s dans 12 pays, dont plusieurs institutions de transfusion sanguine europ\u00e9ennes de premier plan. Inlog propose \u00e9galement des solutions de r\u00e9f\u00e9rence pour le management de la qualit\u00e9 et des processus r\u00e9glementaires au sein des laboratoires. Le groupe compte environ 80 collaborateurs dans le monde.<\/p>\n<p>&nbsp;<\/p>\n<p><strong>Une croissance acc\u00e9l\u00e9r\u00e9e par une strat\u00e9gie cibl\u00e9e<\/strong><\/p>\n<p>Depuis son entr\u00e9e au capital en 2020, Abenex a accompagn\u00e9 Inlog dans une phase de transformation ambitieuse, visant \u00e0 structurer une soci\u00e9t\u00e9 ind\u00e9pendante du groupe Haemonetics et \u00e0 acc\u00e9l\u00e9rer sa croissance. L\u2019\u00e9quipe de direction a \u00e9t\u00e9 renforc\u00e9e, un nouvel ERP a \u00e9t\u00e9 d\u00e9ploy\u00e9, et les activit\u00e9s de R&amp;D ont \u00e9t\u00e9 totalement internalis\u00e9es pour mieux ma\u00eetriser l\u2019innovation. Sur le plan g\u00e9ographique, <a href=\"https:\/\/www.inlog.com\/\" target=\"_blank\" rel=\"noopener\">Inlog<\/a> a renforc\u00e9 sa pr\u00e9sence dans la zone DACH avec l\u2019ouverture d\u2019une filiale en Allemagne en 2022, afin de mieux servir les march\u00e9s allemand, suisse et autrichien. Parall\u00e8lement, l\u2019entreprise a men\u00e9 trois acquisitions cibl\u00e9es : <strong>Moonchase<\/strong> en Belgique (2023), qui a enrichi l\u2019offre pour les laboratoires avec une solution web et ouvert le Benelux ; <strong>Ubilab<\/strong> (2023) et <strong>Viskali<\/strong> (2022) en France, qui ont renforc\u00e9 l\u2019expertise d\u2019Inlog sur les logiciels de management de la qualit\u00e9. Port\u00e9e par cette dynamique, Inlog a vu son chiffre d\u2019affaires multipli\u00e9 par deux, et s\u2019est impos\u00e9 comme un acteur incontournable de la digitalisation des processus critiques dans le domaine de la sant\u00e9.<\/p>\n<p>&nbsp;<\/p>\n<p><strong>Une nouvelle \u00e9tape pour acc\u00e9l\u00e9rer l\u2019innovation et l\u2019internationalisation<\/strong><\/p>\n<p>Ce changement d\u2019actionnaire ouvre une nouvelle phase de d\u00e9veloppement pour Inlog, avec une ambition affirm\u00e9e\u00a0de renforcer ses positions \u00e0 l\u2019international et innover face aux nouveaux enjeux digitaux et r\u00e9glementaires du secteur m\u00e9dical. Ce nouveau chapitre s\u2019appuie sur les fondations solides pos\u00e9es ces derni\u00e8res ann\u00e9es\u00a0: une dynamique de croissance soutenue, une offre logicielle reconnue et un mod\u00e8le \u00e9conomique r\u00e9silient. Il prolonge \u00e9galement les engagements soci\u00e9taux de l\u2019entreprise, devenue <strong>entreprise \u00e0 mission en 2023<\/strong>, avec une gouvernance align\u00e9e sur des objectifs de durabilit\u00e9 et d\u2019impact positif.<\/p>\n<p>&nbsp;<\/p>\n<p><strong>David Kalfon, Directeur G\u00e9n\u00e9ral et Pr\u00e9sident d\u2019Inlog,<\/strong> d\u00e9clare :<\/p>\n<p>\u00ab\u00a0<em>Nous sommes tr\u00e8s fiers du chemin parcouru aux c\u00f4t\u00e9s d\u2019Abenex. Leur accompagnement a \u00e9t\u00e9 d\u00e9cisif pour structurer notre croissance, renforcer notre offre avec une gamme logiciel \u00e9largie et plus moderne et conqu\u00e9rir de nouveaux march\u00e9s. Nous abordons cette nouvelle \u00e9tape avec confiance et enthousiasme, aux c\u00f4t\u00e9s de notre nouvel actionnaire.<\/em>\u00a0\u00bb<\/p>\n<p>&nbsp;<\/p>\n<p><strong>Thomas Peretti, Associ\u00e9 chez Abenex, <\/strong>ajoute :<\/p>\n<p>\u00ab<em>\u00a0<\/em><em>Inlog illustre parfaitement notre approche d<\/em><em>\u2019<\/em><em>investisseur engag<\/em><em>\u00e9<\/em><em> et op\u00e9rationnel aux c<\/em><em>\u00f4<\/em><em>t<\/em><em>\u00e9<\/em><em>s d<\/em><em>\u2019\u00e9<\/em><em>quipes de management passionn<\/em><em>\u00e9<\/em><em>es. En cinq ans, l<\/em><em>\u2019<\/em><em>entreprise a su se transformer en profondeur, <\/em><em>\u00e9<\/em><em>tendre son empreinte g<\/em><em>\u00e9<\/em><em>ographique, am\u00e9liorer fortement sa performance ESG et <\/em><em>\u00e9<\/em><em>largir significativement son offre logicielle tout en maintenant un tr<\/em><em>\u00e8<\/em><em>s haut niveau de qualit<\/em><em>\u00e9<\/em><em> et de satisfaction client. Cette trajectoire remarquable se traduit <\/em><em>\u00e9<\/em><em>galement par une tr\u00e8s belle performance pour nos Fonds. Nous sommes fiers d\u2019avoir contribu\u00e9 \u00e0 cette dynamique et confiants dans la capacit\u00e9 d\u2019Inlog \u00e0 poursuivre son d\u00e9veloppement.<\/em>\u00a0\u00bb<\/p>\n<p>&nbsp;<\/p>\n<p><strong>Participants \u00e0 la transaction (c\u00f4t\u00e9 vendeurs)<\/strong><\/p>\n<p><strong><u>Vendeurs<\/u><\/strong><\/p>\n<ul>\n<li>Inlog : David Kalfon et \u00e9quipe de management<\/li>\n<li>Abenex\u00a0: Christian Dorl\u00e9ac, Thomas Peretti, Ang\u00e8le France, Foucault Crombez<\/li>\n<\/ul>\n<p><strong><u>Conseils c\u00f4t\u00e9 vendeurs<\/u><\/strong><\/p>\n<ul>\n<li>M&amp;A : Lincoln International (Matthieu Rosset, Fran\u00e7ois Rispoli, Fran\u00e7ois-Xavier Moisan, Arthur Legrand, Adrien Senechal, J\u00e9r\u00e9my Eyer) et Atguen Advisory (Jean-David Sultan)<\/li>\n<li>Juridique M&amp;A : McDermott Will &amp; Schulte (Gr\u00e9goire Andrieux, Robin Lamour, Charlotte Michellet)<\/li>\n<li>Conseil Management : Duroc Partners (Erwan Bordet, Faustine Paoluzzo)<\/li>\n<li>DD financi\u00e8re : 8Advisory (Gennat Mouline, Fr\u00e9d\u00e9ric Blache, Xavier Parenty, Alexandre Pommier)<\/li>\n<li>DD strat\u00e9gique et commerciale : EY-Parthenon (Gianluigi Indino, Arnaud Laferte, Divya Claver, Hugo Jennequin)<\/li>\n<li>DD juridique et sociale : Grant Thornton (Caroline Luche Rocchia, Christine D\u2019Ovidio, Sahra Hagani, Natalia Moya-Fernandez)<\/li>\n<li>DD fiscale : Ars\u00e8ne Taxand (David Chaumontet, Magali Mazzuco)<\/li>\n<li>DD IT : Vaultinum (Philippe Thomas, Juliette Cazenave, Jonathan Berdah)<\/li>\n<li>DD ESG : PwC (Jorik Geiger)<\/li>\n<\/ul>\n","protected":false},"excerpt":{"rendered":"<p>Cinq ans apr\u00e8s l\u2019acquisition d\u2019Inlog aupr\u00e8s du groupe industriel am\u00e9ricain Haemonetics, Abenex annonce la cession de l\u2019\u00e9diteur de logiciels sp\u00e9cialis\u00e9s dans la tra\u00e7abilit\u00e9 des produits sanguins et la gestion des laboratoires. Cette op\u00e9ration marque la fin d\u2019un partenariat strat\u00e9gique et op\u00e9rationnel structurant qui a permis \u00e0 Inlog de franchir une nouvelle \u00e9tape de d\u00e9veloppement en [&hellip;]<\/p>\n","protected":false},"author":8,"featured_media":14712,"comment_status":"open","ping_status":"open","sticky":false,"template":"","format":"standard","meta":{"footnotes":""},"categories":[103],"tags":[],"class_list":["post-14714","post","type-post","status-publish","format-standard","has-post-thumbnail","hentry","category-participation"],"acf":[],"yoast_head":"<!-- This site is optimized with the Yoast SEO plugin v27.1.1 - https:\/\/yoast.com\/product\/yoast-seo-wordpress\/ -->\n<title>Cession Inlog Abenex \u2013 logiciels m\u00e9dicaux<\/title>\n<meta name=\"description\" content=\"Cession Inlog par Abenex : l\u2019\u00e9diteur de logiciels m\u00e9dicaux sp\u00e9cialis\u00e9s poursuit son expansion apr\u00e8s une phase de transformation r\u00e9ussie\" \/>\n<meta name=\"robots\" content=\"index, follow, max-snippet:-1, max-image-preview:large, max-video-preview:-1\" \/>\n<link rel=\"canonical\" href=\"https:\/\/www.abenex.com\/fr\/cession-inlog-abenex\/\" \/>\n<meta property=\"og:locale\" content=\"fr_FR\" \/>\n<meta property=\"og:type\" content=\"article\" \/>\n<meta property=\"og:title\" content=\"Cession Inlog Abenex \u2013 logiciels m\u00e9dicaux\" \/>\n<meta property=\"og:description\" content=\"Cession Inlog par Abenex : l\u2019\u00e9diteur de logiciels m\u00e9dicaux sp\u00e9cialis\u00e9s poursuit son expansion apr\u00e8s une phase de transformation r\u00e9ussie\" \/>\n<meta property=\"og:url\" content=\"https:\/\/www.abenex.com\/fr\/cession-inlog-abenex\/\" \/>\n<meta property=\"og:site_name\" content=\"Abenex\" \/>\n<meta property=\"article:published_time\" content=\"2025-09-09T08:13:10+00:00\" \/>\n<meta property=\"og:image\" content=\"https:\/\/www.abenex.com\/wp-content\/uploads\/2025\/09\/Abenex-exits-Inlog.png\" \/>\n\t<meta property=\"og:image:width\" content=\"486\" \/>\n\t<meta property=\"og:image:height\" content=\"329\" \/>\n\t<meta property=\"og:image:type\" content=\"image\/png\" \/>\n<meta name=\"author\" content=\"juliana.chrismousse@abenex.com\" \/>\n<meta name=\"twitter:card\" content=\"summary_large_image\" \/>\n<meta name=\"twitter:label1\" content=\"\u00c9crit par\" \/>\n\t<meta name=\"twitter:data1\" content=\"juliana.chrismousse@abenex.com\" \/>\n\t<meta name=\"twitter:label2\" content=\"Dur\u00e9e de lecture estim\u00e9e\" \/>\n\t<meta name=\"twitter:data2\" content=\"4 minutes\" \/>\n<script type=\"application\/ld+json\" class=\"yoast-schema-graph\">{\"@context\":\"https:\/\/schema.org\",\"@graph\":[{\"@type\":\"Article\",\"@id\":\"https:\/\/www.abenex.com\/fr\/cession-inlog-abenex\/#article\",\"isPartOf\":{\"@id\":\"https:\/\/www.abenex.com\/fr\/cession-inlog-abenex\/\"},\"author\":{\"name\":\"juliana.chrismousse@abenex.com\",\"@id\":\"https:\/\/www.abenex.com\/#\/schema\/person\/57e8110c7a09d3a603d872830770a3e8\"},\"headline\":\"Abenex finalise la cession d&rsquo;Inlog apr\u00e8s une phase de transformation r\u00e9ussie\",\"datePublished\":\"2025-09-09T08:13:10+00:00\",\"mainEntityOfPage\":{\"@id\":\"https:\/\/www.abenex.com\/fr\/cession-inlog-abenex\/\"},\"wordCount\":831,\"commentCount\":0,\"publisher\":{\"@id\":\"https:\/\/www.abenex.com\/#organization\"},\"image\":{\"@id\":\"https:\/\/www.abenex.com\/fr\/cession-inlog-abenex\/#primaryimage\"},\"thumbnailUrl\":\"https:\/\/www.abenex.com\/wp-content\/uploads\/2025\/09\/Abenex-exits-Inlog.png\",\"articleSection\":[\"Participations\"],\"inLanguage\":\"fr-FR\",\"potentialAction\":[{\"@type\":\"CommentAction\",\"name\":\"Comment\",\"target\":[\"https:\/\/www.abenex.com\/fr\/cession-inlog-abenex\/#respond\"]}]},{\"@type\":\"WebPage\",\"@id\":\"https:\/\/www.abenex.com\/fr\/cession-inlog-abenex\/\",\"url\":\"https:\/\/www.abenex.com\/fr\/cession-inlog-abenex\/\",\"name\":\"Cession Inlog Abenex \u2013 logiciels m\u00e9dicaux\",\"isPartOf\":{\"@id\":\"https:\/\/www.abenex.com\/#website\"},\"primaryImageOfPage\":{\"@id\":\"https:\/\/www.abenex.com\/fr\/cession-inlog-abenex\/#primaryimage\"},\"image\":{\"@id\":\"https:\/\/www.abenex.com\/fr\/cession-inlog-abenex\/#primaryimage\"},\"thumbnailUrl\":\"https:\/\/www.abenex.com\/wp-content\/uploads\/2025\/09\/Abenex-exits-Inlog.png\",\"datePublished\":\"2025-09-09T08:13:10+00:00\",\"description\":\"Cession Inlog par Abenex : l\u2019\u00e9diteur de logiciels m\u00e9dicaux sp\u00e9cialis\u00e9s poursuit son expansion apr\u00e8s une phase de transformation r\u00e9ussie\",\"breadcrumb\":{\"@id\":\"https:\/\/www.abenex.com\/fr\/cession-inlog-abenex\/#breadcrumb\"},\"inLanguage\":\"fr-FR\",\"potentialAction\":[{\"@type\":\"ReadAction\",\"target\":[\"https:\/\/www.abenex.com\/fr\/cession-inlog-abenex\/\"]}]},{\"@type\":\"ImageObject\",\"inLanguage\":\"fr-FR\",\"@id\":\"https:\/\/www.abenex.com\/fr\/cession-inlog-abenex\/#primaryimage\",\"url\":\"https:\/\/www.abenex.com\/wp-content\/uploads\/2025\/09\/Abenex-exits-Inlog.png\",\"contentUrl\":\"https:\/\/www.abenex.com\/wp-content\/uploads\/2025\/09\/Abenex-exits-Inlog.png\",\"width\":486,\"height\":329,\"caption\":\"Abenex trade sale Inlog\"},{\"@type\":\"BreadcrumbList\",\"@id\":\"https:\/\/www.abenex.com\/fr\/cession-inlog-abenex\/#breadcrumb\",\"itemListElement\":[{\"@type\":\"ListItem\",\"position\":1,\"name\":\"Accueil\",\"item\":\"https:\/\/www.abenex.com\/fr\/\"},{\"@type\":\"ListItem\",\"position\":2,\"name\":\"Abenex finalise la cession d&#8217;Inlog apr\u00e8s une phase de transformation r\u00e9ussie\"}]},{\"@type\":\"WebSite\",\"@id\":\"https:\/\/www.abenex.com\/#website\",\"url\":\"https:\/\/www.abenex.com\/\",\"name\":\"Abenex - Investing with purpose\",\"description\":\"Investing with purpose\",\"publisher\":{\"@id\":\"https:\/\/www.abenex.com\/#organization\"},\"potentialAction\":[{\"@type\":\"SearchAction\",\"target\":{\"@type\":\"EntryPoint\",\"urlTemplate\":\"https:\/\/www.abenex.com\/?s={search_term_string}\"},\"query-input\":{\"@type\":\"PropertyValueSpecification\",\"valueRequired\":true,\"valueName\":\"search_term_string\"}}],\"inLanguage\":\"fr-FR\"},{\"@type\":\"Organization\",\"@id\":\"https:\/\/www.abenex.com\/#organization\",\"name\":\"Abenex - Investing with purpose\",\"url\":\"https:\/\/www.abenex.com\/\",\"logo\":{\"@type\":\"ImageObject\",\"inLanguage\":\"fr-FR\",\"@id\":\"https:\/\/www.abenex.com\/#\/schema\/logo\/image\/\",\"url\":\"https:\/\/www.abenex.com\/wp-content\/uploads\/2023\/05\/FULL-LOGO-NOIR-BLEU-1.svg\",\"contentUrl\":\"https:\/\/www.abenex.com\/wp-content\/uploads\/2023\/05\/FULL-LOGO-NOIR-BLEU-1.svg\",\"width\":166,\"height\":34,\"caption\":\"Abenex - Investing with purpose\"},\"image\":{\"@id\":\"https:\/\/www.abenex.com\/#\/schema\/logo\/image\/\"}},{\"@type\":\"Person\",\"@id\":\"https:\/\/www.abenex.com\/#\/schema\/person\/57e8110c7a09d3a603d872830770a3e8\",\"name\":\"juliana.chrismousse@abenex.com\",\"image\":{\"@type\":\"ImageObject\",\"inLanguage\":\"fr-FR\",\"@id\":\"https:\/\/www.abenex.com\/#\/schema\/person\/image\/\",\"url\":\"https:\/\/secure.gravatar.com\/avatar\/2e0d9c3abea5ad58eb4bf13f2a97a100098248e4011de392f528414b62c4d003?s=96&d=mm&r=g\",\"contentUrl\":\"https:\/\/secure.gravatar.com\/avatar\/2e0d9c3abea5ad58eb4bf13f2a97a100098248e4011de392f528414b62c4d003?s=96&d=mm&r=g\",\"caption\":\"juliana.chrismousse@abenex.com\"}}]}<\/script>\n<!-- \/ Yoast SEO plugin. -->","yoast_head_json":{"title":"Cession Inlog Abenex \u2013 logiciels m\u00e9dicaux","description":"Cession Inlog par Abenex : l\u2019\u00e9diteur de logiciels m\u00e9dicaux sp\u00e9cialis\u00e9s poursuit son expansion apr\u00e8s une phase de transformation r\u00e9ussie","robots":{"index":"index","follow":"follow","max-snippet":"max-snippet:-1","max-image-preview":"max-image-preview:large","max-video-preview":"max-video-preview:-1"},"canonical":"https:\/\/www.abenex.com\/fr\/cession-inlog-abenex\/","og_locale":"fr_FR","og_type":"article","og_title":"Cession Inlog Abenex \u2013 logiciels m\u00e9dicaux","og_description":"Cession Inlog par Abenex : l\u2019\u00e9diteur de logiciels m\u00e9dicaux sp\u00e9cialis\u00e9s poursuit son expansion apr\u00e8s une phase de transformation r\u00e9ussie","og_url":"https:\/\/www.abenex.com\/fr\/cession-inlog-abenex\/","og_site_name":"Abenex","article_published_time":"2025-09-09T08:13:10+00:00","og_image":[{"width":486,"height":329,"url":"https:\/\/www.abenex.com\/wp-content\/uploads\/2025\/09\/Abenex-exits-Inlog.png","type":"image\/png"}],"author":"juliana.chrismousse@abenex.com","twitter_card":"summary_large_image","twitter_misc":{"\u00c9crit par":"juliana.chrismousse@abenex.com","Dur\u00e9e de lecture estim\u00e9e":"4 minutes"},"schema":{"@context":"https:\/\/schema.org","@graph":[{"@type":"Article","@id":"https:\/\/www.abenex.com\/fr\/cession-inlog-abenex\/#article","isPartOf":{"@id":"https:\/\/www.abenex.com\/fr\/cession-inlog-abenex\/"},"author":{"name":"juliana.chrismousse@abenex.com","@id":"https:\/\/www.abenex.com\/#\/schema\/person\/57e8110c7a09d3a603d872830770a3e8"},"headline":"Abenex finalise la cession d&rsquo;Inlog apr\u00e8s une phase de transformation r\u00e9ussie","datePublished":"2025-09-09T08:13:10+00:00","mainEntityOfPage":{"@id":"https:\/\/www.abenex.com\/fr\/cession-inlog-abenex\/"},"wordCount":831,"commentCount":0,"publisher":{"@id":"https:\/\/www.abenex.com\/#organization"},"image":{"@id":"https:\/\/www.abenex.com\/fr\/cession-inlog-abenex\/#primaryimage"},"thumbnailUrl":"https:\/\/www.abenex.com\/wp-content\/uploads\/2025\/09\/Abenex-exits-Inlog.png","articleSection":["Participations"],"inLanguage":"fr-FR","potentialAction":[{"@type":"CommentAction","name":"Comment","target":["https:\/\/www.abenex.com\/fr\/cession-inlog-abenex\/#respond"]}]},{"@type":"WebPage","@id":"https:\/\/www.abenex.com\/fr\/cession-inlog-abenex\/","url":"https:\/\/www.abenex.com\/fr\/cession-inlog-abenex\/","name":"Cession Inlog Abenex \u2013 logiciels m\u00e9dicaux","isPartOf":{"@id":"https:\/\/www.abenex.com\/#website"},"primaryImageOfPage":{"@id":"https:\/\/www.abenex.com\/fr\/cession-inlog-abenex\/#primaryimage"},"image":{"@id":"https:\/\/www.abenex.com\/fr\/cession-inlog-abenex\/#primaryimage"},"thumbnailUrl":"https:\/\/www.abenex.com\/wp-content\/uploads\/2025\/09\/Abenex-exits-Inlog.png","datePublished":"2025-09-09T08:13:10+00:00","description":"Cession Inlog par Abenex : l\u2019\u00e9diteur de logiciels m\u00e9dicaux sp\u00e9cialis\u00e9s poursuit son expansion apr\u00e8s une phase de transformation r\u00e9ussie","breadcrumb":{"@id":"https:\/\/www.abenex.com\/fr\/cession-inlog-abenex\/#breadcrumb"},"inLanguage":"fr-FR","potentialAction":[{"@type":"ReadAction","target":["https:\/\/www.abenex.com\/fr\/cession-inlog-abenex\/"]}]},{"@type":"ImageObject","inLanguage":"fr-FR","@id":"https:\/\/www.abenex.com\/fr\/cession-inlog-abenex\/#primaryimage","url":"https:\/\/www.abenex.com\/wp-content\/uploads\/2025\/09\/Abenex-exits-Inlog.png","contentUrl":"https:\/\/www.abenex.com\/wp-content\/uploads\/2025\/09\/Abenex-exits-Inlog.png","width":486,"height":329,"caption":"Abenex trade sale Inlog"},{"@type":"BreadcrumbList","@id":"https:\/\/www.abenex.com\/fr\/cession-inlog-abenex\/#breadcrumb","itemListElement":[{"@type":"ListItem","position":1,"name":"Accueil","item":"https:\/\/www.abenex.com\/fr\/"},{"@type":"ListItem","position":2,"name":"Abenex finalise la cession d&#8217;Inlog apr\u00e8s une phase de transformation r\u00e9ussie"}]},{"@type":"WebSite","@id":"https:\/\/www.abenex.com\/#website","url":"https:\/\/www.abenex.com\/","name":"Abenex - Investing with purpose","description":"Investing with purpose","publisher":{"@id":"https:\/\/www.abenex.com\/#organization"},"potentialAction":[{"@type":"SearchAction","target":{"@type":"EntryPoint","urlTemplate":"https:\/\/www.abenex.com\/?s={search_term_string}"},"query-input":{"@type":"PropertyValueSpecification","valueRequired":true,"valueName":"search_term_string"}}],"inLanguage":"fr-FR"},{"@type":"Organization","@id":"https:\/\/www.abenex.com\/#organization","name":"Abenex - Investing with purpose","url":"https:\/\/www.abenex.com\/","logo":{"@type":"ImageObject","inLanguage":"fr-FR","@id":"https:\/\/www.abenex.com\/#\/schema\/logo\/image\/","url":"https:\/\/www.abenex.com\/wp-content\/uploads\/2023\/05\/FULL-LOGO-NOIR-BLEU-1.svg","contentUrl":"https:\/\/www.abenex.com\/wp-content\/uploads\/2023\/05\/FULL-LOGO-NOIR-BLEU-1.svg","width":166,"height":34,"caption":"Abenex - Investing with purpose"},"image":{"@id":"https:\/\/www.abenex.com\/#\/schema\/logo\/image\/"}},{"@type":"Person","@id":"https:\/\/www.abenex.com\/#\/schema\/person\/57e8110c7a09d3a603d872830770a3e8","name":"juliana.chrismousse@abenex.com","image":{"@type":"ImageObject","inLanguage":"fr-FR","@id":"https:\/\/www.abenex.com\/#\/schema\/person\/image\/","url":"https:\/\/secure.gravatar.com\/avatar\/2e0d9c3abea5ad58eb4bf13f2a97a100098248e4011de392f528414b62c4d003?s=96&d=mm&r=g","contentUrl":"https:\/\/secure.gravatar.com\/avatar\/2e0d9c3abea5ad58eb4bf13f2a97a100098248e4011de392f528414b62c4d003?s=96&d=mm&r=g","caption":"juliana.chrismousse@abenex.com"}}]}},"_links":{"self":[{"href":"https:\/\/www.abenex.com\/fr\/wp-json\/wp\/v2\/posts\/14714","targetHints":{"allow":["GET"]}}],"collection":[{"href":"https:\/\/www.abenex.com\/fr\/wp-json\/wp\/v2\/posts"}],"about":[{"href":"https:\/\/www.abenex.com\/fr\/wp-json\/wp\/v2\/types\/post"}],"author":[{"embeddable":true,"href":"https:\/\/www.abenex.com\/fr\/wp-json\/wp\/v2\/users\/8"}],"replies":[{"embeddable":true,"href":"https:\/\/www.abenex.com\/fr\/wp-json\/wp\/v2\/comments?post=14714"}],"version-history":[{"count":1,"href":"https:\/\/www.abenex.com\/fr\/wp-json\/wp\/v2\/posts\/14714\/revisions"}],"predecessor-version":[{"id":14715,"href":"https:\/\/www.abenex.com\/fr\/wp-json\/wp\/v2\/posts\/14714\/revisions\/14715"}],"wp:featuredmedia":[{"embeddable":true,"href":"https:\/\/www.abenex.com\/fr\/wp-json\/wp\/v2\/media\/14712"}],"wp:attachment":[{"href":"https:\/\/www.abenex.com\/fr\/wp-json\/wp\/v2\/media?parent=14714"}],"wp:term":[{"taxonomy":"category","embeddable":true,"href":"https:\/\/www.abenex.com\/fr\/wp-json\/wp\/v2\/categories?post=14714"},{"taxonomy":"post_tag","embeddable":true,"href":"https:\/\/www.abenex.com\/fr\/wp-json\/wp\/v2\/tags?post=14714"}],"curies":[{"name":"wp","href":"https:\/\/api.w.org\/{rel}","templated":true}]}}