    
{"id":15053,"date":"2025-12-04T17:37:45","date_gmt":"2025-12-04T16:37:45","guid":{"rendered":"https:\/\/www.abenex.com\/?p=15053"},"modified":"2025-12-04T17:40:17","modified_gmt":"2025-12-04T16:40:17","slug":"abenex-doublement-recompense-aux-pex-awards-2025","status":"publish","type":"post","link":"https:\/\/www.abenex.com\/fr\/abenex-doublement-recompense-aux-pex-awards-2025\/","title":{"rendered":"Abenex doublement r\u00e9compens\u00e9 aux PEX Awards 2025"},"content":{"rendered":"<h2>Abenex reconnu parmi les meilleurs fonds LBO fran\u00e7ais Small &amp; Lower Mid-Market aux PEX Awards 2025<\/h2>\n<p>\ud83c\udfc6 <strong>Abenex<\/strong> a \u00e9t\u00e9 reconnu dans la cat\u00e9gorie Meilleur fonds LBO fran\u00e7ais Small &amp; Lower Mid-Market lors des <a href=\"https:\/\/www.private-equity-exchange.com\/2025\/awards\/winners-2025.html\" target=\"_blank\" rel=\"noopener\">PEX Awards 2025<\/a>, une distinction qui souligne la qualit\u00e9 de notre strat\u00e9gie d\u2019investissement et la dynamique port\u00e9e par nos \u00e9quipes. Notre approche diff\u00e9renciante, combinant vision strat\u00e9gique, expertise op\u00e9rationnelle et engagement durable, nous permet d\u2019accompagner durablement les PME et ETI europ\u00e9ennes. Nos strat\u00e9gies Small Cap et Mid Cap poursuivent leur croissance gr\u00e2ce \u00e0 une d\u00e9marche d\u2019investissement th\u00e9matique, un accompagnement par notre Equipe Op\u00e9rationnelle et une strat\u00e9gie ESG rigoureuse. Avec plus de 2,5 milliards d\u2019euros lev\u00e9s \u00e0 ce jour et un <em>track record<\/em> solide, nous nous engageons \u00e0 : soutenir les entreprises qui am\u00e9liorent la qualit\u00e9 de vie, prot\u00e8gent les personnes et les biens, et optimisent les savoirs et les ressources. Une reconnaissance qui illustre la coh\u00e9rence de notre positionnement et l\u2019engagement de toute l\u2019\u00e9quipe Abenex.<\/p>\n<p>&nbsp;<\/p>\n<h2><span style=\"font-weight: bold;\">Marie-Rapha\u00eblle de Wissocq re\u00e7oit la m\u00e9daille d\u2019or de la Meilleure Jeune Personnalit\u00e9 du Capital-Investissement<\/span><\/h2>\n<p>\ud83c\udfc5 <strong>Marie-Rapha\u00eblle de Wissocq<\/strong> s\u2019est vu d\u00e9cerner la <strong>m\u00e9daille d\u2019or de la Meilleure Jeune Personnalit\u00e9 du Private Equity (moins de 40 ans)<\/strong>. Cette reconnaissance souligne la force de son parcours et son impact au sein d\u2019<a href=\"https:\/\/www.abenex.com\/fr\/\" target=\"_blank\" rel=\"noopener\">Abenex<\/a>. Depuis son arriv\u00e9e en 2022, elle joue un r\u00f4le cl\u00e9 dans le d\u00e9veloppement de notre strat\u00e9gie Mid Cap, forte de plus de dix ans d\u2019exp\u00e9rience. Promue Directrice en septembre 2023, elle est \u00e9galement membre active de notre Comit\u00e9 de Mission, veillant \u00e0 l\u2019alignement de nos d\u00e9cisions avec notre raison d\u2019\u00eatre. Une distinction pleinement m\u00e9rit\u00e9e pour son engagement<\/p>\n<p>&nbsp;<\/p>\n<blockquote>\n<p style=\"margin: 0in; font-family: Calibri; font-size: 11.0pt;\">Ces deux prix confirment la dynamique d\u2019Abenex, la force de ses \u00e9quipes et notre engagement envers un capital-investissement <span style=\"font-weight: bold;\">performant et responsable<\/span>, au service des PME et ETI europ\u00e9ennes.<\/p>\n<\/blockquote>\n<p><img fetchpriority=\"high\" decoding=\"async\" class=\"aligncenter\" src=\"https:\/\/voting.private-equity-exchange.com\/img\/LogoPEX-01.svg\" alt=\"Private Equity Exchange &amp; Awards\" width=\"430\" height=\"210\" \/><\/p>\n","protected":false},"excerpt":{"rendered":"<p>Abenex reconnu parmi les meilleurs fonds LBO fran\u00e7ais Small &amp; Lower Mid-Market aux PEX Awards 2025 \ud83c\udfc6 Abenex a \u00e9t\u00e9 reconnu dans la cat\u00e9gorie Meilleur fonds LBO fran\u00e7ais Small &amp; Lower Mid-Market lors des PEX Awards 2025, une distinction qui souligne la qualit\u00e9 de notre strat\u00e9gie d\u2019investissement et la dynamique port\u00e9e par nos \u00e9quipes. Notre [&hellip;]<\/p>\n","protected":false},"author":8,"featured_media":15047,"comment_status":"open","ping_status":"open","sticky":false,"template":"","format":"standard","meta":{"footnotes":""},"categories":[105],"tags":[],"class_list":["post-15053","post","type-post","status-publish","format-standard","has-post-thumbnail","hentry","category-abenex"],"acf":[],"yoast_head":"<!-- This site is optimized with the Yoast SEO plugin v27.1.1 - https:\/\/yoast.com\/product\/yoast-seo-wordpress\/ -->\n<title>Abenex doublement r\u00e9compens\u00e9 aux PEX Awards 2025<\/title>\n<meta name=\"description\" content=\"Abenex reconnu parmi les meilleurs fonds LBO fran\u00e7ais et Marie-Rapha\u00eblle de Wissocq re\u00e7oit la m\u00e9daille d\u2019or de la Meilleure Jeune Personnalit\u00e9 du Private Equity. Deux distinctions illustrant notre engagement et notre impact\" \/>\n<meta name=\"robots\" content=\"index, follow, max-snippet:-1, max-image-preview:large, max-video-preview:-1\" \/>\n<link rel=\"canonical\" href=\"https:\/\/www.abenex.com\/fr\/abenex-doublement-recompense-aux-pex-awards-2025\/\" \/>\n<meta property=\"og:locale\" content=\"fr_FR\" \/>\n<meta property=\"og:type\" content=\"article\" \/>\n<meta property=\"og:title\" content=\"Abenex doublement r\u00e9compens\u00e9 aux PEX Awards 2025\" \/>\n<meta property=\"og:description\" content=\"Abenex reconnu parmi les meilleurs fonds LBO fran\u00e7ais et Marie-Rapha\u00eblle de Wissocq re\u00e7oit la m\u00e9daille d\u2019or de la Meilleure Jeune Personnalit\u00e9 du Private Equity. Deux distinctions illustrant notre engagement et notre impact\" \/>\n<meta property=\"og:url\" content=\"https:\/\/www.abenex.com\/fr\/abenex-doublement-recompense-aux-pex-awards-2025\/\" \/>\n<meta property=\"og:site_name\" content=\"Abenex\" \/>\n<meta property=\"article:published_time\" content=\"2025-12-04T16:37:45+00:00\" \/>\n<meta property=\"article:modified_time\" content=\"2025-12-04T16:40:17+00:00\" \/>\n<meta property=\"og:image\" content=\"https:\/\/www.abenex.com\/wp-content\/uploads\/2025\/12\/Abenex-\u2013-Best-LBO-Fund-PEX-Awards-2025-1.png\" \/>\n\t<meta property=\"og:image:width\" content=\"584\" \/>\n\t<meta property=\"og:image:height\" content=\"395\" \/>\n\t<meta property=\"og:image:type\" content=\"image\/png\" \/>\n<meta name=\"author\" content=\"juliana.chrismousse@abenex.com\" \/>\n<meta name=\"twitter:card\" content=\"summary_large_image\" \/>\n<meta name=\"twitter:label1\" content=\"\u00c9crit par\" \/>\n\t<meta name=\"twitter:data1\" content=\"juliana.chrismousse@abenex.com\" \/>\n\t<meta name=\"twitter:label2\" content=\"Dur\u00e9e de lecture estim\u00e9e\" \/>\n\t<meta name=\"twitter:data2\" content=\"2 minutes\" \/>\n<script type=\"application\/ld+json\" class=\"yoast-schema-graph\">{\"@context\":\"https:\/\/schema.org\",\"@graph\":[{\"@type\":\"Article\",\"@id\":\"https:\/\/www.abenex.com\/fr\/abenex-doublement-recompense-aux-pex-awards-2025\/#article\",\"isPartOf\":{\"@id\":\"https:\/\/www.abenex.com\/fr\/abenex-doublement-recompense-aux-pex-awards-2025\/\"},\"author\":{\"name\":\"juliana.chrismousse@abenex.com\",\"@id\":\"https:\/\/www.abenex.com\/#\/schema\/person\/57e8110c7a09d3a603d872830770a3e8\"},\"headline\":\"Abenex doublement r\u00e9compens\u00e9 aux PEX Awards 2025\",\"datePublished\":\"2025-12-04T16:37:45+00:00\",\"dateModified\":\"2025-12-04T16:40:17+00:00\",\"mainEntityOfPage\":{\"@id\":\"https:\/\/www.abenex.com\/fr\/abenex-doublement-recompense-aux-pex-awards-2025\/\"},\"wordCount\":337,\"commentCount\":0,\"publisher\":{\"@id\":\"https:\/\/www.abenex.com\/#organization\"},\"image\":{\"@id\":\"https:\/\/www.abenex.com\/fr\/abenex-doublement-recompense-aux-pex-awards-2025\/#primaryimage\"},\"thumbnailUrl\":\"https:\/\/www.abenex.com\/wp-content\/uploads\/2025\/12\/Abenex-\u2013-Best-LBO-Fund-PEX-Awards-2025-1.png\",\"articleSection\":[\"Abenex\"],\"inLanguage\":\"fr-FR\",\"potentialAction\":[{\"@type\":\"CommentAction\",\"name\":\"Comment\",\"target\":[\"https:\/\/www.abenex.com\/fr\/abenex-doublement-recompense-aux-pex-awards-2025\/#respond\"]}]},{\"@type\":\"WebPage\",\"@id\":\"https:\/\/www.abenex.com\/fr\/abenex-doublement-recompense-aux-pex-awards-2025\/\",\"url\":\"https:\/\/www.abenex.com\/fr\/abenex-doublement-recompense-aux-pex-awards-2025\/\",\"name\":\"Abenex doublement r\u00e9compens\u00e9 aux PEX Awards 2025\",\"isPartOf\":{\"@id\":\"https:\/\/www.abenex.com\/#website\"},\"primaryImageOfPage\":{\"@id\":\"https:\/\/www.abenex.com\/fr\/abenex-doublement-recompense-aux-pex-awards-2025\/#primaryimage\"},\"image\":{\"@id\":\"https:\/\/www.abenex.com\/fr\/abenex-doublement-recompense-aux-pex-awards-2025\/#primaryimage\"},\"thumbnailUrl\":\"https:\/\/www.abenex.com\/wp-content\/uploads\/2025\/12\/Abenex-\u2013-Best-LBO-Fund-PEX-Awards-2025-1.png\",\"datePublished\":\"2025-12-04T16:37:45+00:00\",\"dateModified\":\"2025-12-04T16:40:17+00:00\",\"description\":\"Abenex reconnu parmi les meilleurs fonds LBO fran\u00e7ais et Marie-Rapha\u00eblle de Wissocq re\u00e7oit la m\u00e9daille d\u2019or de la Meilleure Jeune Personnalit\u00e9 du Private Equity. Deux distinctions illustrant notre engagement et notre impact\",\"breadcrumb\":{\"@id\":\"https:\/\/www.abenex.com\/fr\/abenex-doublement-recompense-aux-pex-awards-2025\/#breadcrumb\"},\"inLanguage\":\"fr-FR\",\"potentialAction\":[{\"@type\":\"ReadAction\",\"target\":[\"https:\/\/www.abenex.com\/fr\/abenex-doublement-recompense-aux-pex-awards-2025\/\"]}]},{\"@type\":\"ImageObject\",\"inLanguage\":\"fr-FR\",\"@id\":\"https:\/\/www.abenex.com\/fr\/abenex-doublement-recompense-aux-pex-awards-2025\/#primaryimage\",\"url\":\"https:\/\/www.abenex.com\/wp-content\/uploads\/2025\/12\/Abenex-\u2013-Best-LBO-Fund-PEX-Awards-2025-1.png\",\"contentUrl\":\"https:\/\/www.abenex.com\/wp-content\/uploads\/2025\/12\/Abenex-\u2013-Best-LBO-Fund-PEX-Awards-2025-1.png\",\"width\":584,\"height\":395,\"caption\":\"Abenex wins Best French Small and Lower Mid-Market LBO Fund at PEX Awards 2025\"},{\"@type\":\"BreadcrumbList\",\"@id\":\"https:\/\/www.abenex.com\/fr\/abenex-doublement-recompense-aux-pex-awards-2025\/#breadcrumb\",\"itemListElement\":[{\"@type\":\"ListItem\",\"position\":1,\"name\":\"Accueil\",\"item\":\"https:\/\/www.abenex.com\/fr\/\"},{\"@type\":\"ListItem\",\"position\":2,\"name\":\"Abenex doublement r\u00e9compens\u00e9 aux PEX Awards 2025\"}]},{\"@type\":\"WebSite\",\"@id\":\"https:\/\/www.abenex.com\/#website\",\"url\":\"https:\/\/www.abenex.com\/\",\"name\":\"Abenex - Investing with purpose\",\"description\":\"Investing with purpose\",\"publisher\":{\"@id\":\"https:\/\/www.abenex.com\/#organization\"},\"potentialAction\":[{\"@type\":\"SearchAction\",\"target\":{\"@type\":\"EntryPoint\",\"urlTemplate\":\"https:\/\/www.abenex.com\/?s={search_term_string}\"},\"query-input\":{\"@type\":\"PropertyValueSpecification\",\"valueRequired\":true,\"valueName\":\"search_term_string\"}}],\"inLanguage\":\"fr-FR\"},{\"@type\":\"Organization\",\"@id\":\"https:\/\/www.abenex.com\/#organization\",\"name\":\"Abenex - Investing with purpose\",\"url\":\"https:\/\/www.abenex.com\/\",\"logo\":{\"@type\":\"ImageObject\",\"inLanguage\":\"fr-FR\",\"@id\":\"https:\/\/www.abenex.com\/#\/schema\/logo\/image\/\",\"url\":\"https:\/\/www.abenex.com\/wp-content\/uploads\/2023\/05\/FULL-LOGO-NOIR-BLEU-1.svg\",\"contentUrl\":\"https:\/\/www.abenex.com\/wp-content\/uploads\/2023\/05\/FULL-LOGO-NOIR-BLEU-1.svg\",\"width\":166,\"height\":34,\"caption\":\"Abenex - Investing with purpose\"},\"image\":{\"@id\":\"https:\/\/www.abenex.com\/#\/schema\/logo\/image\/\"}},{\"@type\":\"Person\",\"@id\":\"https:\/\/www.abenex.com\/#\/schema\/person\/57e8110c7a09d3a603d872830770a3e8\",\"name\":\"juliana.chrismousse@abenex.com\",\"image\":{\"@type\":\"ImageObject\",\"inLanguage\":\"fr-FR\",\"@id\":\"https:\/\/www.abenex.com\/#\/schema\/person\/image\/\",\"url\":\"https:\/\/secure.gravatar.com\/avatar\/2e0d9c3abea5ad58eb4bf13f2a97a100098248e4011de392f528414b62c4d003?s=96&d=mm&r=g\",\"contentUrl\":\"https:\/\/secure.gravatar.com\/avatar\/2e0d9c3abea5ad58eb4bf13f2a97a100098248e4011de392f528414b62c4d003?s=96&d=mm&r=g\",\"caption\":\"juliana.chrismousse@abenex.com\"}}]}<\/script>\n<!-- \/ Yoast SEO plugin. -->","yoast_head_json":{"title":"Abenex doublement r\u00e9compens\u00e9 aux PEX Awards 2025","description":"Abenex reconnu parmi les meilleurs fonds LBO fran\u00e7ais et Marie-Rapha\u00eblle de Wissocq re\u00e7oit la m\u00e9daille d\u2019or de la Meilleure Jeune Personnalit\u00e9 du Private Equity. Deux distinctions illustrant notre engagement et notre impact","robots":{"index":"index","follow":"follow","max-snippet":"max-snippet:-1","max-image-preview":"max-image-preview:large","max-video-preview":"max-video-preview:-1"},"canonical":"https:\/\/www.abenex.com\/fr\/abenex-doublement-recompense-aux-pex-awards-2025\/","og_locale":"fr_FR","og_type":"article","og_title":"Abenex doublement r\u00e9compens\u00e9 aux PEX Awards 2025","og_description":"Abenex reconnu parmi les meilleurs fonds LBO fran\u00e7ais et Marie-Rapha\u00eblle de Wissocq re\u00e7oit la m\u00e9daille d\u2019or de la Meilleure Jeune Personnalit\u00e9 du Private Equity. Deux distinctions illustrant notre engagement et notre impact","og_url":"https:\/\/www.abenex.com\/fr\/abenex-doublement-recompense-aux-pex-awards-2025\/","og_site_name":"Abenex","article_published_time":"2025-12-04T16:37:45+00:00","article_modified_time":"2025-12-04T16:40:17+00:00","og_image":[{"width":584,"height":395,"url":"https:\/\/www.abenex.com\/wp-content\/uploads\/2025\/12\/Abenex-\u2013-Best-LBO-Fund-PEX-Awards-2025-1.png","type":"image\/png"}],"author":"juliana.chrismousse@abenex.com","twitter_card":"summary_large_image","twitter_misc":{"\u00c9crit par":"juliana.chrismousse@abenex.com","Dur\u00e9e de lecture estim\u00e9e":"2 minutes"},"schema":{"@context":"https:\/\/schema.org","@graph":[{"@type":"Article","@id":"https:\/\/www.abenex.com\/fr\/abenex-doublement-recompense-aux-pex-awards-2025\/#article","isPartOf":{"@id":"https:\/\/www.abenex.com\/fr\/abenex-doublement-recompense-aux-pex-awards-2025\/"},"author":{"name":"juliana.chrismousse@abenex.com","@id":"https:\/\/www.abenex.com\/#\/schema\/person\/57e8110c7a09d3a603d872830770a3e8"},"headline":"Abenex doublement r\u00e9compens\u00e9 aux PEX Awards 2025","datePublished":"2025-12-04T16:37:45+00:00","dateModified":"2025-12-04T16:40:17+00:00","mainEntityOfPage":{"@id":"https:\/\/www.abenex.com\/fr\/abenex-doublement-recompense-aux-pex-awards-2025\/"},"wordCount":337,"commentCount":0,"publisher":{"@id":"https:\/\/www.abenex.com\/#organization"},"image":{"@id":"https:\/\/www.abenex.com\/fr\/abenex-doublement-recompense-aux-pex-awards-2025\/#primaryimage"},"thumbnailUrl":"https:\/\/www.abenex.com\/wp-content\/uploads\/2025\/12\/Abenex-\u2013-Best-LBO-Fund-PEX-Awards-2025-1.png","articleSection":["Abenex"],"inLanguage":"fr-FR","potentialAction":[{"@type":"CommentAction","name":"Comment","target":["https:\/\/www.abenex.com\/fr\/abenex-doublement-recompense-aux-pex-awards-2025\/#respond"]}]},{"@type":"WebPage","@id":"https:\/\/www.abenex.com\/fr\/abenex-doublement-recompense-aux-pex-awards-2025\/","url":"https:\/\/www.abenex.com\/fr\/abenex-doublement-recompense-aux-pex-awards-2025\/","name":"Abenex doublement r\u00e9compens\u00e9 aux PEX Awards 2025","isPartOf":{"@id":"https:\/\/www.abenex.com\/#website"},"primaryImageOfPage":{"@id":"https:\/\/www.abenex.com\/fr\/abenex-doublement-recompense-aux-pex-awards-2025\/#primaryimage"},"image":{"@id":"https:\/\/www.abenex.com\/fr\/abenex-doublement-recompense-aux-pex-awards-2025\/#primaryimage"},"thumbnailUrl":"https:\/\/www.abenex.com\/wp-content\/uploads\/2025\/12\/Abenex-\u2013-Best-LBO-Fund-PEX-Awards-2025-1.png","datePublished":"2025-12-04T16:37:45+00:00","dateModified":"2025-12-04T16:40:17+00:00","description":"Abenex reconnu parmi les meilleurs fonds LBO fran\u00e7ais et Marie-Rapha\u00eblle de Wissocq re\u00e7oit la m\u00e9daille d\u2019or de la Meilleure Jeune Personnalit\u00e9 du Private Equity. Deux distinctions illustrant notre engagement et notre impact","breadcrumb":{"@id":"https:\/\/www.abenex.com\/fr\/abenex-doublement-recompense-aux-pex-awards-2025\/#breadcrumb"},"inLanguage":"fr-FR","potentialAction":[{"@type":"ReadAction","target":["https:\/\/www.abenex.com\/fr\/abenex-doublement-recompense-aux-pex-awards-2025\/"]}]},{"@type":"ImageObject","inLanguage":"fr-FR","@id":"https:\/\/www.abenex.com\/fr\/abenex-doublement-recompense-aux-pex-awards-2025\/#primaryimage","url":"https:\/\/www.abenex.com\/wp-content\/uploads\/2025\/12\/Abenex-\u2013-Best-LBO-Fund-PEX-Awards-2025-1.png","contentUrl":"https:\/\/www.abenex.com\/wp-content\/uploads\/2025\/12\/Abenex-\u2013-Best-LBO-Fund-PEX-Awards-2025-1.png","width":584,"height":395,"caption":"Abenex wins Best French Small and Lower Mid-Market LBO Fund at PEX Awards 2025"},{"@type":"BreadcrumbList","@id":"https:\/\/www.abenex.com\/fr\/abenex-doublement-recompense-aux-pex-awards-2025\/#breadcrumb","itemListElement":[{"@type":"ListItem","position":1,"name":"Accueil","item":"https:\/\/www.abenex.com\/fr\/"},{"@type":"ListItem","position":2,"name":"Abenex doublement r\u00e9compens\u00e9 aux PEX Awards 2025"}]},{"@type":"WebSite","@id":"https:\/\/www.abenex.com\/#website","url":"https:\/\/www.abenex.com\/","name":"Abenex - Investing with purpose","description":"Investing with purpose","publisher":{"@id":"https:\/\/www.abenex.com\/#organization"},"potentialAction":[{"@type":"SearchAction","target":{"@type":"EntryPoint","urlTemplate":"https:\/\/www.abenex.com\/?s={search_term_string}"},"query-input":{"@type":"PropertyValueSpecification","valueRequired":true,"valueName":"search_term_string"}}],"inLanguage":"fr-FR"},{"@type":"Organization","@id":"https:\/\/www.abenex.com\/#organization","name":"Abenex - Investing with purpose","url":"https:\/\/www.abenex.com\/","logo":{"@type":"ImageObject","inLanguage":"fr-FR","@id":"https:\/\/www.abenex.com\/#\/schema\/logo\/image\/","url":"https:\/\/www.abenex.com\/wp-content\/uploads\/2023\/05\/FULL-LOGO-NOIR-BLEU-1.svg","contentUrl":"https:\/\/www.abenex.com\/wp-content\/uploads\/2023\/05\/FULL-LOGO-NOIR-BLEU-1.svg","width":166,"height":34,"caption":"Abenex - Investing with purpose"},"image":{"@id":"https:\/\/www.abenex.com\/#\/schema\/logo\/image\/"}},{"@type":"Person","@id":"https:\/\/www.abenex.com\/#\/schema\/person\/57e8110c7a09d3a603d872830770a3e8","name":"juliana.chrismousse@abenex.com","image":{"@type":"ImageObject","inLanguage":"fr-FR","@id":"https:\/\/www.abenex.com\/#\/schema\/person\/image\/","url":"https:\/\/secure.gravatar.com\/avatar\/2e0d9c3abea5ad58eb4bf13f2a97a100098248e4011de392f528414b62c4d003?s=96&d=mm&r=g","contentUrl":"https:\/\/secure.gravatar.com\/avatar\/2e0d9c3abea5ad58eb4bf13f2a97a100098248e4011de392f528414b62c4d003?s=96&d=mm&r=g","caption":"juliana.chrismousse@abenex.com"}}]}},"_links":{"self":[{"href":"https:\/\/www.abenex.com\/fr\/wp-json\/wp\/v2\/posts\/15053","targetHints":{"allow":["GET"]}}],"collection":[{"href":"https:\/\/www.abenex.com\/fr\/wp-json\/wp\/v2\/posts"}],"about":[{"href":"https:\/\/www.abenex.com\/fr\/wp-json\/wp\/v2\/types\/post"}],"author":[{"embeddable":true,"href":"https:\/\/www.abenex.com\/fr\/wp-json\/wp\/v2\/users\/8"}],"replies":[{"embeddable":true,"href":"https:\/\/www.abenex.com\/fr\/wp-json\/wp\/v2\/comments?post=15053"}],"version-history":[{"count":7,"href":"https:\/\/www.abenex.com\/fr\/wp-json\/wp\/v2\/posts\/15053\/revisions"}],"predecessor-version":[{"id":15061,"href":"https:\/\/www.abenex.com\/fr\/wp-json\/wp\/v2\/posts\/15053\/revisions\/15061"}],"wp:featuredmedia":[{"embeddable":true,"href":"https:\/\/www.abenex.com\/fr\/wp-json\/wp\/v2\/media\/15047"}],"wp:attachment":[{"href":"https:\/\/www.abenex.com\/fr\/wp-json\/wp\/v2\/media?parent=15053"}],"wp:term":[{"taxonomy":"category","embeddable":true,"href":"https:\/\/www.abenex.com\/fr\/wp-json\/wp\/v2\/categories?post=15053"},{"taxonomy":"post_tag","embeddable":true,"href":"https:\/\/www.abenex.com\/fr\/wp-json\/wp\/v2\/tags?post=15053"}],"curies":[{"name":"wp","href":"https:\/\/api.w.org\/{rel}","templated":true}]}}