    
{"id":15335,"date":"2026-03-12T09:22:32","date_gmt":"2026-03-12T08:22:32","guid":{"rendered":"https:\/\/www.abenex.com\/?p=15335"},"modified":"2026-03-12T14:01:17","modified_gmt":"2026-03-12T13:01:17","slug":"15335","status":"publish","type":"post","link":"https:\/\/www.abenex.com\/fr\/15335\/","title":{"rendered":"Promotions Abenex mars 2026"},"content":{"rendered":"<p>Acteur historique du capital-investissement fran\u00e7ais et europ\u00e9en, certifi\u00e9 B Corp<strong>,<\/strong> Abenex compte aujourd\u2019hui plus de 45 collaborateurs r\u00e9partis dans ses quatre bureaux situ\u00e9s \u00e0 Paris, Lyon, Amsterdam et Milan.<\/p>\n<p>Abenex a le plaisir d\u2019annoncer la promotion de deux de ses collaborateurs au sein de son \u00e9quipe Small Cap. L\u2019\u00e9quipe Small Cap, lanc\u00e9e en 2018, est compos\u00e9e de six membres dont trois Associ\u00e9s.<\/p>\n<p>&nbsp;<\/p>\n<p><strong>Equipe Small Cap<\/strong><\/p>\n<p>&nbsp;<\/p>\n<p><strong>Olivier Servant<\/strong>, Directeur Associ\u00e9 (37 ans)<\/p>\n<p><strong><img fetchpriority=\"high\" decoding=\"async\" class=\" wp-image-3853 alignleft\" src=\"https:\/\/www.abenex.com\/wp-content\/uploads\/2022\/09\/02OlivierS-254x300.jpg\" alt=\"\" width=\"208\" height=\"246\" srcset=\"https:\/\/www.abenex.com\/wp-content\/uploads\/2022\/09\/02OlivierS-254x300.jpg 254w, https:\/\/www.abenex.com\/wp-content\/uploads\/2022\/09\/02OlivierS-768x906.jpg 768w, https:\/\/www.abenex.com\/wp-content\/uploads\/2022\/09\/02OlivierS.jpg 800w\" sizes=\"(max-width: 208px) 100vw, 208px\" \/><\/strong><\/p>\n<p><strong>Olivier<\/strong> est promu Directeur Associ\u00e9 au sein de l\u2019\u00e9quipe Small Cap d\u2019Abenex, qu\u2019il a rejoint en mai 2020 en tant que Principal.<\/p>\n<p>Olivier est intervenu dans les op\u00e9rations d\u2019investissement et de r\u00e9investissement d\u2019Abenex dans Ekoscan, ainsi que dans les investissements dans Phenomen et Groupe Emeraude, et dans la cession de Naturellement Gourmand en 2021.<\/p>\n<p>Olivier a d\u00e9but\u00e9 sa carri\u00e8re au sein de Turenne Capital en 2014, avant de rejoindre en 2016 le bureau parisien de Siparex. Il a particip\u00e9 \u00e0 plusieurs transactions de capital d\u00e9veloppement et de LBO, principalement dans un contexte d\u2019op\u00e9ration primaire, souvent associ\u00e9 \u00e0 des enjeux de croissance externe.<\/p>\n<p>Olivier est membre du Comit\u00e9 de Mission d\u2019Abenex, o\u00f9 il veille \u00e0 l\u2019int\u00e9gration de nos engagements dans notre approche d\u2019investissement, au service d\u2019une cr\u00e9ation de valeur durable.<\/p>\n<p>Olivier est dipl\u00f4m\u00e9 du Master 224 de l\u2019Universit\u00e9 Paris Dauphine et y enseigne le capital-investissement depuis 2019.<\/p>\n<p>&nbsp;<\/p>\n<p><strong><img decoding=\"async\" class=\" wp-image-3941 alignright\" src=\"https:\/\/www.abenex.com\/wp-content\/uploads\/2022\/09\/040Angele-254x300.jpg\" alt=\"\" width=\"218\" height=\"258\" srcset=\"https:\/\/www.abenex.com\/wp-content\/uploads\/2022\/09\/040Angele-254x300.jpg 254w, https:\/\/www.abenex.com\/wp-content\/uploads\/2022\/09\/040Angele-768x906.jpg 768w, https:\/\/www.abenex.com\/wp-content\/uploads\/2022\/09\/040Angele.jpg 800w\" sizes=\"(max-width: 218px) 100vw, 218px\" \/><\/strong><\/p>\n<p><strong>Ang\u00e8le France<\/strong>, Directrice (34 ans)<\/p>\n<p>&nbsp;<\/p>\n<p><strong>Ang\u00e8le<\/strong> est promue Directrice au sein de l\u2019\u00e9quipe Small Cap apr\u00e8s avoir rejoint Abenex en septembre 2021 en tant que Charg\u00e9e d&rsquo;Affaires.<\/p>\n<p>Ang\u00e8le, dipl\u00f4m\u00e9e de l\u2019ESSEC, est intervenue dans les acquisitions d\u2019IPSSI, Asgard et Santis. Elle a \u00e9galement \u00e9t\u00e9 impliqu\u00e9e dans le suivi d\u2019Inlog, par la r\u00e9alisation de croissances externes et sa participation au processus de sortie.<\/p>\n<p>Ang\u00e8le a d\u00e9but\u00e9 sa carri\u00e8re en 2015 au sein de la direction financi\u00e8re d\u2019Herm\u00e8s, \u00e0 Singapour puis \u00e0 Paris. Elle a ensuite pass\u00e9 quatre ans au sein du cabinet EY o\u00f9 elle a particip\u00e9 \u00e0 des missions vari\u00e9es, de due diligences financi\u00e8res et de commissariat aux comptes.<\/p>\n<p>Ang\u00e8le est par ailleurs, engag\u00e9e au sein de l\u2019organisation LEVEL 20 qui a pour vocation de promouvoir la diversit\u00e9 et favoriser la pr\u00e9sence des femmes aux postes cl\u00e9s au sein du capital-investissement en Europe.<\/p>\n","protected":false},"excerpt":{"rendered":"<p>Acteur historique du capital-investissement fran\u00e7ais et europ\u00e9en, certifi\u00e9 B Corp, Abenex compte aujourd\u2019hui plus de 45 collaborateurs r\u00e9partis dans ses quatre bureaux situ\u00e9s \u00e0 Paris, Lyon, Amsterdam et Milan. Abenex a le plaisir d\u2019annoncer la promotion de deux de ses collaborateurs au sein de son \u00e9quipe Small Cap. L\u2019\u00e9quipe Small Cap, lanc\u00e9e en 2018, est [&hellip;]<\/p>\n","protected":false},"author":8,"featured_media":15338,"comment_status":"open","ping_status":"open","sticky":false,"template":"","format":"standard","meta":{"footnotes":""},"categories":[30],"tags":[],"class_list":["post-15335","post","type-post","status-publish","format-standard","has-post-thumbnail","hentry","category-equipe-abenex"],"acf":[],"yoast_head":"<!-- This site is optimized with the Yoast SEO plugin v27.1.1 - https:\/\/yoast.com\/product\/yoast-seo-wordpress\/ -->\n<title>Promotions Abenex mars 2026 | Abenex<\/title>\n<meta name=\"robots\" content=\"index, follow, max-snippet:-1, max-image-preview:large, max-video-preview:-1\" \/>\n<link rel=\"canonical\" href=\"https:\/\/www.abenex.com\/fr\/15335\/\" \/>\n<meta property=\"og:locale\" content=\"fr_FR\" \/>\n<meta property=\"og:type\" content=\"article\" \/>\n<meta property=\"og:title\" content=\"Promotions Abenex mars 2026 | Abenex\" \/>\n<meta property=\"og:description\" content=\"Acteur historique du capital-investissement fran\u00e7ais et europ\u00e9en, certifi\u00e9 B Corp, Abenex compte aujourd\u2019hui plus de 45 collaborateurs r\u00e9partis dans ses quatre bureaux situ\u00e9s \u00e0 Paris, Lyon, Amsterdam et Milan. Abenex a le plaisir d\u2019annoncer la promotion de deux de ses collaborateurs au sein de son \u00e9quipe Small Cap. L\u2019\u00e9quipe Small Cap, lanc\u00e9e en 2018, est [&hellip;]\" \/>\n<meta property=\"og:url\" content=\"https:\/\/www.abenex.com\/fr\/15335\/\" \/>\n<meta property=\"og:site_name\" content=\"Abenex\" \/>\n<meta property=\"article:published_time\" content=\"2026-03-12T08:22:32+00:00\" \/>\n<meta property=\"article:modified_time\" content=\"2026-03-12T13:01:17+00:00\" \/>\n<meta property=\"og:image\" content=\"https:\/\/www.abenex.com\/wp-content\/uploads\/2026\/03\/Publication-site-Abenex.png\" \/>\n\t<meta property=\"og:image:width\" content=\"584\" \/>\n\t<meta property=\"og:image:height\" content=\"395\" \/>\n\t<meta property=\"og:image:type\" content=\"image\/png\" \/>\n<meta name=\"author\" content=\"juliana.chrismousse@abenex.com\" \/>\n<meta name=\"twitter:card\" content=\"summary_large_image\" \/>\n<meta name=\"twitter:label1\" content=\"\u00c9crit par\" \/>\n\t<meta name=\"twitter:data1\" content=\"juliana.chrismousse@abenex.com\" \/>\n\t<meta name=\"twitter:label2\" content=\"Dur\u00e9e de lecture estim\u00e9e\" \/>\n\t<meta name=\"twitter:data2\" content=\"3 minutes\" \/>\n<script type=\"application\/ld+json\" class=\"yoast-schema-graph\">{\"@context\":\"https:\/\/schema.org\",\"@graph\":[{\"@type\":\"Article\",\"@id\":\"https:\/\/www.abenex.com\/fr\/15335\/#article\",\"isPartOf\":{\"@id\":\"https:\/\/www.abenex.com\/fr\/15335\/\"},\"author\":{\"name\":\"juliana.chrismousse@abenex.com\",\"@id\":\"https:\/\/www.abenex.com\/#\/schema\/person\/57e8110c7a09d3a603d872830770a3e8\"},\"headline\":\"Promotions Abenex mars 2026\",\"datePublished\":\"2026-03-12T08:22:32+00:00\",\"dateModified\":\"2026-03-12T13:01:17+00:00\",\"mainEntityOfPage\":{\"@id\":\"https:\/\/www.abenex.com\/fr\/15335\/\"},\"wordCount\":403,\"commentCount\":0,\"publisher\":{\"@id\":\"https:\/\/www.abenex.com\/#organization\"},\"image\":{\"@id\":\"https:\/\/www.abenex.com\/fr\/15335\/#primaryimage\"},\"thumbnailUrl\":\"https:\/\/www.abenex.com\/wp-content\/uploads\/2026\/03\/Publication-site-Abenex.png\",\"articleSection\":[\"\u00c9quipe\"],\"inLanguage\":\"fr-FR\",\"potentialAction\":[{\"@type\":\"CommentAction\",\"name\":\"Comment\",\"target\":[\"https:\/\/www.abenex.com\/fr\/15335\/#respond\"]}]},{\"@type\":\"WebPage\",\"@id\":\"https:\/\/www.abenex.com\/fr\/15335\/\",\"url\":\"https:\/\/www.abenex.com\/fr\/15335\/\",\"name\":\"Promotions Abenex mars 2026 | Abenex\",\"isPartOf\":{\"@id\":\"https:\/\/www.abenex.com\/#website\"},\"primaryImageOfPage\":{\"@id\":\"https:\/\/www.abenex.com\/fr\/15335\/#primaryimage\"},\"image\":{\"@id\":\"https:\/\/www.abenex.com\/fr\/15335\/#primaryimage\"},\"thumbnailUrl\":\"https:\/\/www.abenex.com\/wp-content\/uploads\/2026\/03\/Publication-site-Abenex.png\",\"datePublished\":\"2026-03-12T08:22:32+00:00\",\"dateModified\":\"2026-03-12T13:01:17+00:00\",\"breadcrumb\":{\"@id\":\"https:\/\/www.abenex.com\/fr\/15335\/#breadcrumb\"},\"inLanguage\":\"fr-FR\",\"potentialAction\":[{\"@type\":\"ReadAction\",\"target\":[\"https:\/\/www.abenex.com\/fr\/15335\/\"]}]},{\"@type\":\"ImageObject\",\"inLanguage\":\"fr-FR\",\"@id\":\"https:\/\/www.abenex.com\/fr\/15335\/#primaryimage\",\"url\":\"https:\/\/www.abenex.com\/wp-content\/uploads\/2026\/03\/Publication-site-Abenex.png\",\"contentUrl\":\"https:\/\/www.abenex.com\/wp-content\/uploads\/2026\/03\/Publication-site-Abenex.png\",\"width\":584,\"height\":395},{\"@type\":\"BreadcrumbList\",\"@id\":\"https:\/\/www.abenex.com\/fr\/15335\/#breadcrumb\",\"itemListElement\":[{\"@type\":\"ListItem\",\"position\":1,\"name\":\"Accueil\",\"item\":\"https:\/\/www.abenex.com\/fr\/\"},{\"@type\":\"ListItem\",\"position\":2,\"name\":\"Promotions Abenex mars 2026\"}]},{\"@type\":\"WebSite\",\"@id\":\"https:\/\/www.abenex.com\/#website\",\"url\":\"https:\/\/www.abenex.com\/\",\"name\":\"Abenex - Investing with purpose\",\"description\":\"Investing with purpose\",\"publisher\":{\"@id\":\"https:\/\/www.abenex.com\/#organization\"},\"potentialAction\":[{\"@type\":\"SearchAction\",\"target\":{\"@type\":\"EntryPoint\",\"urlTemplate\":\"https:\/\/www.abenex.com\/?s={search_term_string}\"},\"query-input\":{\"@type\":\"PropertyValueSpecification\",\"valueRequired\":true,\"valueName\":\"search_term_string\"}}],\"inLanguage\":\"fr-FR\"},{\"@type\":\"Organization\",\"@id\":\"https:\/\/www.abenex.com\/#organization\",\"name\":\"Abenex - Investing with purpose\",\"url\":\"https:\/\/www.abenex.com\/\",\"logo\":{\"@type\":\"ImageObject\",\"inLanguage\":\"fr-FR\",\"@id\":\"https:\/\/www.abenex.com\/#\/schema\/logo\/image\/\",\"url\":\"https:\/\/www.abenex.com\/wp-content\/uploads\/2023\/05\/FULL-LOGO-NOIR-BLEU-1.svg\",\"contentUrl\":\"https:\/\/www.abenex.com\/wp-content\/uploads\/2023\/05\/FULL-LOGO-NOIR-BLEU-1.svg\",\"width\":166,\"height\":34,\"caption\":\"Abenex - Investing with purpose\"},\"image\":{\"@id\":\"https:\/\/www.abenex.com\/#\/schema\/logo\/image\/\"}},{\"@type\":\"Person\",\"@id\":\"https:\/\/www.abenex.com\/#\/schema\/person\/57e8110c7a09d3a603d872830770a3e8\",\"name\":\"juliana.chrismousse@abenex.com\",\"image\":{\"@type\":\"ImageObject\",\"inLanguage\":\"fr-FR\",\"@id\":\"https:\/\/www.abenex.com\/#\/schema\/person\/image\/\",\"url\":\"https:\/\/secure.gravatar.com\/avatar\/2e0d9c3abea5ad58eb4bf13f2a97a100098248e4011de392f528414b62c4d003?s=96&d=mm&r=g\",\"contentUrl\":\"https:\/\/secure.gravatar.com\/avatar\/2e0d9c3abea5ad58eb4bf13f2a97a100098248e4011de392f528414b62c4d003?s=96&d=mm&r=g\",\"caption\":\"juliana.chrismousse@abenex.com\"}}]}<\/script>\n<!-- \/ Yoast SEO plugin. -->","yoast_head_json":{"title":"Promotions Abenex mars 2026 | Abenex","robots":{"index":"index","follow":"follow","max-snippet":"max-snippet:-1","max-image-preview":"max-image-preview:large","max-video-preview":"max-video-preview:-1"},"canonical":"https:\/\/www.abenex.com\/fr\/15335\/","og_locale":"fr_FR","og_type":"article","og_title":"Promotions Abenex mars 2026 | Abenex","og_description":"Acteur historique du capital-investissement fran\u00e7ais et europ\u00e9en, certifi\u00e9 B Corp, Abenex compte aujourd\u2019hui plus de 45 collaborateurs r\u00e9partis dans ses quatre bureaux situ\u00e9s \u00e0 Paris, Lyon, Amsterdam et Milan. Abenex a le plaisir d\u2019annoncer la promotion de deux de ses collaborateurs au sein de son \u00e9quipe Small Cap. L\u2019\u00e9quipe Small Cap, lanc\u00e9e en 2018, est [&hellip;]","og_url":"https:\/\/www.abenex.com\/fr\/15335\/","og_site_name":"Abenex","article_published_time":"2026-03-12T08:22:32+00:00","article_modified_time":"2026-03-12T13:01:17+00:00","og_image":[{"width":584,"height":395,"url":"https:\/\/www.abenex.com\/wp-content\/uploads\/2026\/03\/Publication-site-Abenex.png","type":"image\/png"}],"author":"juliana.chrismousse@abenex.com","twitter_card":"summary_large_image","twitter_misc":{"\u00c9crit par":"juliana.chrismousse@abenex.com","Dur\u00e9e de lecture estim\u00e9e":"3 minutes"},"schema":{"@context":"https:\/\/schema.org","@graph":[{"@type":"Article","@id":"https:\/\/www.abenex.com\/fr\/15335\/#article","isPartOf":{"@id":"https:\/\/www.abenex.com\/fr\/15335\/"},"author":{"name":"juliana.chrismousse@abenex.com","@id":"https:\/\/www.abenex.com\/#\/schema\/person\/57e8110c7a09d3a603d872830770a3e8"},"headline":"Promotions Abenex mars 2026","datePublished":"2026-03-12T08:22:32+00:00","dateModified":"2026-03-12T13:01:17+00:00","mainEntityOfPage":{"@id":"https:\/\/www.abenex.com\/fr\/15335\/"},"wordCount":403,"commentCount":0,"publisher":{"@id":"https:\/\/www.abenex.com\/#organization"},"image":{"@id":"https:\/\/www.abenex.com\/fr\/15335\/#primaryimage"},"thumbnailUrl":"https:\/\/www.abenex.com\/wp-content\/uploads\/2026\/03\/Publication-site-Abenex.png","articleSection":["\u00c9quipe"],"inLanguage":"fr-FR","potentialAction":[{"@type":"CommentAction","name":"Comment","target":["https:\/\/www.abenex.com\/fr\/15335\/#respond"]}]},{"@type":"WebPage","@id":"https:\/\/www.abenex.com\/fr\/15335\/","url":"https:\/\/www.abenex.com\/fr\/15335\/","name":"Promotions Abenex mars 2026 | Abenex","isPartOf":{"@id":"https:\/\/www.abenex.com\/#website"},"primaryImageOfPage":{"@id":"https:\/\/www.abenex.com\/fr\/15335\/#primaryimage"},"image":{"@id":"https:\/\/www.abenex.com\/fr\/15335\/#primaryimage"},"thumbnailUrl":"https:\/\/www.abenex.com\/wp-content\/uploads\/2026\/03\/Publication-site-Abenex.png","datePublished":"2026-03-12T08:22:32+00:00","dateModified":"2026-03-12T13:01:17+00:00","breadcrumb":{"@id":"https:\/\/www.abenex.com\/fr\/15335\/#breadcrumb"},"inLanguage":"fr-FR","potentialAction":[{"@type":"ReadAction","target":["https:\/\/www.abenex.com\/fr\/15335\/"]}]},{"@type":"ImageObject","inLanguage":"fr-FR","@id":"https:\/\/www.abenex.com\/fr\/15335\/#primaryimage","url":"https:\/\/www.abenex.com\/wp-content\/uploads\/2026\/03\/Publication-site-Abenex.png","contentUrl":"https:\/\/www.abenex.com\/wp-content\/uploads\/2026\/03\/Publication-site-Abenex.png","width":584,"height":395},{"@type":"BreadcrumbList","@id":"https:\/\/www.abenex.com\/fr\/15335\/#breadcrumb","itemListElement":[{"@type":"ListItem","position":1,"name":"Accueil","item":"https:\/\/www.abenex.com\/fr\/"},{"@type":"ListItem","position":2,"name":"Promotions Abenex mars 2026"}]},{"@type":"WebSite","@id":"https:\/\/www.abenex.com\/#website","url":"https:\/\/www.abenex.com\/","name":"Abenex - Investing with purpose","description":"Investing with purpose","publisher":{"@id":"https:\/\/www.abenex.com\/#organization"},"potentialAction":[{"@type":"SearchAction","target":{"@type":"EntryPoint","urlTemplate":"https:\/\/www.abenex.com\/?s={search_term_string}"},"query-input":{"@type":"PropertyValueSpecification","valueRequired":true,"valueName":"search_term_string"}}],"inLanguage":"fr-FR"},{"@type":"Organization","@id":"https:\/\/www.abenex.com\/#organization","name":"Abenex - Investing with purpose","url":"https:\/\/www.abenex.com\/","logo":{"@type":"ImageObject","inLanguage":"fr-FR","@id":"https:\/\/www.abenex.com\/#\/schema\/logo\/image\/","url":"https:\/\/www.abenex.com\/wp-content\/uploads\/2023\/05\/FULL-LOGO-NOIR-BLEU-1.svg","contentUrl":"https:\/\/www.abenex.com\/wp-content\/uploads\/2023\/05\/FULL-LOGO-NOIR-BLEU-1.svg","width":166,"height":34,"caption":"Abenex - Investing with purpose"},"image":{"@id":"https:\/\/www.abenex.com\/#\/schema\/logo\/image\/"}},{"@type":"Person","@id":"https:\/\/www.abenex.com\/#\/schema\/person\/57e8110c7a09d3a603d872830770a3e8","name":"juliana.chrismousse@abenex.com","image":{"@type":"ImageObject","inLanguage":"fr-FR","@id":"https:\/\/www.abenex.com\/#\/schema\/person\/image\/","url":"https:\/\/secure.gravatar.com\/avatar\/2e0d9c3abea5ad58eb4bf13f2a97a100098248e4011de392f528414b62c4d003?s=96&d=mm&r=g","contentUrl":"https:\/\/secure.gravatar.com\/avatar\/2e0d9c3abea5ad58eb4bf13f2a97a100098248e4011de392f528414b62c4d003?s=96&d=mm&r=g","caption":"juliana.chrismousse@abenex.com"}}]}},"_links":{"self":[{"href":"https:\/\/www.abenex.com\/fr\/wp-json\/wp\/v2\/posts\/15335","targetHints":{"allow":["GET"]}}],"collection":[{"href":"https:\/\/www.abenex.com\/fr\/wp-json\/wp\/v2\/posts"}],"about":[{"href":"https:\/\/www.abenex.com\/fr\/wp-json\/wp\/v2\/types\/post"}],"author":[{"embeddable":true,"href":"https:\/\/www.abenex.com\/fr\/wp-json\/wp\/v2\/users\/8"}],"replies":[{"embeddable":true,"href":"https:\/\/www.abenex.com\/fr\/wp-json\/wp\/v2\/comments?post=15335"}],"version-history":[{"count":3,"href":"https:\/\/www.abenex.com\/fr\/wp-json\/wp\/v2\/posts\/15335\/revisions"}],"predecessor-version":[{"id":15352,"href":"https:\/\/www.abenex.com\/fr\/wp-json\/wp\/v2\/posts\/15335\/revisions\/15352"}],"wp:featuredmedia":[{"embeddable":true,"href":"https:\/\/www.abenex.com\/fr\/wp-json\/wp\/v2\/media\/15338"}],"wp:attachment":[{"href":"https:\/\/www.abenex.com\/fr\/wp-json\/wp\/v2\/media?parent=15335"}],"wp:term":[{"taxonomy":"category","embeddable":true,"href":"https:\/\/www.abenex.com\/fr\/wp-json\/wp\/v2\/categories?post=15335"},{"taxonomy":"post_tag","embeddable":true,"href":"https:\/\/www.abenex.com\/fr\/wp-json\/wp\/v2\/tags?post=15335"}],"curies":[{"name":"wp","href":"https:\/\/api.w.org\/{rel}","templated":true}]}}