    
{"id":6483,"date":"2018-07-25T07:21:42","date_gmt":"2018-07-25T05:21:42","guid":{"rendered":"https:\/\/www.abenex.com\/abenex-reprend-le-groupe-ac-environnement-aux-cotes-du-management\/"},"modified":"2023-11-24T10:11:55","modified_gmt":"2023-11-24T09:11:55","slug":"abenex-reprend-le-groupe-ac-environnement-aux-cotes-du-management","status":"publish","type":"post","link":"https:\/\/www.abenex.com\/fr\/abenex-reprend-le-groupe-ac-environnement-aux-cotes-du-management\/","title":{"rendered":"Abenex reprend le Groupe AC Environnement aux c\u00f4t\u00e9s du management"},"content":{"rendered":"<p>Fond\u00e9 en 2002 par Pierre D\u00e9roche et Denis Mora, le groupe AC Environnement est le leader fran\u00e7ais du diagnostic immobilier avec pr\u00e8s de 50 millions d\u2019euros de chiffre d\u2019affaires. L\u2019op\u00e9ration a permis \u00e0 Pierre D\u00e9roche, actionnaire majoritaire de c\u00e9der sa participation et \u00e0 Naxicap de d\u00e9boucler son investissement de 2015. L\u2019ensemble des managers emmen\u00e9s par Denis Mora et St\u00e9phane Sanchez poursuit le d\u00e9veloppement du Groupe aux c\u00f4t\u00e9s d\u2019Abenex, investisseur majoritaire dans l\u2019op\u00e9ration. Garibaldi Participations \u00e9galement actionnaire minoritaire accompagnant AC Environnement depuis longtemps, r\u00e9investit dans la nouvelle op\u00e9ration aux c\u00f4t\u00e9s d\u2019Abenex.<\/p>\n<p>Le Groupe AC Environnement est particuli\u00e8rement actif sur les march\u00e9s de l\u2019habitat social et des collectivit\u00e9s publiques. Il r\u00e9alise plus de 80% de son chiffre d\u2019affaires dans les diagnostics amiante avant travaux et d\u00e9molition. AC Environnement poss\u00e8de plusieurs laboratoires internes lui permettant de r\u00e9aliser 600 000 analyses par an et lui conf\u00e9rant ainsi une r\u00e9activit\u00e9 importante pour ses clients. Le Groupe emploie plus de 550 salari\u00e9s r\u00e9partis sur toute la France et dispose de 26 agences dans les principales villes fran\u00e7aises.<\/p>\n<p>Depuis sa cr\u00e9ation, le Groupe AC Environnement a \u00e9norm\u00e9ment investi dans ses laboratoires d\u2019analyse et son outil informatique lui donnant des avantages concurrentiels importants dans un march\u00e9 encore fragment\u00e9. Le Groupe a b\u00e9n\u00e9fici\u00e9 ces derni\u00e8res ann\u00e9es du renforcement de la r\u00e9glementation amiante en France et s\u2019est positionn\u00e9 plus particuli\u00e8rement vers les acteurs publics qui sont les plus concern\u00e9s par les probl\u00e9matiques amiante dans les b\u00e2timents. Gr\u00e2ce \u00e0 sa comp\u00e9titivit\u00e9 dans les r\u00e9ponses aux appels d\u2019offre, le groupe a rapidement d\u00e9velopp\u00e9 une couverture nationale ces 5 derni\u00e8res ann\u00e9es. Il poss\u00e8de maintenant une taille critique, une organisation et des moyens lui permettant d\u2019\u00eatre acteur de la consolidation du march\u00e9 fran\u00e7ais.<\/p>\n<p>Le Groupe AC Environnement se positionne \u00e9galement sur le march\u00e9 d\u2019avenir de la mod\u00e9lisation 3D du b\u00e2timent, le Building Information Modeling (BIM), dont la mise en place permettra aux clients d\u2019AC Environnement d\u2019am\u00e9liorer la connaissance de leur parc immobilier et d\u2019en r\u00e9duire le co\u00fbt d\u2019entretien. Le groupe ambitionne de consolider le march\u00e9 du diagnostic immobilier public et priv\u00e9 et de devenir un leader de l\u2019offre BIM en France \u00e0 l\u2019horizon 2021.<\/p>\n","protected":false},"excerpt":{"rendered":"<p>Fond\u00e9 en 2002 par Pierre D\u00e9roche et Denis Mora, le groupe AC Environnement est le leader fran\u00e7ais du diagnostic immobilier avec pr\u00e8s de 50 millions d\u2019euros de chiffre d\u2019affaires. L\u2019op\u00e9ration a permis \u00e0 Pierre D\u00e9roche, actionnaire majoritaire de c\u00e9der sa participation et \u00e0 Naxicap de d\u00e9boucler son investissement de 2015. L\u2019ensemble des managers emmen\u00e9s par [&hellip;]<\/p>\n","protected":false},"author":1,"featured_media":1718,"comment_status":"closed","ping_status":"closed","sticky":false,"template":"","format":"standard","meta":{"footnotes":""},"categories":[105,103],"tags":[],"class_list":["post-6483","post","type-post","status-publish","format-standard","has-post-thumbnail","hentry","category-abenex","category-participation"],"acf":[],"yoast_head":"<!-- This site is optimized with the Yoast SEO plugin v27.1.1 - https:\/\/yoast.com\/product\/yoast-seo-wordpress\/ -->\n<title>Abenex reprend le Groupe AC Environnement aux c\u00f4t\u00e9s du management | Abenex<\/title>\n<meta name=\"robots\" content=\"index, follow, max-snippet:-1, max-image-preview:large, max-video-preview:-1\" \/>\n<link rel=\"canonical\" href=\"https:\/\/www.abenex.com\/fr\/abenex-reprend-le-groupe-ac-environnement-aux-cotes-du-management\/\" \/>\n<meta property=\"og:locale\" content=\"fr_FR\" \/>\n<meta property=\"og:type\" content=\"article\" \/>\n<meta property=\"og:title\" content=\"Abenex reprend le Groupe AC Environnement aux c\u00f4t\u00e9s du management | Abenex\" \/>\n<meta property=\"og:description\" content=\"Fond\u00e9 en 2002 par Pierre D\u00e9roche et Denis Mora, le groupe AC Environnement est le leader fran\u00e7ais du diagnostic immobilier avec pr\u00e8s de 50 millions d\u2019euros de chiffre d\u2019affaires. L\u2019op\u00e9ration a permis \u00e0 Pierre D\u00e9roche, actionnaire majoritaire de c\u00e9der sa participation et \u00e0 Naxicap de d\u00e9boucler son investissement de 2015. L\u2019ensemble des managers emmen\u00e9s par [&hellip;]\" \/>\n<meta property=\"og:url\" content=\"https:\/\/www.abenex.com\/fr\/abenex-reprend-le-groupe-ac-environnement-aux-cotes-du-management\/\" \/>\n<meta property=\"og:site_name\" content=\"Abenex\" \/>\n<meta property=\"article:published_time\" content=\"2018-07-25T05:21:42+00:00\" \/>\n<meta property=\"article:modified_time\" content=\"2023-11-24T09:11:55+00:00\" \/>\n<meta property=\"og:image\" content=\"https:\/\/www.abenex.com\/wp-content\/uploads\/2023\/06\/5a9bbc8442d010b094d57ffc797b425b74232106-1.jpeg\" \/>\n\t<meta property=\"og:image:width\" content=\"1900\" \/>\n\t<meta property=\"og:image:height\" content=\"1100\" \/>\n\t<meta property=\"og:image:type\" content=\"image\/jpeg\" \/>\n<meta name=\"author\" content=\"simplypew@gmail.com\" \/>\n<meta name=\"twitter:card\" content=\"summary_large_image\" \/>\n<meta name=\"twitter:label1\" content=\"\u00c9crit par\" \/>\n\t<meta name=\"twitter:data1\" content=\"simplypew@gmail.com\" \/>\n\t<meta name=\"twitter:label2\" content=\"Dur\u00e9e de lecture estim\u00e9e\" \/>\n\t<meta name=\"twitter:data2\" content=\"2 minutes\" \/>\n<script type=\"application\/ld+json\" class=\"yoast-schema-graph\">{\"@context\":\"https:\/\/schema.org\",\"@graph\":[{\"@type\":\"Article\",\"@id\":\"https:\/\/www.abenex.com\/fr\/abenex-reprend-le-groupe-ac-environnement-aux-cotes-du-management\/#article\",\"isPartOf\":{\"@id\":\"https:\/\/www.abenex.com\/fr\/abenex-reprend-le-groupe-ac-environnement-aux-cotes-du-management\/\"},\"author\":{\"name\":\"simplypew@gmail.com\",\"@id\":\"https:\/\/www.abenex.com\/#\/schema\/person\/fcaf61d7089f46f499def4617e8f05d5\"},\"headline\":\"Abenex reprend le Groupe AC Environnement aux c\u00f4t\u00e9s du management\",\"datePublished\":\"2018-07-25T05:21:42+00:00\",\"dateModified\":\"2023-11-24T09:11:55+00:00\",\"mainEntityOfPage\":{\"@id\":\"https:\/\/www.abenex.com\/fr\/abenex-reprend-le-groupe-ac-environnement-aux-cotes-du-management\/\"},\"wordCount\":421,\"publisher\":{\"@id\":\"https:\/\/www.abenex.com\/#organization\"},\"image\":{\"@id\":\"https:\/\/www.abenex.com\/fr\/abenex-reprend-le-groupe-ac-environnement-aux-cotes-du-management\/#primaryimage\"},\"thumbnailUrl\":\"https:\/\/www.abenex.com\/wp-content\/uploads\/2023\/06\/5a9bbc8442d010b094d57ffc797b425b74232106-1.jpeg\",\"articleSection\":[\"Abenex\",\"Participations\"],\"inLanguage\":\"fr-FR\"},{\"@type\":\"WebPage\",\"@id\":\"https:\/\/www.abenex.com\/fr\/abenex-reprend-le-groupe-ac-environnement-aux-cotes-du-management\/\",\"url\":\"https:\/\/www.abenex.com\/fr\/abenex-reprend-le-groupe-ac-environnement-aux-cotes-du-management\/\",\"name\":\"Abenex reprend le Groupe AC Environnement aux c\u00f4t\u00e9s du management | Abenex\",\"isPartOf\":{\"@id\":\"https:\/\/www.abenex.com\/#website\"},\"primaryImageOfPage\":{\"@id\":\"https:\/\/www.abenex.com\/fr\/abenex-reprend-le-groupe-ac-environnement-aux-cotes-du-management\/#primaryimage\"},\"image\":{\"@id\":\"https:\/\/www.abenex.com\/fr\/abenex-reprend-le-groupe-ac-environnement-aux-cotes-du-management\/#primaryimage\"},\"thumbnailUrl\":\"https:\/\/www.abenex.com\/wp-content\/uploads\/2023\/06\/5a9bbc8442d010b094d57ffc797b425b74232106-1.jpeg\",\"datePublished\":\"2018-07-25T05:21:42+00:00\",\"dateModified\":\"2023-11-24T09:11:55+00:00\",\"breadcrumb\":{\"@id\":\"https:\/\/www.abenex.com\/fr\/abenex-reprend-le-groupe-ac-environnement-aux-cotes-du-management\/#breadcrumb\"},\"inLanguage\":\"fr-FR\",\"potentialAction\":[{\"@type\":\"ReadAction\",\"target\":[\"https:\/\/www.abenex.com\/fr\/abenex-reprend-le-groupe-ac-environnement-aux-cotes-du-management\/\"]}]},{\"@type\":\"ImageObject\",\"inLanguage\":\"fr-FR\",\"@id\":\"https:\/\/www.abenex.com\/fr\/abenex-reprend-le-groupe-ac-environnement-aux-cotes-du-management\/#primaryimage\",\"url\":\"https:\/\/www.abenex.com\/wp-content\/uploads\/2023\/06\/5a9bbc8442d010b094d57ffc797b425b74232106-1.jpeg\",\"contentUrl\":\"https:\/\/www.abenex.com\/wp-content\/uploads\/2023\/06\/5a9bbc8442d010b094d57ffc797b425b74232106-1.jpeg\",\"width\":1900,\"height\":1100,\"caption\":\"Technicien en combinaison sur un chantier faisant un diagnostique - illustration AC ENVIRONNEMENT\"},{\"@type\":\"BreadcrumbList\",\"@id\":\"https:\/\/www.abenex.com\/fr\/abenex-reprend-le-groupe-ac-environnement-aux-cotes-du-management\/#breadcrumb\",\"itemListElement\":[{\"@type\":\"ListItem\",\"position\":1,\"name\":\"Accueil\",\"item\":\"https:\/\/www.abenex.com\/fr\/\"},{\"@type\":\"ListItem\",\"position\":2,\"name\":\"Abenex reprend le Groupe AC Environnement aux c\u00f4t\u00e9s du management\"}]},{\"@type\":\"WebSite\",\"@id\":\"https:\/\/www.abenex.com\/#website\",\"url\":\"https:\/\/www.abenex.com\/\",\"name\":\"Abenex - Investing with purpose\",\"description\":\"Investing with purpose\",\"publisher\":{\"@id\":\"https:\/\/www.abenex.com\/#organization\"},\"potentialAction\":[{\"@type\":\"SearchAction\",\"target\":{\"@type\":\"EntryPoint\",\"urlTemplate\":\"https:\/\/www.abenex.com\/?s={search_term_string}\"},\"query-input\":{\"@type\":\"PropertyValueSpecification\",\"valueRequired\":true,\"valueName\":\"search_term_string\"}}],\"inLanguage\":\"fr-FR\"},{\"@type\":\"Organization\",\"@id\":\"https:\/\/www.abenex.com\/#organization\",\"name\":\"Abenex - Investing with purpose\",\"url\":\"https:\/\/www.abenex.com\/\",\"logo\":{\"@type\":\"ImageObject\",\"inLanguage\":\"fr-FR\",\"@id\":\"https:\/\/www.abenex.com\/#\/schema\/logo\/image\/\",\"url\":\"https:\/\/www.abenex.com\/wp-content\/uploads\/2023\/05\/FULL-LOGO-NOIR-BLEU-1.svg\",\"contentUrl\":\"https:\/\/www.abenex.com\/wp-content\/uploads\/2023\/05\/FULL-LOGO-NOIR-BLEU-1.svg\",\"width\":166,\"height\":34,\"caption\":\"Abenex - Investing with purpose\"},\"image\":{\"@id\":\"https:\/\/www.abenex.com\/#\/schema\/logo\/image\/\"}},{\"@type\":\"Person\",\"@id\":\"https:\/\/www.abenex.com\/#\/schema\/person\/fcaf61d7089f46f499def4617e8f05d5\",\"name\":\"simplypew@gmail.com\",\"image\":{\"@type\":\"ImageObject\",\"inLanguage\":\"fr-FR\",\"@id\":\"https:\/\/www.abenex.com\/#\/schema\/person\/image\/\",\"url\":\"https:\/\/secure.gravatar.com\/avatar\/f055ded7a27e879ece34280c17d058e2ba94c9b96e06787d6fbd482c26aad2bf?s=96&d=mm&r=g\",\"contentUrl\":\"https:\/\/secure.gravatar.com\/avatar\/f055ded7a27e879ece34280c17d058e2ba94c9b96e06787d6fbd482c26aad2bf?s=96&d=mm&r=g\",\"caption\":\"simplypew@gmail.com\"},\"sameAs\":[\"https:\/\/www.abenex.com\"]}]}<\/script>\n<!-- \/ Yoast SEO plugin. -->","yoast_head_json":{"title":"Abenex reprend le Groupe AC Environnement aux c\u00f4t\u00e9s du management | Abenex","robots":{"index":"index","follow":"follow","max-snippet":"max-snippet:-1","max-image-preview":"max-image-preview:large","max-video-preview":"max-video-preview:-1"},"canonical":"https:\/\/www.abenex.com\/fr\/abenex-reprend-le-groupe-ac-environnement-aux-cotes-du-management\/","og_locale":"fr_FR","og_type":"article","og_title":"Abenex reprend le Groupe AC Environnement aux c\u00f4t\u00e9s du management | Abenex","og_description":"Fond\u00e9 en 2002 par Pierre D\u00e9roche et Denis Mora, le groupe AC Environnement est le leader fran\u00e7ais du diagnostic immobilier avec pr\u00e8s de 50 millions d\u2019euros de chiffre d\u2019affaires. L\u2019op\u00e9ration a permis \u00e0 Pierre D\u00e9roche, actionnaire majoritaire de c\u00e9der sa participation et \u00e0 Naxicap de d\u00e9boucler son investissement de 2015. L\u2019ensemble des managers emmen\u00e9s par [&hellip;]","og_url":"https:\/\/www.abenex.com\/fr\/abenex-reprend-le-groupe-ac-environnement-aux-cotes-du-management\/","og_site_name":"Abenex","article_published_time":"2018-07-25T05:21:42+00:00","article_modified_time":"2023-11-24T09:11:55+00:00","og_image":[{"width":1900,"height":1100,"url":"https:\/\/www.abenex.com\/wp-content\/uploads\/2023\/06\/5a9bbc8442d010b094d57ffc797b425b74232106-1.jpeg","type":"image\/jpeg"}],"author":"simplypew@gmail.com","twitter_card":"summary_large_image","twitter_misc":{"\u00c9crit par":"simplypew@gmail.com","Dur\u00e9e de lecture estim\u00e9e":"2 minutes"},"schema":{"@context":"https:\/\/schema.org","@graph":[{"@type":"Article","@id":"https:\/\/www.abenex.com\/fr\/abenex-reprend-le-groupe-ac-environnement-aux-cotes-du-management\/#article","isPartOf":{"@id":"https:\/\/www.abenex.com\/fr\/abenex-reprend-le-groupe-ac-environnement-aux-cotes-du-management\/"},"author":{"name":"simplypew@gmail.com","@id":"https:\/\/www.abenex.com\/#\/schema\/person\/fcaf61d7089f46f499def4617e8f05d5"},"headline":"Abenex reprend le Groupe AC Environnement aux c\u00f4t\u00e9s du management","datePublished":"2018-07-25T05:21:42+00:00","dateModified":"2023-11-24T09:11:55+00:00","mainEntityOfPage":{"@id":"https:\/\/www.abenex.com\/fr\/abenex-reprend-le-groupe-ac-environnement-aux-cotes-du-management\/"},"wordCount":421,"publisher":{"@id":"https:\/\/www.abenex.com\/#organization"},"image":{"@id":"https:\/\/www.abenex.com\/fr\/abenex-reprend-le-groupe-ac-environnement-aux-cotes-du-management\/#primaryimage"},"thumbnailUrl":"https:\/\/www.abenex.com\/wp-content\/uploads\/2023\/06\/5a9bbc8442d010b094d57ffc797b425b74232106-1.jpeg","articleSection":["Abenex","Participations"],"inLanguage":"fr-FR"},{"@type":"WebPage","@id":"https:\/\/www.abenex.com\/fr\/abenex-reprend-le-groupe-ac-environnement-aux-cotes-du-management\/","url":"https:\/\/www.abenex.com\/fr\/abenex-reprend-le-groupe-ac-environnement-aux-cotes-du-management\/","name":"Abenex reprend le Groupe AC Environnement aux c\u00f4t\u00e9s du management | Abenex","isPartOf":{"@id":"https:\/\/www.abenex.com\/#website"},"primaryImageOfPage":{"@id":"https:\/\/www.abenex.com\/fr\/abenex-reprend-le-groupe-ac-environnement-aux-cotes-du-management\/#primaryimage"},"image":{"@id":"https:\/\/www.abenex.com\/fr\/abenex-reprend-le-groupe-ac-environnement-aux-cotes-du-management\/#primaryimage"},"thumbnailUrl":"https:\/\/www.abenex.com\/wp-content\/uploads\/2023\/06\/5a9bbc8442d010b094d57ffc797b425b74232106-1.jpeg","datePublished":"2018-07-25T05:21:42+00:00","dateModified":"2023-11-24T09:11:55+00:00","breadcrumb":{"@id":"https:\/\/www.abenex.com\/fr\/abenex-reprend-le-groupe-ac-environnement-aux-cotes-du-management\/#breadcrumb"},"inLanguage":"fr-FR","potentialAction":[{"@type":"ReadAction","target":["https:\/\/www.abenex.com\/fr\/abenex-reprend-le-groupe-ac-environnement-aux-cotes-du-management\/"]}]},{"@type":"ImageObject","inLanguage":"fr-FR","@id":"https:\/\/www.abenex.com\/fr\/abenex-reprend-le-groupe-ac-environnement-aux-cotes-du-management\/#primaryimage","url":"https:\/\/www.abenex.com\/wp-content\/uploads\/2023\/06\/5a9bbc8442d010b094d57ffc797b425b74232106-1.jpeg","contentUrl":"https:\/\/www.abenex.com\/wp-content\/uploads\/2023\/06\/5a9bbc8442d010b094d57ffc797b425b74232106-1.jpeg","width":1900,"height":1100,"caption":"Technicien en combinaison sur un chantier faisant un diagnostique - illustration AC ENVIRONNEMENT"},{"@type":"BreadcrumbList","@id":"https:\/\/www.abenex.com\/fr\/abenex-reprend-le-groupe-ac-environnement-aux-cotes-du-management\/#breadcrumb","itemListElement":[{"@type":"ListItem","position":1,"name":"Accueil","item":"https:\/\/www.abenex.com\/fr\/"},{"@type":"ListItem","position":2,"name":"Abenex reprend le Groupe AC Environnement aux c\u00f4t\u00e9s du management"}]},{"@type":"WebSite","@id":"https:\/\/www.abenex.com\/#website","url":"https:\/\/www.abenex.com\/","name":"Abenex - Investing with purpose","description":"Investing with purpose","publisher":{"@id":"https:\/\/www.abenex.com\/#organization"},"potentialAction":[{"@type":"SearchAction","target":{"@type":"EntryPoint","urlTemplate":"https:\/\/www.abenex.com\/?s={search_term_string}"},"query-input":{"@type":"PropertyValueSpecification","valueRequired":true,"valueName":"search_term_string"}}],"inLanguage":"fr-FR"},{"@type":"Organization","@id":"https:\/\/www.abenex.com\/#organization","name":"Abenex - Investing with purpose","url":"https:\/\/www.abenex.com\/","logo":{"@type":"ImageObject","inLanguage":"fr-FR","@id":"https:\/\/www.abenex.com\/#\/schema\/logo\/image\/","url":"https:\/\/www.abenex.com\/wp-content\/uploads\/2023\/05\/FULL-LOGO-NOIR-BLEU-1.svg","contentUrl":"https:\/\/www.abenex.com\/wp-content\/uploads\/2023\/05\/FULL-LOGO-NOIR-BLEU-1.svg","width":166,"height":34,"caption":"Abenex - Investing with purpose"},"image":{"@id":"https:\/\/www.abenex.com\/#\/schema\/logo\/image\/"}},{"@type":"Person","@id":"https:\/\/www.abenex.com\/#\/schema\/person\/fcaf61d7089f46f499def4617e8f05d5","name":"simplypew@gmail.com","image":{"@type":"ImageObject","inLanguage":"fr-FR","@id":"https:\/\/www.abenex.com\/#\/schema\/person\/image\/","url":"https:\/\/secure.gravatar.com\/avatar\/f055ded7a27e879ece34280c17d058e2ba94c9b96e06787d6fbd482c26aad2bf?s=96&d=mm&r=g","contentUrl":"https:\/\/secure.gravatar.com\/avatar\/f055ded7a27e879ece34280c17d058e2ba94c9b96e06787d6fbd482c26aad2bf?s=96&d=mm&r=g","caption":"simplypew@gmail.com"},"sameAs":["https:\/\/www.abenex.com"]}]}},"_links":{"self":[{"href":"https:\/\/www.abenex.com\/fr\/wp-json\/wp\/v2\/posts\/6483","targetHints":{"allow":["GET"]}}],"collection":[{"href":"https:\/\/www.abenex.com\/fr\/wp-json\/wp\/v2\/posts"}],"about":[{"href":"https:\/\/www.abenex.com\/fr\/wp-json\/wp\/v2\/types\/post"}],"author":[{"embeddable":true,"href":"https:\/\/www.abenex.com\/fr\/wp-json\/wp\/v2\/users\/1"}],"replies":[{"embeddable":true,"href":"https:\/\/www.abenex.com\/fr\/wp-json\/wp\/v2\/comments?post=6483"}],"version-history":[{"count":1,"href":"https:\/\/www.abenex.com\/fr\/wp-json\/wp\/v2\/posts\/6483\/revisions"}],"predecessor-version":[{"id":6688,"href":"https:\/\/www.abenex.com\/fr\/wp-json\/wp\/v2\/posts\/6483\/revisions\/6688"}],"wp:featuredmedia":[{"embeddable":true,"href":"https:\/\/www.abenex.com\/fr\/wp-json\/wp\/v2\/media\/1718"}],"wp:attachment":[{"href":"https:\/\/www.abenex.com\/fr\/wp-json\/wp\/v2\/media?parent=6483"}],"wp:term":[{"taxonomy":"category","embeddable":true,"href":"https:\/\/www.abenex.com\/fr\/wp-json\/wp\/v2\/categories?post=6483"},{"taxonomy":"post_tag","embeddable":true,"href":"https:\/\/www.abenex.com\/fr\/wp-json\/wp\/v2\/tags?post=6483"}],"curies":[{"name":"wp","href":"https:\/\/api.w.org\/{rel}","templated":true}]}}