    
{"id":6486,"date":"2018-10-01T17:16:05","date_gmt":"2018-10-01T15:16:05","guid":{"rendered":"https:\/\/www.abenex.com\/groupe-adf-organise-sa-croissance\/"},"modified":"2023-11-24T10:11:41","modified_gmt":"2023-11-24T09:11:41","slug":"groupe-adf-organise-sa-croissance","status":"publish","type":"post","link":"https:\/\/www.abenex.com\/fr\/groupe-adf-organise-sa-croissance\/","title":{"rendered":"Groupe ADF organise sa croissance"},"content":{"rendered":"<p>Sp\u00e9cialiste des \u00ab smart industrial solutions \u00bb, Groupe ADF s\u2019associe \u00e0 Abenex, accompagn\u00e9 d\u2019Etoile ID, pour organiser son nouveau MBO et financer son projet de d\u00e9veloppement. <br \/>Issu du spin-off en 2007 des activit\u00e9s de services \u00e0 l\u2019industrie de Gaz de France, Groupe ADF s\u2019est impos\u00e9 comme un acteur de premier plan de la conception, l\u2019ing\u00e9nierie, l\u2019int\u00e9gration et la maintenance d\u2019outils industriels critiques dans les secteurs de l\u2019a\u00e9ronautique, de l\u2019\u00e9nergie et des industries de process.<\/p>\n<p>\u00a0<\/p>\n\n\n<p>S\u2019appuyant sur une \u00e9quipe talentueuse et engag\u00e9e de plus de 3300 salari\u00e9s, Groupe ADF se distingue par la qualit\u00e9 de sa relation client et sa ma\u00eetrise des outils de production tout au long de leur cycle de vie, et est reconnu comme l\u2019un des pionniers de l\u2019usine du futur. Le groupe r\u00e9alise plus de 400M\u20ac de chiffre d\u2019affaires dans 43 pays.<\/p>\n\n\n\n<p><br>Soutenu par Actomezz, Etoile ID et ACE Management, Groupe ADF a doubl\u00e9 de taille depuis son MBO sponsorless de 2014, notamment gr\u00e2ce \u00e0 l\u2019acquisition de taille significative de Lat\u00e9co\u00e8re Services en 2016, et s\u2019engage aujourd\u2019hui dans une nouvelle phase de son d\u00e9veloppement, qui comprend trois volets : poursuivre l\u2019internationalisation du groupe, renforcer les offres \u00e0 fort contenus technologiques et d\u00e9velopper son excellence op\u00e9rationnelle.<\/p>\n\n\n\n<p><br>Pour \u00e9crire cette nouvelle page de son projet entrepreneurial, l\u2019\u00e9quipe de management, emmen\u00e9e par son PDG Marc Eliayan, s\u2019associe \u00e0 un nouveau partenaire financier minoritaire, Abenex, alors qu\u2019Etoile ID reste actionnaire, et structure de nouveaux financements qui lui permettront de mettre en oeuvre sa strat\u00e9gie et de poursuivre sa croissance externe.<\/p>\n\n\n\n<h2 class=\"wp-block-heading\"><\/h2>\n","protected":false},"excerpt":{"rendered":"<p>Sp\u00e9cialiste des \u00ab smart industrial solutions \u00bb, Groupe ADF s\u2019associe \u00e0 Abenex, accompagn\u00e9 d\u2019Etoile ID, pour organiser son nouveau MBO et financer son projet de d\u00e9veloppement. Issu du spin-off en 2007 des activit\u00e9s de services \u00e0 l\u2019industrie de Gaz de France, Groupe ADF s\u2019est impos\u00e9 comme un acteur de premier plan de la conception, l\u2019ing\u00e9nierie, [&hellip;]<\/p>\n","protected":false},"author":1,"featured_media":1726,"comment_status":"closed","ping_status":"closed","sticky":false,"template":"","format":"standard","meta":{"footnotes":""},"categories":[105,103],"tags":[],"class_list":["post-6486","post","type-post","status-publish","format-standard","has-post-thumbnail","hentry","category-abenex","category-participation"],"acf":[],"yoast_head":"<!-- This site is optimized with the Yoast SEO plugin v27.1.1 - https:\/\/yoast.com\/product\/yoast-seo-wordpress\/ -->\n<title>Groupe ADF organise sa croissance | Abenex<\/title>\n<meta name=\"robots\" content=\"index, follow, max-snippet:-1, max-image-preview:large, max-video-preview:-1\" \/>\n<link rel=\"canonical\" href=\"https:\/\/www.abenex.com\/fr\/groupe-adf-organise-sa-croissance\/\" \/>\n<meta property=\"og:locale\" content=\"fr_FR\" \/>\n<meta property=\"og:type\" content=\"article\" \/>\n<meta property=\"og:title\" content=\"Groupe ADF organise sa croissance | Abenex\" \/>\n<meta property=\"og:description\" content=\"Sp\u00e9cialiste des \u00ab smart industrial solutions \u00bb, Groupe ADF s\u2019associe \u00e0 Abenex, accompagn\u00e9 d\u2019Etoile ID, pour organiser son nouveau MBO et financer son projet de d\u00e9veloppement. Issu du spin-off en 2007 des activit\u00e9s de services \u00e0 l\u2019industrie de Gaz de France, Groupe ADF s\u2019est impos\u00e9 comme un acteur de premier plan de la conception, l\u2019ing\u00e9nierie, [&hellip;]\" \/>\n<meta property=\"og:url\" content=\"https:\/\/www.abenex.com\/fr\/groupe-adf-organise-sa-croissance\/\" \/>\n<meta property=\"og:site_name\" content=\"Abenex\" \/>\n<meta property=\"article:published_time\" content=\"2018-10-01T15:16:05+00:00\" \/>\n<meta property=\"article:modified_time\" content=\"2023-11-24T09:11:41+00:00\" \/>\n<meta property=\"og:image\" content=\"https:\/\/www.abenex.com\/wp-content\/uploads\/2023\/06\/image-ADF1-1024x683.png\" \/>\n\t<meta property=\"og:image:width\" content=\"1024\" \/>\n\t<meta property=\"og:image:height\" content=\"683\" \/>\n\t<meta property=\"og:image:type\" content=\"image\/png\" \/>\n<meta name=\"author\" content=\"simplypew@gmail.com\" \/>\n<meta name=\"twitter:card\" content=\"summary_large_image\" \/>\n<meta name=\"twitter:label1\" content=\"\u00c9crit par\" \/>\n\t<meta name=\"twitter:data1\" content=\"simplypew@gmail.com\" \/>\n\t<meta name=\"twitter:label2\" content=\"Dur\u00e9e de lecture estim\u00e9e\" \/>\n\t<meta name=\"twitter:data2\" content=\"1 minute\" \/>\n<script type=\"application\/ld+json\" class=\"yoast-schema-graph\">{\"@context\":\"https:\/\/schema.org\",\"@graph\":[{\"@type\":\"Article\",\"@id\":\"https:\/\/www.abenex.com\/fr\/groupe-adf-organise-sa-croissance\/#article\",\"isPartOf\":{\"@id\":\"https:\/\/www.abenex.com\/fr\/groupe-adf-organise-sa-croissance\/\"},\"author\":{\"name\":\"simplypew@gmail.com\",\"@id\":\"https:\/\/www.abenex.com\/#\/schema\/person\/fcaf61d7089f46f499def4617e8f05d5\"},\"headline\":\"Groupe ADF organise sa croissance\",\"datePublished\":\"2018-10-01T15:16:05+00:00\",\"dateModified\":\"2023-11-24T09:11:41+00:00\",\"mainEntityOfPage\":{\"@id\":\"https:\/\/www.abenex.com\/fr\/groupe-adf-organise-sa-croissance\/\"},\"wordCount\":279,\"publisher\":{\"@id\":\"https:\/\/www.abenex.com\/#organization\"},\"image\":{\"@id\":\"https:\/\/www.abenex.com\/fr\/groupe-adf-organise-sa-croissance\/#primaryimage\"},\"thumbnailUrl\":\"https:\/\/www.abenex.com\/wp-content\/uploads\/2023\/06\/image-ADF1.png\",\"articleSection\":[\"Abenex\",\"Participations\"],\"inLanguage\":\"fr-FR\"},{\"@type\":\"WebPage\",\"@id\":\"https:\/\/www.abenex.com\/fr\/groupe-adf-organise-sa-croissance\/\",\"url\":\"https:\/\/www.abenex.com\/fr\/groupe-adf-organise-sa-croissance\/\",\"name\":\"Groupe ADF organise sa croissance | Abenex\",\"isPartOf\":{\"@id\":\"https:\/\/www.abenex.com\/#website\"},\"primaryImageOfPage\":{\"@id\":\"https:\/\/www.abenex.com\/fr\/groupe-adf-organise-sa-croissance\/#primaryimage\"},\"image\":{\"@id\":\"https:\/\/www.abenex.com\/fr\/groupe-adf-organise-sa-croissance\/#primaryimage\"},\"thumbnailUrl\":\"https:\/\/www.abenex.com\/wp-content\/uploads\/2023\/06\/image-ADF1.png\",\"datePublished\":\"2018-10-01T15:16:05+00:00\",\"dateModified\":\"2023-11-24T09:11:41+00:00\",\"breadcrumb\":{\"@id\":\"https:\/\/www.abenex.com\/fr\/groupe-adf-organise-sa-croissance\/#breadcrumb\"},\"inLanguage\":\"fr-FR\",\"potentialAction\":[{\"@type\":\"ReadAction\",\"target\":[\"https:\/\/www.abenex.com\/fr\/groupe-adf-organise-sa-croissance\/\"]}]},{\"@type\":\"ImageObject\",\"inLanguage\":\"fr-FR\",\"@id\":\"https:\/\/www.abenex.com\/fr\/groupe-adf-organise-sa-croissance\/#primaryimage\",\"url\":\"https:\/\/www.abenex.com\/wp-content\/uploads\/2023\/06\/image-ADF1.png\",\"contentUrl\":\"https:\/\/www.abenex.com\/wp-content\/uploads\/2023\/06\/image-ADF1.png\",\"width\":1772,\"height\":1182,\"caption\":\"Image vue de dessus : 2 hommes avec polos travaillant sur du mat\u00e9riel \u00e9lectrique - illustration soci\u00e9t\u00e9 ADF\"},{\"@type\":\"BreadcrumbList\",\"@id\":\"https:\/\/www.abenex.com\/fr\/groupe-adf-organise-sa-croissance\/#breadcrumb\",\"itemListElement\":[{\"@type\":\"ListItem\",\"position\":1,\"name\":\"Accueil\",\"item\":\"https:\/\/www.abenex.com\/fr\/\"},{\"@type\":\"ListItem\",\"position\":2,\"name\":\"Groupe ADF organise sa croissance\"}]},{\"@type\":\"WebSite\",\"@id\":\"https:\/\/www.abenex.com\/#website\",\"url\":\"https:\/\/www.abenex.com\/\",\"name\":\"Abenex - Investing with purpose\",\"description\":\"Investing with purpose\",\"publisher\":{\"@id\":\"https:\/\/www.abenex.com\/#organization\"},\"potentialAction\":[{\"@type\":\"SearchAction\",\"target\":{\"@type\":\"EntryPoint\",\"urlTemplate\":\"https:\/\/www.abenex.com\/?s={search_term_string}\"},\"query-input\":{\"@type\":\"PropertyValueSpecification\",\"valueRequired\":true,\"valueName\":\"search_term_string\"}}],\"inLanguage\":\"fr-FR\"},{\"@type\":\"Organization\",\"@id\":\"https:\/\/www.abenex.com\/#organization\",\"name\":\"Abenex - Investing with purpose\",\"url\":\"https:\/\/www.abenex.com\/\",\"logo\":{\"@type\":\"ImageObject\",\"inLanguage\":\"fr-FR\",\"@id\":\"https:\/\/www.abenex.com\/#\/schema\/logo\/image\/\",\"url\":\"https:\/\/www.abenex.com\/wp-content\/uploads\/2023\/05\/FULL-LOGO-NOIR-BLEU-1.svg\",\"contentUrl\":\"https:\/\/www.abenex.com\/wp-content\/uploads\/2023\/05\/FULL-LOGO-NOIR-BLEU-1.svg\",\"width\":166,\"height\":34,\"caption\":\"Abenex - Investing with purpose\"},\"image\":{\"@id\":\"https:\/\/www.abenex.com\/#\/schema\/logo\/image\/\"}},{\"@type\":\"Person\",\"@id\":\"https:\/\/www.abenex.com\/#\/schema\/person\/fcaf61d7089f46f499def4617e8f05d5\",\"name\":\"simplypew@gmail.com\",\"image\":{\"@type\":\"ImageObject\",\"inLanguage\":\"fr-FR\",\"@id\":\"https:\/\/www.abenex.com\/#\/schema\/person\/image\/\",\"url\":\"https:\/\/secure.gravatar.com\/avatar\/f055ded7a27e879ece34280c17d058e2ba94c9b96e06787d6fbd482c26aad2bf?s=96&d=mm&r=g\",\"contentUrl\":\"https:\/\/secure.gravatar.com\/avatar\/f055ded7a27e879ece34280c17d058e2ba94c9b96e06787d6fbd482c26aad2bf?s=96&d=mm&r=g\",\"caption\":\"simplypew@gmail.com\"},\"sameAs\":[\"https:\/\/www.abenex.com\"]}]}<\/script>\n<!-- \/ Yoast SEO plugin. -->","yoast_head_json":{"title":"Groupe ADF organise sa croissance | Abenex","robots":{"index":"index","follow":"follow","max-snippet":"max-snippet:-1","max-image-preview":"max-image-preview:large","max-video-preview":"max-video-preview:-1"},"canonical":"https:\/\/www.abenex.com\/fr\/groupe-adf-organise-sa-croissance\/","og_locale":"fr_FR","og_type":"article","og_title":"Groupe ADF organise sa croissance | Abenex","og_description":"Sp\u00e9cialiste des \u00ab smart industrial solutions \u00bb, Groupe ADF s\u2019associe \u00e0 Abenex, accompagn\u00e9 d\u2019Etoile ID, pour organiser son nouveau MBO et financer son projet de d\u00e9veloppement. Issu du spin-off en 2007 des activit\u00e9s de services \u00e0 l\u2019industrie de Gaz de France, Groupe ADF s\u2019est impos\u00e9 comme un acteur de premier plan de la conception, l\u2019ing\u00e9nierie, [&hellip;]","og_url":"https:\/\/www.abenex.com\/fr\/groupe-adf-organise-sa-croissance\/","og_site_name":"Abenex","article_published_time":"2018-10-01T15:16:05+00:00","article_modified_time":"2023-11-24T09:11:41+00:00","og_image":[{"width":1024,"height":683,"url":"https:\/\/www.abenex.com\/wp-content\/uploads\/2023\/06\/image-ADF1-1024x683.png","type":"image\/png"}],"author":"simplypew@gmail.com","twitter_card":"summary_large_image","twitter_misc":{"\u00c9crit par":"simplypew@gmail.com","Dur\u00e9e de lecture estim\u00e9e":"1 minute"},"schema":{"@context":"https:\/\/schema.org","@graph":[{"@type":"Article","@id":"https:\/\/www.abenex.com\/fr\/groupe-adf-organise-sa-croissance\/#article","isPartOf":{"@id":"https:\/\/www.abenex.com\/fr\/groupe-adf-organise-sa-croissance\/"},"author":{"name":"simplypew@gmail.com","@id":"https:\/\/www.abenex.com\/#\/schema\/person\/fcaf61d7089f46f499def4617e8f05d5"},"headline":"Groupe ADF organise sa croissance","datePublished":"2018-10-01T15:16:05+00:00","dateModified":"2023-11-24T09:11:41+00:00","mainEntityOfPage":{"@id":"https:\/\/www.abenex.com\/fr\/groupe-adf-organise-sa-croissance\/"},"wordCount":279,"publisher":{"@id":"https:\/\/www.abenex.com\/#organization"},"image":{"@id":"https:\/\/www.abenex.com\/fr\/groupe-adf-organise-sa-croissance\/#primaryimage"},"thumbnailUrl":"https:\/\/www.abenex.com\/wp-content\/uploads\/2023\/06\/image-ADF1.png","articleSection":["Abenex","Participations"],"inLanguage":"fr-FR"},{"@type":"WebPage","@id":"https:\/\/www.abenex.com\/fr\/groupe-adf-organise-sa-croissance\/","url":"https:\/\/www.abenex.com\/fr\/groupe-adf-organise-sa-croissance\/","name":"Groupe ADF organise sa croissance | Abenex","isPartOf":{"@id":"https:\/\/www.abenex.com\/#website"},"primaryImageOfPage":{"@id":"https:\/\/www.abenex.com\/fr\/groupe-adf-organise-sa-croissance\/#primaryimage"},"image":{"@id":"https:\/\/www.abenex.com\/fr\/groupe-adf-organise-sa-croissance\/#primaryimage"},"thumbnailUrl":"https:\/\/www.abenex.com\/wp-content\/uploads\/2023\/06\/image-ADF1.png","datePublished":"2018-10-01T15:16:05+00:00","dateModified":"2023-11-24T09:11:41+00:00","breadcrumb":{"@id":"https:\/\/www.abenex.com\/fr\/groupe-adf-organise-sa-croissance\/#breadcrumb"},"inLanguage":"fr-FR","potentialAction":[{"@type":"ReadAction","target":["https:\/\/www.abenex.com\/fr\/groupe-adf-organise-sa-croissance\/"]}]},{"@type":"ImageObject","inLanguage":"fr-FR","@id":"https:\/\/www.abenex.com\/fr\/groupe-adf-organise-sa-croissance\/#primaryimage","url":"https:\/\/www.abenex.com\/wp-content\/uploads\/2023\/06\/image-ADF1.png","contentUrl":"https:\/\/www.abenex.com\/wp-content\/uploads\/2023\/06\/image-ADF1.png","width":1772,"height":1182,"caption":"Image vue de dessus : 2 hommes avec polos travaillant sur du mat\u00e9riel \u00e9lectrique - illustration soci\u00e9t\u00e9 ADF"},{"@type":"BreadcrumbList","@id":"https:\/\/www.abenex.com\/fr\/groupe-adf-organise-sa-croissance\/#breadcrumb","itemListElement":[{"@type":"ListItem","position":1,"name":"Accueil","item":"https:\/\/www.abenex.com\/fr\/"},{"@type":"ListItem","position":2,"name":"Groupe ADF organise sa croissance"}]},{"@type":"WebSite","@id":"https:\/\/www.abenex.com\/#website","url":"https:\/\/www.abenex.com\/","name":"Abenex - Investing with purpose","description":"Investing with purpose","publisher":{"@id":"https:\/\/www.abenex.com\/#organization"},"potentialAction":[{"@type":"SearchAction","target":{"@type":"EntryPoint","urlTemplate":"https:\/\/www.abenex.com\/?s={search_term_string}"},"query-input":{"@type":"PropertyValueSpecification","valueRequired":true,"valueName":"search_term_string"}}],"inLanguage":"fr-FR"},{"@type":"Organization","@id":"https:\/\/www.abenex.com\/#organization","name":"Abenex - Investing with purpose","url":"https:\/\/www.abenex.com\/","logo":{"@type":"ImageObject","inLanguage":"fr-FR","@id":"https:\/\/www.abenex.com\/#\/schema\/logo\/image\/","url":"https:\/\/www.abenex.com\/wp-content\/uploads\/2023\/05\/FULL-LOGO-NOIR-BLEU-1.svg","contentUrl":"https:\/\/www.abenex.com\/wp-content\/uploads\/2023\/05\/FULL-LOGO-NOIR-BLEU-1.svg","width":166,"height":34,"caption":"Abenex - Investing with purpose"},"image":{"@id":"https:\/\/www.abenex.com\/#\/schema\/logo\/image\/"}},{"@type":"Person","@id":"https:\/\/www.abenex.com\/#\/schema\/person\/fcaf61d7089f46f499def4617e8f05d5","name":"simplypew@gmail.com","image":{"@type":"ImageObject","inLanguage":"fr-FR","@id":"https:\/\/www.abenex.com\/#\/schema\/person\/image\/","url":"https:\/\/secure.gravatar.com\/avatar\/f055ded7a27e879ece34280c17d058e2ba94c9b96e06787d6fbd482c26aad2bf?s=96&d=mm&r=g","contentUrl":"https:\/\/secure.gravatar.com\/avatar\/f055ded7a27e879ece34280c17d058e2ba94c9b96e06787d6fbd482c26aad2bf?s=96&d=mm&r=g","caption":"simplypew@gmail.com"},"sameAs":["https:\/\/www.abenex.com"]}]}},"_links":{"self":[{"href":"https:\/\/www.abenex.com\/fr\/wp-json\/wp\/v2\/posts\/6486","targetHints":{"allow":["GET"]}}],"collection":[{"href":"https:\/\/www.abenex.com\/fr\/wp-json\/wp\/v2\/posts"}],"about":[{"href":"https:\/\/www.abenex.com\/fr\/wp-json\/wp\/v2\/types\/post"}],"author":[{"embeddable":true,"href":"https:\/\/www.abenex.com\/fr\/wp-json\/wp\/v2\/users\/1"}],"replies":[{"embeddable":true,"href":"https:\/\/www.abenex.com\/fr\/wp-json\/wp\/v2\/comments?post=6486"}],"version-history":[{"count":1,"href":"https:\/\/www.abenex.com\/fr\/wp-json\/wp\/v2\/posts\/6486\/revisions"}],"predecessor-version":[{"id":6693,"href":"https:\/\/www.abenex.com\/fr\/wp-json\/wp\/v2\/posts\/6486\/revisions\/6693"}],"wp:featuredmedia":[{"embeddable":true,"href":"https:\/\/www.abenex.com\/fr\/wp-json\/wp\/v2\/media\/1726"}],"wp:attachment":[{"href":"https:\/\/www.abenex.com\/fr\/wp-json\/wp\/v2\/media?parent=6486"}],"wp:term":[{"taxonomy":"category","embeddable":true,"href":"https:\/\/www.abenex.com\/fr\/wp-json\/wp\/v2\/categories?post=6486"},{"taxonomy":"post_tag","embeddable":true,"href":"https:\/\/www.abenex.com\/fr\/wp-json\/wp\/v2\/tags?post=6486"}],"curies":[{"name":"wp","href":"https:\/\/api.w.org\/{rel}","templated":true}]}}