    
{"id":6491,"date":"2019-01-28T14:41:19","date_gmt":"2019-01-28T13:41:19","guid":{"rendered":"https:\/\/www.abenex.com\/abenex-acquiert-tartefrais-pour-constituer-un-groupe-agroalimentaire-denomme-naturellement-gourmand-groupe-ng\/"},"modified":"2023-11-24T09:52:54","modified_gmt":"2023-11-24T08:52:54","slug":"abenex-acquiert-tartefrais-pour-constituer-un-groupe-agroalimentaire-denomme-naturellement-gourmand-groupe-ng","status":"publish","type":"post","link":"https:\/\/www.abenex.com\/fr\/abenex-acquiert-tartefrais-pour-constituer-un-groupe-agroalimentaire-denomme-naturellement-gourmand-groupe-ng\/","title":{"rendered":"Abenex acquiert Tartefrais pour constituer un groupe agroalimentaire d\u00e9nomm\u00e9 Naturellement Gourmand (groupe NG)"},"content":{"rendered":"\n<p>Tartefrais SAS, le leader fran\u00e7ais de la p\u00e2tisserie industrielle fra\u00eeche bas\u00e9 \u00e0 Falaise (14) employant 220 personnes et r\u00e9alisant 27 millions d\u2019euros de chiffre d\u2019affaires, devient la 1<sup>\u00e8re<\/sup> soci\u00e9t\u00e9 op\u00e9rationnelle du groupe agroalimentaire NG. Ce groupe, cr\u00e9\u00e9 par Abenex, a pour vocation de d\u00e9velopper et promouvoir les produits alimentaires fran\u00e7ais naturels et de qualit\u00e9 en France et \u00e0 l\u2019\u00e9tranger. Le groupe, bas\u00e9 \u00e0 Falaise dans le Calvados, est d\u00e9tenu par Abenex, les Dirigeants&nbsp; et les actionnaires historiques, Patrick Georget et Groupe Vikings.<\/p>\n\n\n\n<p>Abenex a choisi Franck Malinowski pour diriger le Groupe NG. <\/p>\n\n\n\n<p>Franck Malinowski cumule plus de 20 ann\u00e9es d\u2019exp\u00e9rience de direction g\u00e9n\u00e9rale d\u2019entreprises agroalimentaires, notamment chez Agrial o\u00f9 il a r\u00e9alis\u00e9 un fort d\u00e9veloppement de la branche boissons (ECLOR) par croissance organique et externe, en France et \u00e0 l\u2019\u00e9tranger. Pour Franck Malinowski, \u00ab&nbsp;Tartefrais dispose de bases solides pour acc\u00e9l\u00e9rer son d\u00e9veloppement ; des collaborateurs engag\u00e9s, un encadrement de qualit\u00e9 et surtout des produits qui r\u00e9pondent aux aspirations des consommateurs qui r\u00e9clament qualit\u00e9 et naturalit\u00e9, c\u2019est ni plus ni moins l\u2019ADN de Tartefrais. A nous maintenant de faire d\u00e9couvrir &nbsp;les formidables produits de Tartefrais en acc\u00e9l\u00e9rant le d\u00e9ploiement de notre marque L\u2019atelier Georget (en r\u00e9f\u00e9rence au nom du fondateur de l\u2019entreprise).&nbsp;\u00bb<\/p>\n\n\n\n<p>Le nouveau groupe va capitaliser sur sa plateforme normande pour d\u00e9marrer une strat\u00e9gie de croissance externe ambitieuse dans le but d\u2019\u00e9toffer son offre aupr\u00e8s de sa client\u00e8le en France et \u00e0 l\u2019\u00e9tranger. \u00ab&nbsp;Notre ambition est de poursuivre le d\u00e9veloppement de Tartefrais sur ses march\u00e9s, d\u2019en p\u00e9n\u00e9trer d\u2019autres avec de nouveau produits, notamment \u00e0 l\u2019export, et d\u2019accompagner l\u2019entreprise pour qu\u2019elle devienne une solide ETI et ce, en capitalisant sur la qualit\u00e9 et la naturalit\u00e9 des produits&nbsp;\u00bb, pr\u00e9cise Thomas Peretti d\u2019Abenex.<\/p>\n","protected":false},"excerpt":{"rendered":"<p>Tartefrais SAS, le leader fran\u00e7ais de la p\u00e2tisserie industrielle fra\u00eeche bas\u00e9 \u00e0 Falaise (14) employant 220 personnes et r\u00e9alisant 27 millions d\u2019euros de chiffre d\u2019affaires, devient la 1\u00e8re soci\u00e9t\u00e9 op\u00e9rationnelle du groupe agroalimentaire NG. Ce groupe, cr\u00e9\u00e9 par Abenex, a pour vocation de d\u00e9velopper et promouvoir les produits alimentaires fran\u00e7ais naturels et de qualit\u00e9 en [&hellip;]<\/p>\n","protected":false},"author":1,"featured_media":1741,"comment_status":"closed","ping_status":"closed","sticky":false,"template":"","format":"standard","meta":{"footnotes":""},"categories":[105,103],"tags":[],"class_list":["post-6491","post","type-post","status-publish","format-standard","has-post-thumbnail","hentry","category-abenex","category-participation"],"acf":[],"yoast_head":"<!-- This site is optimized with the Yoast SEO plugin v27.1.1 - https:\/\/yoast.com\/product\/yoast-seo-wordpress\/ -->\n<title>Abenex acquiert Tartefrais pour constituer un groupe agroalimentaire d\u00e9nomm\u00e9 Naturellement Gourmand (groupe NG) | Abenex<\/title>\n<meta name=\"robots\" content=\"index, follow, max-snippet:-1, max-image-preview:large, max-video-preview:-1\" \/>\n<link rel=\"canonical\" href=\"https:\/\/www.abenex.com\/fr\/abenex-acquiert-tartefrais-pour-constituer-un-groupe-agroalimentaire-denomme-naturellement-gourmand-groupe-ng\/\" \/>\n<meta property=\"og:locale\" content=\"fr_FR\" \/>\n<meta property=\"og:type\" content=\"article\" \/>\n<meta property=\"og:title\" content=\"Abenex acquiert Tartefrais pour constituer un groupe agroalimentaire d\u00e9nomm\u00e9 Naturellement Gourmand (groupe NG) | Abenex\" \/>\n<meta property=\"og:description\" content=\"Tartefrais SAS, le leader fran\u00e7ais de la p\u00e2tisserie industrielle fra\u00eeche bas\u00e9 \u00e0 Falaise (14) employant 220 personnes et r\u00e9alisant 27 millions d\u2019euros de chiffre d\u2019affaires, devient la 1\u00e8re soci\u00e9t\u00e9 op\u00e9rationnelle du groupe agroalimentaire NG. Ce groupe, cr\u00e9\u00e9 par Abenex, a pour vocation de d\u00e9velopper et promouvoir les produits alimentaires fran\u00e7ais naturels et de qualit\u00e9 en [&hellip;]\" \/>\n<meta property=\"og:url\" content=\"https:\/\/www.abenex.com\/fr\/abenex-acquiert-tartefrais-pour-constituer-un-groupe-agroalimentaire-denomme-naturellement-gourmand-groupe-ng\/\" \/>\n<meta property=\"og:site_name\" content=\"Abenex\" \/>\n<meta property=\"article:published_time\" content=\"2019-01-28T13:41:19+00:00\" \/>\n<meta property=\"article:modified_time\" content=\"2023-11-24T08:52:54+00:00\" \/>\n<meta property=\"og:image\" content=\"https:\/\/www.abenex.com\/wp-content\/uploads\/2023\/06\/TTF-F.chocolat-100g-AMBIANCE-HD.jpg\" \/>\n\t<meta property=\"og:image:width\" content=\"1181\" \/>\n\t<meta property=\"og:image:height\" content=\"886\" \/>\n\t<meta property=\"og:image:type\" content=\"image\/jpeg\" \/>\n<meta name=\"author\" content=\"simplypew@gmail.com\" \/>\n<meta name=\"twitter:card\" content=\"summary_large_image\" \/>\n<meta name=\"twitter:label1\" content=\"\u00c9crit par\" \/>\n\t<meta name=\"twitter:data1\" content=\"simplypew@gmail.com\" \/>\n\t<meta name=\"twitter:label2\" content=\"Dur\u00e9e de lecture estim\u00e9e\" \/>\n\t<meta name=\"twitter:data2\" content=\"2 minutes\" \/>\n<script type=\"application\/ld+json\" class=\"yoast-schema-graph\">{\"@context\":\"https:\/\/schema.org\",\"@graph\":[{\"@type\":\"Article\",\"@id\":\"https:\/\/www.abenex.com\/fr\/abenex-acquiert-tartefrais-pour-constituer-un-groupe-agroalimentaire-denomme-naturellement-gourmand-groupe-ng\/#article\",\"isPartOf\":{\"@id\":\"https:\/\/www.abenex.com\/fr\/abenex-acquiert-tartefrais-pour-constituer-un-groupe-agroalimentaire-denomme-naturellement-gourmand-groupe-ng\/\"},\"author\":{\"name\":\"simplypew@gmail.com\",\"@id\":\"https:\/\/www.abenex.com\/#\/schema\/person\/fcaf61d7089f46f499def4617e8f05d5\"},\"headline\":\"Abenex acquiert Tartefrais pour constituer un groupe agroalimentaire d\u00e9nomm\u00e9 Naturellement Gourmand (groupe NG)\",\"datePublished\":\"2019-01-28T13:41:19+00:00\",\"dateModified\":\"2023-11-24T08:52:54+00:00\",\"mainEntityOfPage\":{\"@id\":\"https:\/\/www.abenex.com\/fr\/abenex-acquiert-tartefrais-pour-constituer-un-groupe-agroalimentaire-denomme-naturellement-gourmand-groupe-ng\/\"},\"wordCount\":344,\"publisher\":{\"@id\":\"https:\/\/www.abenex.com\/#organization\"},\"image\":{\"@id\":\"https:\/\/www.abenex.com\/fr\/abenex-acquiert-tartefrais-pour-constituer-un-groupe-agroalimentaire-denomme-naturellement-gourmand-groupe-ng\/#primaryimage\"},\"thumbnailUrl\":\"https:\/\/www.abenex.com\/wp-content\/uploads\/2023\/06\/TTF-F.chocolat-100g-AMBIANCE-HD.jpg\",\"articleSection\":[\"Abenex\",\"Participations\"],\"inLanguage\":\"fr-FR\"},{\"@type\":\"WebPage\",\"@id\":\"https:\/\/www.abenex.com\/fr\/abenex-acquiert-tartefrais-pour-constituer-un-groupe-agroalimentaire-denomme-naturellement-gourmand-groupe-ng\/\",\"url\":\"https:\/\/www.abenex.com\/fr\/abenex-acquiert-tartefrais-pour-constituer-un-groupe-agroalimentaire-denomme-naturellement-gourmand-groupe-ng\/\",\"name\":\"Abenex acquiert Tartefrais pour constituer un groupe agroalimentaire d\u00e9nomm\u00e9 Naturellement Gourmand (groupe NG) | Abenex\",\"isPartOf\":{\"@id\":\"https:\/\/www.abenex.com\/#website\"},\"primaryImageOfPage\":{\"@id\":\"https:\/\/www.abenex.com\/fr\/abenex-acquiert-tartefrais-pour-constituer-un-groupe-agroalimentaire-denomme-naturellement-gourmand-groupe-ng\/#primaryimage\"},\"image\":{\"@id\":\"https:\/\/www.abenex.com\/fr\/abenex-acquiert-tartefrais-pour-constituer-un-groupe-agroalimentaire-denomme-naturellement-gourmand-groupe-ng\/#primaryimage\"},\"thumbnailUrl\":\"https:\/\/www.abenex.com\/wp-content\/uploads\/2023\/06\/TTF-F.chocolat-100g-AMBIANCE-HD.jpg\",\"datePublished\":\"2019-01-28T13:41:19+00:00\",\"dateModified\":\"2023-11-24T08:52:54+00:00\",\"breadcrumb\":{\"@id\":\"https:\/\/www.abenex.com\/fr\/abenex-acquiert-tartefrais-pour-constituer-un-groupe-agroalimentaire-denomme-naturellement-gourmand-groupe-ng\/#breadcrumb\"},\"inLanguage\":\"fr-FR\",\"potentialAction\":[{\"@type\":\"ReadAction\",\"target\":[\"https:\/\/www.abenex.com\/fr\/abenex-acquiert-tartefrais-pour-constituer-un-groupe-agroalimentaire-denomme-naturellement-gourmand-groupe-ng\/\"]}]},{\"@type\":\"ImageObject\",\"inLanguage\":\"fr-FR\",\"@id\":\"https:\/\/www.abenex.com\/fr\/abenex-acquiert-tartefrais-pour-constituer-un-groupe-agroalimentaire-denomme-naturellement-gourmand-groupe-ng\/#primaryimage\",\"url\":\"https:\/\/www.abenex.com\/wp-content\/uploads\/2023\/06\/TTF-F.chocolat-100g-AMBIANCE-HD.jpg\",\"contentUrl\":\"https:\/\/www.abenex.com\/wp-content\/uploads\/2023\/06\/TTF-F.chocolat-100g-AMBIANCE-HD.jpg\",\"width\":1181,\"height\":886,\"caption\":\"Photo d'une part de g\u00e2teau au chocolat pour illustration de la soci\u00e9t\u00e9 Naturellement Gourmand\"},{\"@type\":\"BreadcrumbList\",\"@id\":\"https:\/\/www.abenex.com\/fr\/abenex-acquiert-tartefrais-pour-constituer-un-groupe-agroalimentaire-denomme-naturellement-gourmand-groupe-ng\/#breadcrumb\",\"itemListElement\":[{\"@type\":\"ListItem\",\"position\":1,\"name\":\"Accueil\",\"item\":\"https:\/\/www.abenex.com\/fr\/\"},{\"@type\":\"ListItem\",\"position\":2,\"name\":\"Abenex acquiert Tartefrais pour constituer un groupe agroalimentaire d\u00e9nomm\u00e9 Naturellement Gourmand (groupe NG)\"}]},{\"@type\":\"WebSite\",\"@id\":\"https:\/\/www.abenex.com\/#website\",\"url\":\"https:\/\/www.abenex.com\/\",\"name\":\"Abenex - Investing with purpose\",\"description\":\"Investing with purpose\",\"publisher\":{\"@id\":\"https:\/\/www.abenex.com\/#organization\"},\"potentialAction\":[{\"@type\":\"SearchAction\",\"target\":{\"@type\":\"EntryPoint\",\"urlTemplate\":\"https:\/\/www.abenex.com\/?s={search_term_string}\"},\"query-input\":{\"@type\":\"PropertyValueSpecification\",\"valueRequired\":true,\"valueName\":\"search_term_string\"}}],\"inLanguage\":\"fr-FR\"},{\"@type\":\"Organization\",\"@id\":\"https:\/\/www.abenex.com\/#organization\",\"name\":\"Abenex - Investing with purpose\",\"url\":\"https:\/\/www.abenex.com\/\",\"logo\":{\"@type\":\"ImageObject\",\"inLanguage\":\"fr-FR\",\"@id\":\"https:\/\/www.abenex.com\/#\/schema\/logo\/image\/\",\"url\":\"https:\/\/www.abenex.com\/wp-content\/uploads\/2023\/05\/FULL-LOGO-NOIR-BLEU-1.svg\",\"contentUrl\":\"https:\/\/www.abenex.com\/wp-content\/uploads\/2023\/05\/FULL-LOGO-NOIR-BLEU-1.svg\",\"width\":166,\"height\":34,\"caption\":\"Abenex - Investing with purpose\"},\"image\":{\"@id\":\"https:\/\/www.abenex.com\/#\/schema\/logo\/image\/\"}},{\"@type\":\"Person\",\"@id\":\"https:\/\/www.abenex.com\/#\/schema\/person\/fcaf61d7089f46f499def4617e8f05d5\",\"name\":\"simplypew@gmail.com\",\"image\":{\"@type\":\"ImageObject\",\"inLanguage\":\"fr-FR\",\"@id\":\"https:\/\/www.abenex.com\/#\/schema\/person\/image\/\",\"url\":\"https:\/\/secure.gravatar.com\/avatar\/f055ded7a27e879ece34280c17d058e2ba94c9b96e06787d6fbd482c26aad2bf?s=96&d=mm&r=g\",\"contentUrl\":\"https:\/\/secure.gravatar.com\/avatar\/f055ded7a27e879ece34280c17d058e2ba94c9b96e06787d6fbd482c26aad2bf?s=96&d=mm&r=g\",\"caption\":\"simplypew@gmail.com\"},\"sameAs\":[\"https:\/\/www.abenex.com\"]}]}<\/script>\n<!-- \/ Yoast SEO plugin. -->","yoast_head_json":{"title":"Abenex acquiert Tartefrais pour constituer un groupe agroalimentaire d\u00e9nomm\u00e9 Naturellement Gourmand (groupe NG) | Abenex","robots":{"index":"index","follow":"follow","max-snippet":"max-snippet:-1","max-image-preview":"max-image-preview:large","max-video-preview":"max-video-preview:-1"},"canonical":"https:\/\/www.abenex.com\/fr\/abenex-acquiert-tartefrais-pour-constituer-un-groupe-agroalimentaire-denomme-naturellement-gourmand-groupe-ng\/","og_locale":"fr_FR","og_type":"article","og_title":"Abenex acquiert Tartefrais pour constituer un groupe agroalimentaire d\u00e9nomm\u00e9 Naturellement Gourmand (groupe NG) | Abenex","og_description":"Tartefrais SAS, le leader fran\u00e7ais de la p\u00e2tisserie industrielle fra\u00eeche bas\u00e9 \u00e0 Falaise (14) employant 220 personnes et r\u00e9alisant 27 millions d\u2019euros de chiffre d\u2019affaires, devient la 1\u00e8re soci\u00e9t\u00e9 op\u00e9rationnelle du groupe agroalimentaire NG. Ce groupe, cr\u00e9\u00e9 par Abenex, a pour vocation de d\u00e9velopper et promouvoir les produits alimentaires fran\u00e7ais naturels et de qualit\u00e9 en [&hellip;]","og_url":"https:\/\/www.abenex.com\/fr\/abenex-acquiert-tartefrais-pour-constituer-un-groupe-agroalimentaire-denomme-naturellement-gourmand-groupe-ng\/","og_site_name":"Abenex","article_published_time":"2019-01-28T13:41:19+00:00","article_modified_time":"2023-11-24T08:52:54+00:00","og_image":[{"width":1181,"height":886,"url":"https:\/\/www.abenex.com\/wp-content\/uploads\/2023\/06\/TTF-F.chocolat-100g-AMBIANCE-HD.jpg","type":"image\/jpeg"}],"author":"simplypew@gmail.com","twitter_card":"summary_large_image","twitter_misc":{"\u00c9crit par":"simplypew@gmail.com","Dur\u00e9e de lecture estim\u00e9e":"2 minutes"},"schema":{"@context":"https:\/\/schema.org","@graph":[{"@type":"Article","@id":"https:\/\/www.abenex.com\/fr\/abenex-acquiert-tartefrais-pour-constituer-un-groupe-agroalimentaire-denomme-naturellement-gourmand-groupe-ng\/#article","isPartOf":{"@id":"https:\/\/www.abenex.com\/fr\/abenex-acquiert-tartefrais-pour-constituer-un-groupe-agroalimentaire-denomme-naturellement-gourmand-groupe-ng\/"},"author":{"name":"simplypew@gmail.com","@id":"https:\/\/www.abenex.com\/#\/schema\/person\/fcaf61d7089f46f499def4617e8f05d5"},"headline":"Abenex acquiert Tartefrais pour constituer un groupe agroalimentaire d\u00e9nomm\u00e9 Naturellement Gourmand (groupe NG)","datePublished":"2019-01-28T13:41:19+00:00","dateModified":"2023-11-24T08:52:54+00:00","mainEntityOfPage":{"@id":"https:\/\/www.abenex.com\/fr\/abenex-acquiert-tartefrais-pour-constituer-un-groupe-agroalimentaire-denomme-naturellement-gourmand-groupe-ng\/"},"wordCount":344,"publisher":{"@id":"https:\/\/www.abenex.com\/#organization"},"image":{"@id":"https:\/\/www.abenex.com\/fr\/abenex-acquiert-tartefrais-pour-constituer-un-groupe-agroalimentaire-denomme-naturellement-gourmand-groupe-ng\/#primaryimage"},"thumbnailUrl":"https:\/\/www.abenex.com\/wp-content\/uploads\/2023\/06\/TTF-F.chocolat-100g-AMBIANCE-HD.jpg","articleSection":["Abenex","Participations"],"inLanguage":"fr-FR"},{"@type":"WebPage","@id":"https:\/\/www.abenex.com\/fr\/abenex-acquiert-tartefrais-pour-constituer-un-groupe-agroalimentaire-denomme-naturellement-gourmand-groupe-ng\/","url":"https:\/\/www.abenex.com\/fr\/abenex-acquiert-tartefrais-pour-constituer-un-groupe-agroalimentaire-denomme-naturellement-gourmand-groupe-ng\/","name":"Abenex acquiert Tartefrais pour constituer un groupe agroalimentaire d\u00e9nomm\u00e9 Naturellement Gourmand (groupe NG) | Abenex","isPartOf":{"@id":"https:\/\/www.abenex.com\/#website"},"primaryImageOfPage":{"@id":"https:\/\/www.abenex.com\/fr\/abenex-acquiert-tartefrais-pour-constituer-un-groupe-agroalimentaire-denomme-naturellement-gourmand-groupe-ng\/#primaryimage"},"image":{"@id":"https:\/\/www.abenex.com\/fr\/abenex-acquiert-tartefrais-pour-constituer-un-groupe-agroalimentaire-denomme-naturellement-gourmand-groupe-ng\/#primaryimage"},"thumbnailUrl":"https:\/\/www.abenex.com\/wp-content\/uploads\/2023\/06\/TTF-F.chocolat-100g-AMBIANCE-HD.jpg","datePublished":"2019-01-28T13:41:19+00:00","dateModified":"2023-11-24T08:52:54+00:00","breadcrumb":{"@id":"https:\/\/www.abenex.com\/fr\/abenex-acquiert-tartefrais-pour-constituer-un-groupe-agroalimentaire-denomme-naturellement-gourmand-groupe-ng\/#breadcrumb"},"inLanguage":"fr-FR","potentialAction":[{"@type":"ReadAction","target":["https:\/\/www.abenex.com\/fr\/abenex-acquiert-tartefrais-pour-constituer-un-groupe-agroalimentaire-denomme-naturellement-gourmand-groupe-ng\/"]}]},{"@type":"ImageObject","inLanguage":"fr-FR","@id":"https:\/\/www.abenex.com\/fr\/abenex-acquiert-tartefrais-pour-constituer-un-groupe-agroalimentaire-denomme-naturellement-gourmand-groupe-ng\/#primaryimage","url":"https:\/\/www.abenex.com\/wp-content\/uploads\/2023\/06\/TTF-F.chocolat-100g-AMBIANCE-HD.jpg","contentUrl":"https:\/\/www.abenex.com\/wp-content\/uploads\/2023\/06\/TTF-F.chocolat-100g-AMBIANCE-HD.jpg","width":1181,"height":886,"caption":"Photo d'une part de g\u00e2teau au chocolat pour illustration de la soci\u00e9t\u00e9 Naturellement Gourmand"},{"@type":"BreadcrumbList","@id":"https:\/\/www.abenex.com\/fr\/abenex-acquiert-tartefrais-pour-constituer-un-groupe-agroalimentaire-denomme-naturellement-gourmand-groupe-ng\/#breadcrumb","itemListElement":[{"@type":"ListItem","position":1,"name":"Accueil","item":"https:\/\/www.abenex.com\/fr\/"},{"@type":"ListItem","position":2,"name":"Abenex acquiert Tartefrais pour constituer un groupe agroalimentaire d\u00e9nomm\u00e9 Naturellement Gourmand (groupe NG)"}]},{"@type":"WebSite","@id":"https:\/\/www.abenex.com\/#website","url":"https:\/\/www.abenex.com\/","name":"Abenex - Investing with purpose","description":"Investing with purpose","publisher":{"@id":"https:\/\/www.abenex.com\/#organization"},"potentialAction":[{"@type":"SearchAction","target":{"@type":"EntryPoint","urlTemplate":"https:\/\/www.abenex.com\/?s={search_term_string}"},"query-input":{"@type":"PropertyValueSpecification","valueRequired":true,"valueName":"search_term_string"}}],"inLanguage":"fr-FR"},{"@type":"Organization","@id":"https:\/\/www.abenex.com\/#organization","name":"Abenex - Investing with purpose","url":"https:\/\/www.abenex.com\/","logo":{"@type":"ImageObject","inLanguage":"fr-FR","@id":"https:\/\/www.abenex.com\/#\/schema\/logo\/image\/","url":"https:\/\/www.abenex.com\/wp-content\/uploads\/2023\/05\/FULL-LOGO-NOIR-BLEU-1.svg","contentUrl":"https:\/\/www.abenex.com\/wp-content\/uploads\/2023\/05\/FULL-LOGO-NOIR-BLEU-1.svg","width":166,"height":34,"caption":"Abenex - Investing with purpose"},"image":{"@id":"https:\/\/www.abenex.com\/#\/schema\/logo\/image\/"}},{"@type":"Person","@id":"https:\/\/www.abenex.com\/#\/schema\/person\/fcaf61d7089f46f499def4617e8f05d5","name":"simplypew@gmail.com","image":{"@type":"ImageObject","inLanguage":"fr-FR","@id":"https:\/\/www.abenex.com\/#\/schema\/person\/image\/","url":"https:\/\/secure.gravatar.com\/avatar\/f055ded7a27e879ece34280c17d058e2ba94c9b96e06787d6fbd482c26aad2bf?s=96&d=mm&r=g","contentUrl":"https:\/\/secure.gravatar.com\/avatar\/f055ded7a27e879ece34280c17d058e2ba94c9b96e06787d6fbd482c26aad2bf?s=96&d=mm&r=g","caption":"simplypew@gmail.com"},"sameAs":["https:\/\/www.abenex.com"]}]}},"_links":{"self":[{"href":"https:\/\/www.abenex.com\/fr\/wp-json\/wp\/v2\/posts\/6491","targetHints":{"allow":["GET"]}}],"collection":[{"href":"https:\/\/www.abenex.com\/fr\/wp-json\/wp\/v2\/posts"}],"about":[{"href":"https:\/\/www.abenex.com\/fr\/wp-json\/wp\/v2\/types\/post"}],"author":[{"embeddable":true,"href":"https:\/\/www.abenex.com\/fr\/wp-json\/wp\/v2\/users\/1"}],"replies":[{"embeddable":true,"href":"https:\/\/www.abenex.com\/fr\/wp-json\/wp\/v2\/comments?post=6491"}],"version-history":[{"count":1,"href":"https:\/\/www.abenex.com\/fr\/wp-json\/wp\/v2\/posts\/6491\/revisions"}],"predecessor-version":[{"id":6698,"href":"https:\/\/www.abenex.com\/fr\/wp-json\/wp\/v2\/posts\/6491\/revisions\/6698"}],"wp:featuredmedia":[{"embeddable":true,"href":"https:\/\/www.abenex.com\/fr\/wp-json\/wp\/v2\/media\/1741"}],"wp:attachment":[{"href":"https:\/\/www.abenex.com\/fr\/wp-json\/wp\/v2\/media?parent=6491"}],"wp:term":[{"taxonomy":"category","embeddable":true,"href":"https:\/\/www.abenex.com\/fr\/wp-json\/wp\/v2\/categories?post=6491"},{"taxonomy":"post_tag","embeddable":true,"href":"https:\/\/www.abenex.com\/fr\/wp-json\/wp\/v2\/tags?post=6491"}],"curies":[{"name":"wp","href":"https:\/\/api.w.org\/{rel}","templated":true}]}}