    
{"id":6501,"date":"2020-01-14T17:50:31","date_gmt":"2020-01-14T16:50:31","guid":{"rendered":"https:\/\/www.abenex.com\/hugues-souparis-via-enowe-et-abenex-annoncent-la-cession-de-surys-a-in-groupe\/"},"modified":"2024-03-05T10:48:07","modified_gmt":"2024-03-05T09:48:07","slug":"hugues-souparis-via-enowe-et-abenex-annoncent-la-cession-de-surys-a-in-groupe","status":"publish","type":"post","link":"https:\/\/www.abenex.com\/fr\/hugues-souparis-via-enowe-et-abenex-annoncent-la-cession-de-surys-a-in-groupe\/","title":{"rendered":"Hugues Souparis (via Enowe) et Abenex annoncent la cession de Surys \u00e0 IN Groupe"},"content":{"rendered":"\r\n<p><strong>La cession de Surys \u00e0 IN Groupe (ex-Imprimerie Nationale) annonc\u00e9e en ao\u00fbt 2019 a \u00e9t\u00e9 finalis\u00e9e le 9 d\u00e9cembre<\/strong><\/p>\r\n\r\n\r\n\r\n<p>Surys, dont le si\u00e8ge est \u00e0 Bussy-Saint-Georges (77), est une r\u00e9f\u00e9rence mondiale dans les solutions optiques de s\u00e9curit\u00e9 et de tra\u00e7abilit\u00e9 des documents (documents d\u2019identit\u00e9, billets de banque,\u2026) et un pionnier de l\u2019authentification opto-digitale.<\/p>\r\n\r\n\r\n\r\n<p>Surys est dot\u00e9 de deux implantations industrielles majeures (en France et aux Etats-Unis), de plusieurs unit\u00e9s de R&amp;D en France, en Allemagne, aux \u00c9tats-Unis et aux Pays-Bas (avec sa filiale Keesing). Ses solutions sont adopt\u00e9es par plus de 130 pays (les produits de s\u00e9curit\u00e9 sont pr\u00e9sents sur 1 passeport sur 2 dans le monde, comme par exemple en France, au Br\u00e9sil ou encore en Chine) et par des grandes marques en mati\u00e8re de lutte contre la contrefa\u00e7on.<\/p>\r\n\r\n\r\n\r\n<p>Le rapprochement de Surys avec IN Groupe permet de former un acteur international de r\u00e9f\u00e9rence sur le march\u00e9 de la s\u00e9curit\u00e9 pour l\u2019identit\u00e9 et les paiements bancaires et fiduciaires.<\/p>\r\n\r\n\r\n\r\n<p>Hugues Souparis, fondateur de Surys (qu\u2019il a cr\u00e9\u00e9 en 1984 sous le nom d\u2019Hologram. Industries, c\u00f4t\u00e9 \u00e0 la bourse de Paris Euronext en 1998), pr\u00e9cise\u00a0: \u00ab\u00a0Je suis tr\u00e8s fier que Surys puisse se rapprocher d\u2019un acteur industriel fran\u00e7ais tel qu\u2019IN Groupe avec qui nous travaillons depuis de tr\u00e8s nombreuses ann\u00e9es\u00a0: ceci permettra d\u2019acc\u00e9l\u00e9rer le d\u00e9veloppement\u00a0de Surys avec des solutions encore plus globales \u00e0 proposer \u00e0 nos clients \u00bb. Il ajoute\u00a0: \u00ab\u00a0La position d\u2019Abenex, \u00e0 mes c\u00f4t\u00e9s depuis mi-2013 comme actionnaire minoritaire de r\u00e9f\u00e9rence, nous a permis de faire \u00e9voluer fortement le groupe et de renforcer son \u00e9quipe de direction\u00a0avec succ\u00e8s\u00a0\u00bb.<\/p>\r\n\r\n\r\n\r\n<p>Antoine Hou\u00ebl et Olivier Moatti, Associ\u00e9s Abenex, d\u00e9clarent\u00a0: \u00ab\u00a0 Nous sommes tr\u00e8s heureux d\u2019avoir accompagn\u00e9 Surys, depuis son retrait de la bourse de Paris en 2013, jusqu\u2019\u00e0 la cession \u00e0 un grand groupe industriel fran\u00e7ais. Surys a quasiment doubl\u00e9 de taille en six ans, en accompagnant ses clients partout dans le monde gr\u00e2ce \u00e0 ses innovations et ses solutions technologiques\u00a0\u00bb.<\/p>\r\n","protected":false},"excerpt":{"rendered":"<p>La cession de Surys \u00e0 IN Groupe (ex-Imprimerie Nationale) annonc\u00e9e en ao\u00fbt 2019 a \u00e9t\u00e9 finalis\u00e9e le 9 d\u00e9cembre Surys, dont le si\u00e8ge est \u00e0 Bussy-Saint-Georges (77), est une r\u00e9f\u00e9rence mondiale dans les solutions optiques de s\u00e9curit\u00e9 et de tra\u00e7abilit\u00e9 des documents (documents d\u2019identit\u00e9, billets de banque,\u2026) et un pionnier de l\u2019authentification opto-digitale. Surys est [&hellip;]<\/p>\n","protected":false},"author":1,"featured_media":12718,"comment_status":"closed","ping_status":"closed","sticky":false,"template":"","format":"standard","meta":{"footnotes":""},"categories":[105,103],"tags":[],"class_list":["post-6501","post","type-post","status-publish","format-standard","has-post-thumbnail","hentry","category-abenex","category-participation"],"acf":[],"yoast_head":"<!-- This site is optimized with the Yoast SEO plugin v27.1.1 - https:\/\/yoast.com\/product\/yoast-seo-wordpress\/ -->\n<title>Hugues Souparis (via Enowe) et Abenex annoncent la cession de Surys \u00e0 IN Groupe | Abenex<\/title>\n<meta name=\"robots\" content=\"index, follow, max-snippet:-1, max-image-preview:large, max-video-preview:-1\" \/>\n<link rel=\"canonical\" href=\"https:\/\/www.abenex.com\/fr\/hugues-souparis-via-enowe-et-abenex-annoncent-la-cession-de-surys-a-in-groupe\/\" \/>\n<meta property=\"og:locale\" content=\"fr_FR\" \/>\n<meta property=\"og:type\" content=\"article\" \/>\n<meta property=\"og:title\" content=\"Hugues Souparis (via Enowe) et Abenex annoncent la cession de Surys \u00e0 IN Groupe | Abenex\" \/>\n<meta property=\"og:description\" content=\"La cession de Surys \u00e0 IN Groupe (ex-Imprimerie Nationale) annonc\u00e9e en ao\u00fbt 2019 a \u00e9t\u00e9 finalis\u00e9e le 9 d\u00e9cembre Surys, dont le si\u00e8ge est \u00e0 Bussy-Saint-Georges (77), est une r\u00e9f\u00e9rence mondiale dans les solutions optiques de s\u00e9curit\u00e9 et de tra\u00e7abilit\u00e9 des documents (documents d\u2019identit\u00e9, billets de banque,\u2026) et un pionnier de l\u2019authentification opto-digitale. Surys est [&hellip;]\" \/>\n<meta property=\"og:url\" content=\"https:\/\/www.abenex.com\/fr\/hugues-souparis-via-enowe-et-abenex-annoncent-la-cession-de-surys-a-in-groupe\/\" \/>\n<meta property=\"og:site_name\" content=\"Abenex\" \/>\n<meta property=\"article:published_time\" content=\"2020-01-14T16:50:31+00:00\" \/>\n<meta property=\"article:modified_time\" content=\"2024-03-05T09:48:07+00:00\" \/>\n<meta property=\"og:image\" content=\"https:\/\/www.abenex.com\/wp-content\/uploads\/2017\/04\/Surys.png\" \/>\n\t<meta property=\"og:image:width\" content=\"389\" \/>\n\t<meta property=\"og:image:height\" content=\"263\" \/>\n\t<meta property=\"og:image:type\" content=\"image\/png\" \/>\n<meta name=\"author\" content=\"simplypew@gmail.com\" \/>\n<meta name=\"twitter:card\" content=\"summary_large_image\" \/>\n<meta name=\"twitter:label1\" content=\"\u00c9crit par\" \/>\n\t<meta name=\"twitter:data1\" content=\"simplypew@gmail.com\" \/>\n\t<meta name=\"twitter:label2\" content=\"Dur\u00e9e de lecture estim\u00e9e\" \/>\n\t<meta name=\"twitter:data2\" content=\"2 minutes\" \/>\n<script type=\"application\/ld+json\" class=\"yoast-schema-graph\">{\"@context\":\"https:\/\/schema.org\",\"@graph\":[{\"@type\":\"Article\",\"@id\":\"https:\/\/www.abenex.com\/fr\/hugues-souparis-via-enowe-et-abenex-annoncent-la-cession-de-surys-a-in-groupe\/#article\",\"isPartOf\":{\"@id\":\"https:\/\/www.abenex.com\/fr\/hugues-souparis-via-enowe-et-abenex-annoncent-la-cession-de-surys-a-in-groupe\/\"},\"author\":{\"name\":\"simplypew@gmail.com\",\"@id\":\"https:\/\/www.abenex.com\/#\/schema\/person\/fcaf61d7089f46f499def4617e8f05d5\"},\"headline\":\"Hugues Souparis (via Enowe) et Abenex annoncent la cession de Surys \u00e0 IN Groupe\",\"datePublished\":\"2020-01-14T16:50:31+00:00\",\"dateModified\":\"2024-03-05T09:48:07+00:00\",\"mainEntityOfPage\":{\"@id\":\"https:\/\/www.abenex.com\/fr\/hugues-souparis-via-enowe-et-abenex-annoncent-la-cession-de-surys-a-in-groupe\/\"},\"wordCount\":366,\"publisher\":{\"@id\":\"https:\/\/www.abenex.com\/#organization\"},\"image\":{\"@id\":\"https:\/\/www.abenex.com\/fr\/hugues-souparis-via-enowe-et-abenex-annoncent-la-cession-de-surys-a-in-groupe\/#primaryimage\"},\"thumbnailUrl\":\"https:\/\/www.abenex.com\/wp-content\/uploads\/2017\/04\/Surys.png\",\"articleSection\":[\"Abenex\",\"Participations\"],\"inLanguage\":\"fr-FR\"},{\"@type\":\"WebPage\",\"@id\":\"https:\/\/www.abenex.com\/fr\/hugues-souparis-via-enowe-et-abenex-annoncent-la-cession-de-surys-a-in-groupe\/\",\"url\":\"https:\/\/www.abenex.com\/fr\/hugues-souparis-via-enowe-et-abenex-annoncent-la-cession-de-surys-a-in-groupe\/\",\"name\":\"Hugues Souparis (via Enowe) et Abenex annoncent la cession de Surys \u00e0 IN Groupe | Abenex\",\"isPartOf\":{\"@id\":\"https:\/\/www.abenex.com\/#website\"},\"primaryImageOfPage\":{\"@id\":\"https:\/\/www.abenex.com\/fr\/hugues-souparis-via-enowe-et-abenex-annoncent-la-cession-de-surys-a-in-groupe\/#primaryimage\"},\"image\":{\"@id\":\"https:\/\/www.abenex.com\/fr\/hugues-souparis-via-enowe-et-abenex-annoncent-la-cession-de-surys-a-in-groupe\/#primaryimage\"},\"thumbnailUrl\":\"https:\/\/www.abenex.com\/wp-content\/uploads\/2017\/04\/Surys.png\",\"datePublished\":\"2020-01-14T16:50:31+00:00\",\"dateModified\":\"2024-03-05T09:48:07+00:00\",\"breadcrumb\":{\"@id\":\"https:\/\/www.abenex.com\/fr\/hugues-souparis-via-enowe-et-abenex-annoncent-la-cession-de-surys-a-in-groupe\/#breadcrumb\"},\"inLanguage\":\"fr-FR\",\"potentialAction\":[{\"@type\":\"ReadAction\",\"target\":[\"https:\/\/www.abenex.com\/fr\/hugues-souparis-via-enowe-et-abenex-annoncent-la-cession-de-surys-a-in-groupe\/\"]}]},{\"@type\":\"ImageObject\",\"inLanguage\":\"fr-FR\",\"@id\":\"https:\/\/www.abenex.com\/fr\/hugues-souparis-via-enowe-et-abenex-annoncent-la-cession-de-surys-a-in-groupe\/#primaryimage\",\"url\":\"https:\/\/www.abenex.com\/wp-content\/uploads\/2017\/04\/Surys.png\",\"contentUrl\":\"https:\/\/www.abenex.com\/wp-content\/uploads\/2017\/04\/Surys.png\",\"width\":389,\"height\":263,\"caption\":\"Surys\"},{\"@type\":\"BreadcrumbList\",\"@id\":\"https:\/\/www.abenex.com\/fr\/hugues-souparis-via-enowe-et-abenex-annoncent-la-cession-de-surys-a-in-groupe\/#breadcrumb\",\"itemListElement\":[{\"@type\":\"ListItem\",\"position\":1,\"name\":\"Accueil\",\"item\":\"https:\/\/www.abenex.com\/fr\/\"},{\"@type\":\"ListItem\",\"position\":2,\"name\":\"Hugues Souparis (via Enowe) et Abenex annoncent la cession de Surys \u00e0 IN Groupe\"}]},{\"@type\":\"WebSite\",\"@id\":\"https:\/\/www.abenex.com\/#website\",\"url\":\"https:\/\/www.abenex.com\/\",\"name\":\"Abenex - Investing with purpose\",\"description\":\"Investing with purpose\",\"publisher\":{\"@id\":\"https:\/\/www.abenex.com\/#organization\"},\"potentialAction\":[{\"@type\":\"SearchAction\",\"target\":{\"@type\":\"EntryPoint\",\"urlTemplate\":\"https:\/\/www.abenex.com\/?s={search_term_string}\"},\"query-input\":{\"@type\":\"PropertyValueSpecification\",\"valueRequired\":true,\"valueName\":\"search_term_string\"}}],\"inLanguage\":\"fr-FR\"},{\"@type\":\"Organization\",\"@id\":\"https:\/\/www.abenex.com\/#organization\",\"name\":\"Abenex - Investing with purpose\",\"url\":\"https:\/\/www.abenex.com\/\",\"logo\":{\"@type\":\"ImageObject\",\"inLanguage\":\"fr-FR\",\"@id\":\"https:\/\/www.abenex.com\/#\/schema\/logo\/image\/\",\"url\":\"https:\/\/www.abenex.com\/wp-content\/uploads\/2023\/05\/FULL-LOGO-NOIR-BLEU-1.svg\",\"contentUrl\":\"https:\/\/www.abenex.com\/wp-content\/uploads\/2023\/05\/FULL-LOGO-NOIR-BLEU-1.svg\",\"width\":166,\"height\":34,\"caption\":\"Abenex - Investing with purpose\"},\"image\":{\"@id\":\"https:\/\/www.abenex.com\/#\/schema\/logo\/image\/\"}},{\"@type\":\"Person\",\"@id\":\"https:\/\/www.abenex.com\/#\/schema\/person\/fcaf61d7089f46f499def4617e8f05d5\",\"name\":\"simplypew@gmail.com\",\"image\":{\"@type\":\"ImageObject\",\"inLanguage\":\"fr-FR\",\"@id\":\"https:\/\/www.abenex.com\/#\/schema\/person\/image\/\",\"url\":\"https:\/\/secure.gravatar.com\/avatar\/f055ded7a27e879ece34280c17d058e2ba94c9b96e06787d6fbd482c26aad2bf?s=96&d=mm&r=g\",\"contentUrl\":\"https:\/\/secure.gravatar.com\/avatar\/f055ded7a27e879ece34280c17d058e2ba94c9b96e06787d6fbd482c26aad2bf?s=96&d=mm&r=g\",\"caption\":\"simplypew@gmail.com\"},\"sameAs\":[\"https:\/\/www.abenex.com\"]}]}<\/script>\n<!-- \/ Yoast SEO plugin. -->","yoast_head_json":{"title":"Hugues Souparis (via Enowe) et Abenex annoncent la cession de Surys \u00e0 IN Groupe | Abenex","robots":{"index":"index","follow":"follow","max-snippet":"max-snippet:-1","max-image-preview":"max-image-preview:large","max-video-preview":"max-video-preview:-1"},"canonical":"https:\/\/www.abenex.com\/fr\/hugues-souparis-via-enowe-et-abenex-annoncent-la-cession-de-surys-a-in-groupe\/","og_locale":"fr_FR","og_type":"article","og_title":"Hugues Souparis (via Enowe) et Abenex annoncent la cession de Surys \u00e0 IN Groupe | Abenex","og_description":"La cession de Surys \u00e0 IN Groupe (ex-Imprimerie Nationale) annonc\u00e9e en ao\u00fbt 2019 a \u00e9t\u00e9 finalis\u00e9e le 9 d\u00e9cembre Surys, dont le si\u00e8ge est \u00e0 Bussy-Saint-Georges (77), est une r\u00e9f\u00e9rence mondiale dans les solutions optiques de s\u00e9curit\u00e9 et de tra\u00e7abilit\u00e9 des documents (documents d\u2019identit\u00e9, billets de banque,\u2026) et un pionnier de l\u2019authentification opto-digitale. Surys est [&hellip;]","og_url":"https:\/\/www.abenex.com\/fr\/hugues-souparis-via-enowe-et-abenex-annoncent-la-cession-de-surys-a-in-groupe\/","og_site_name":"Abenex","article_published_time":"2020-01-14T16:50:31+00:00","article_modified_time":"2024-03-05T09:48:07+00:00","og_image":[{"width":389,"height":263,"url":"https:\/\/www.abenex.com\/wp-content\/uploads\/2017\/04\/Surys.png","type":"image\/png"}],"author":"simplypew@gmail.com","twitter_card":"summary_large_image","twitter_misc":{"\u00c9crit par":"simplypew@gmail.com","Dur\u00e9e de lecture estim\u00e9e":"2 minutes"},"schema":{"@context":"https:\/\/schema.org","@graph":[{"@type":"Article","@id":"https:\/\/www.abenex.com\/fr\/hugues-souparis-via-enowe-et-abenex-annoncent-la-cession-de-surys-a-in-groupe\/#article","isPartOf":{"@id":"https:\/\/www.abenex.com\/fr\/hugues-souparis-via-enowe-et-abenex-annoncent-la-cession-de-surys-a-in-groupe\/"},"author":{"name":"simplypew@gmail.com","@id":"https:\/\/www.abenex.com\/#\/schema\/person\/fcaf61d7089f46f499def4617e8f05d5"},"headline":"Hugues Souparis (via Enowe) et Abenex annoncent la cession de Surys \u00e0 IN Groupe","datePublished":"2020-01-14T16:50:31+00:00","dateModified":"2024-03-05T09:48:07+00:00","mainEntityOfPage":{"@id":"https:\/\/www.abenex.com\/fr\/hugues-souparis-via-enowe-et-abenex-annoncent-la-cession-de-surys-a-in-groupe\/"},"wordCount":366,"publisher":{"@id":"https:\/\/www.abenex.com\/#organization"},"image":{"@id":"https:\/\/www.abenex.com\/fr\/hugues-souparis-via-enowe-et-abenex-annoncent-la-cession-de-surys-a-in-groupe\/#primaryimage"},"thumbnailUrl":"https:\/\/www.abenex.com\/wp-content\/uploads\/2017\/04\/Surys.png","articleSection":["Abenex","Participations"],"inLanguage":"fr-FR"},{"@type":"WebPage","@id":"https:\/\/www.abenex.com\/fr\/hugues-souparis-via-enowe-et-abenex-annoncent-la-cession-de-surys-a-in-groupe\/","url":"https:\/\/www.abenex.com\/fr\/hugues-souparis-via-enowe-et-abenex-annoncent-la-cession-de-surys-a-in-groupe\/","name":"Hugues Souparis (via Enowe) et Abenex annoncent la cession de Surys \u00e0 IN Groupe | Abenex","isPartOf":{"@id":"https:\/\/www.abenex.com\/#website"},"primaryImageOfPage":{"@id":"https:\/\/www.abenex.com\/fr\/hugues-souparis-via-enowe-et-abenex-annoncent-la-cession-de-surys-a-in-groupe\/#primaryimage"},"image":{"@id":"https:\/\/www.abenex.com\/fr\/hugues-souparis-via-enowe-et-abenex-annoncent-la-cession-de-surys-a-in-groupe\/#primaryimage"},"thumbnailUrl":"https:\/\/www.abenex.com\/wp-content\/uploads\/2017\/04\/Surys.png","datePublished":"2020-01-14T16:50:31+00:00","dateModified":"2024-03-05T09:48:07+00:00","breadcrumb":{"@id":"https:\/\/www.abenex.com\/fr\/hugues-souparis-via-enowe-et-abenex-annoncent-la-cession-de-surys-a-in-groupe\/#breadcrumb"},"inLanguage":"fr-FR","potentialAction":[{"@type":"ReadAction","target":["https:\/\/www.abenex.com\/fr\/hugues-souparis-via-enowe-et-abenex-annoncent-la-cession-de-surys-a-in-groupe\/"]}]},{"@type":"ImageObject","inLanguage":"fr-FR","@id":"https:\/\/www.abenex.com\/fr\/hugues-souparis-via-enowe-et-abenex-annoncent-la-cession-de-surys-a-in-groupe\/#primaryimage","url":"https:\/\/www.abenex.com\/wp-content\/uploads\/2017\/04\/Surys.png","contentUrl":"https:\/\/www.abenex.com\/wp-content\/uploads\/2017\/04\/Surys.png","width":389,"height":263,"caption":"Surys"},{"@type":"BreadcrumbList","@id":"https:\/\/www.abenex.com\/fr\/hugues-souparis-via-enowe-et-abenex-annoncent-la-cession-de-surys-a-in-groupe\/#breadcrumb","itemListElement":[{"@type":"ListItem","position":1,"name":"Accueil","item":"https:\/\/www.abenex.com\/fr\/"},{"@type":"ListItem","position":2,"name":"Hugues Souparis (via Enowe) et Abenex annoncent la cession de Surys \u00e0 IN Groupe"}]},{"@type":"WebSite","@id":"https:\/\/www.abenex.com\/#website","url":"https:\/\/www.abenex.com\/","name":"Abenex - Investing with purpose","description":"Investing with purpose","publisher":{"@id":"https:\/\/www.abenex.com\/#organization"},"potentialAction":[{"@type":"SearchAction","target":{"@type":"EntryPoint","urlTemplate":"https:\/\/www.abenex.com\/?s={search_term_string}"},"query-input":{"@type":"PropertyValueSpecification","valueRequired":true,"valueName":"search_term_string"}}],"inLanguage":"fr-FR"},{"@type":"Organization","@id":"https:\/\/www.abenex.com\/#organization","name":"Abenex - Investing with purpose","url":"https:\/\/www.abenex.com\/","logo":{"@type":"ImageObject","inLanguage":"fr-FR","@id":"https:\/\/www.abenex.com\/#\/schema\/logo\/image\/","url":"https:\/\/www.abenex.com\/wp-content\/uploads\/2023\/05\/FULL-LOGO-NOIR-BLEU-1.svg","contentUrl":"https:\/\/www.abenex.com\/wp-content\/uploads\/2023\/05\/FULL-LOGO-NOIR-BLEU-1.svg","width":166,"height":34,"caption":"Abenex - Investing with purpose"},"image":{"@id":"https:\/\/www.abenex.com\/#\/schema\/logo\/image\/"}},{"@type":"Person","@id":"https:\/\/www.abenex.com\/#\/schema\/person\/fcaf61d7089f46f499def4617e8f05d5","name":"simplypew@gmail.com","image":{"@type":"ImageObject","inLanguage":"fr-FR","@id":"https:\/\/www.abenex.com\/#\/schema\/person\/image\/","url":"https:\/\/secure.gravatar.com\/avatar\/f055ded7a27e879ece34280c17d058e2ba94c9b96e06787d6fbd482c26aad2bf?s=96&d=mm&r=g","contentUrl":"https:\/\/secure.gravatar.com\/avatar\/f055ded7a27e879ece34280c17d058e2ba94c9b96e06787d6fbd482c26aad2bf?s=96&d=mm&r=g","caption":"simplypew@gmail.com"},"sameAs":["https:\/\/www.abenex.com"]}]}},"_links":{"self":[{"href":"https:\/\/www.abenex.com\/fr\/wp-json\/wp\/v2\/posts\/6501","targetHints":{"allow":["GET"]}}],"collection":[{"href":"https:\/\/www.abenex.com\/fr\/wp-json\/wp\/v2\/posts"}],"about":[{"href":"https:\/\/www.abenex.com\/fr\/wp-json\/wp\/v2\/types\/post"}],"author":[{"embeddable":true,"href":"https:\/\/www.abenex.com\/fr\/wp-json\/wp\/v2\/users\/1"}],"replies":[{"embeddable":true,"href":"https:\/\/www.abenex.com\/fr\/wp-json\/wp\/v2\/comments?post=6501"}],"version-history":[{"count":2,"href":"https:\/\/www.abenex.com\/fr\/wp-json\/wp\/v2\/posts\/6501\/revisions"}],"predecessor-version":[{"id":12726,"href":"https:\/\/www.abenex.com\/fr\/wp-json\/wp\/v2\/posts\/6501\/revisions\/12726"}],"wp:featuredmedia":[{"embeddable":true,"href":"https:\/\/www.abenex.com\/fr\/wp-json\/wp\/v2\/media\/12718"}],"wp:attachment":[{"href":"https:\/\/www.abenex.com\/fr\/wp-json\/wp\/v2\/media?parent=6501"}],"wp:term":[{"taxonomy":"category","embeddable":true,"href":"https:\/\/www.abenex.com\/fr\/wp-json\/wp\/v2\/categories?post=6501"},{"taxonomy":"post_tag","embeddable":true,"href":"https:\/\/www.abenex.com\/fr\/wp-json\/wp\/v2\/tags?post=6501"}],"curies":[{"name":"wp","href":"https:\/\/api.w.org\/{rel}","templated":true}]}}