    
{"id":6517,"date":"2020-11-09T17:20:52","date_gmt":"2020-11-09T16:20:52","guid":{"rendered":"https:\/\/www.abenex.com\/abenex-value-acquiert-un-nouvel-immeuble-rue-marbeuf\/"},"modified":"2023-07-07T07:06:57","modified_gmt":"2023-07-07T05:06:57","slug":"abenex-value-acquiert-un-nouvel-immeuble-rue-marbeuf","status":"publish","type":"post","link":"https:\/\/www.abenex.com\/fr\/abenex-value-acquiert-un-nouvel-immeuble-rue-marbeuf\/","title":{"rendered":"Abenex Value acquiert un nouvel immeuble rue Marbeuf"},"content":{"rendered":"\n<p>Abenex Value acquiert un actif \u00e0 usage principal de bureaux situ\u00e9 37 rue Marbeuf dans le 8\u00e8me arrondissement de Paris aupr\u00e8s d\u2019un cercle d\u2019investisseurs priv\u00e9s.<\/p>\n\n\n\n<p>Enti\u00e8rement vacant, d\u2019une surface d\u2019environ 1.500 m\u00b2 sur six \u00e9tages et comprenant un commerce au rez-de-chauss\u00e9e, cet actif a vocation \u00e0 int\u00e9grer le portefeuille immobilier du Fonds Abenex Value aux c\u00f4t\u00e9s des projets de la rue du Cherche-Midi (Paris 6\u00e8me) et de l\u2019avenue Spinoza \u00e0 Ivry-sur-Seine. En ligne avec la strat\u00e9gie d\u00e9velopp\u00e9e par le Fonds, il fera l\u2019objet, \u00e0 terme, d\u2019une restructuration lourde visant \u00e0 le repositionner et \u00e0 exploiter pleinement le potentiel de sa localisation exceptionnelle au sein du Triangle d\u2019Or.<\/p>\n\n\n\n<p>Cette transaction a \u00e9t\u00e9 r\u00e9alis\u00e9e par l\u2019interm\u00e9diaire de Nexity Conseil et Transaction. Dans le cadre de cette acquisition, Abenex Value \u00e9tait \u00e9galement conseill\u00e9 par Oasis Groupe.<\/p>\n\n\n\n<p>Les \u00e9tudes Screeb Notaires et Ma\u00eetre Jeanne Bavi\u00e8re-Ryssen ont accompagn\u00e9 respectivement l\u2019acqu\u00e9reur et les vendeurs. Le financement de l\u2019op\u00e9ration a \u00e9t\u00e9 r\u00e9alis\u00e9 par My Partner Bank.<\/p>\n\n\n\n<p>Le fonds Abenex Value, constitu\u00e9 fin 2019 par Abenex REIM, l\u2019activit\u00e9 immobili\u00e8re d\u2019Abenex Capital, b\u00e9n\u00e9ficie d\u2019une capacit\u00e9 d\u2019investissement de plus de 140 millions d\u2019euros pour r\u00e9aliser des op\u00e9rations immobili\u00e8res \u00e0 forte valeur ajout\u00e9e, principalement \u00e0 Paris et en premi\u00e8re couronne.<\/p>\n","protected":false},"excerpt":{"rendered":"<p>Abenex Value acquiert un actif \u00e0 usage principal de bureaux situ\u00e9 37 rue Marbeuf dans le 8\u00e8me arrondissement de Paris aupr\u00e8s d\u2019un cercle d\u2019investisseurs priv\u00e9s. Enti\u00e8rement vacant, d\u2019une surface d\u2019environ 1.500 m\u00b2 sur six \u00e9tages et comprenant un commerce au rez-de-chauss\u00e9e, cet actif a vocation \u00e0 int\u00e9grer le portefeuille immobilier du Fonds Abenex Value aux [&hellip;]<\/p>\n","protected":false},"author":1,"featured_media":1843,"comment_status":"closed","ping_status":"closed","sticky":false,"template":"","format":"standard","meta":{"footnotes":""},"categories":[31],"tags":[],"class_list":["post-6517","post","type-post","status-publish","format-standard","has-post-thumbnail","hentry","category-immobilier"],"acf":[],"yoast_head":"<!-- This site is optimized with the Yoast SEO plugin v27.1.1 - https:\/\/yoast.com\/product\/yoast-seo-wordpress\/ -->\n<title>Abenex Value acquiert un nouvel immeuble rue Marbeuf | Abenex<\/title>\n<meta name=\"robots\" content=\"index, follow, max-snippet:-1, max-image-preview:large, max-video-preview:-1\" \/>\n<link rel=\"canonical\" href=\"https:\/\/www.abenex.com\/abenex-value-acquiert-un-nouvel-immeuble-rue-marbeuf\/\" \/>\n<meta property=\"og:locale\" content=\"fr_FR\" \/>\n<meta property=\"og:type\" content=\"article\" \/>\n<meta property=\"og:title\" content=\"Abenex Value acquiert un nouvel immeuble rue Marbeuf | Abenex\" \/>\n<meta property=\"og:description\" content=\"Abenex Value acquiert un actif \u00e0 usage principal de bureaux situ\u00e9 37 rue Marbeuf dans le 8\u00e8me arrondissement de Paris aupr\u00e8s d\u2019un cercle d\u2019investisseurs priv\u00e9s. Enti\u00e8rement vacant, d\u2019une surface d\u2019environ 1.500 m\u00b2 sur six \u00e9tages et comprenant un commerce au rez-de-chauss\u00e9e, cet actif a vocation \u00e0 int\u00e9grer le portefeuille immobilier du Fonds Abenex Value aux [&hellip;]\" \/>\n<meta property=\"og:url\" content=\"https:\/\/www.abenex.com\/abenex-value-acquiert-un-nouvel-immeuble-rue-marbeuf\/\" \/>\n<meta property=\"og:site_name\" content=\"Abenex\" \/>\n<meta property=\"article:published_time\" content=\"2020-11-09T16:20:52+00:00\" \/>\n<meta property=\"article:modified_time\" content=\"2023-07-07T05:06:57+00:00\" \/>\n<meta property=\"og:image\" content=\"https:\/\/www.abenex.com\/wp-content\/uploads\/2023\/06\/Immeuble-rue-Marbeuf.png\" \/>\n\t<meta property=\"og:image:width\" content=\"607\" \/>\n\t<meta property=\"og:image:height\" content=\"455\" \/>\n\t<meta property=\"og:image:type\" content=\"image\/png\" \/>\n<meta name=\"author\" content=\"simplypew@gmail.com\" \/>\n<meta name=\"twitter:card\" content=\"summary_large_image\" \/>\n<meta name=\"twitter:label1\" content=\"\u00c9crit par\" \/>\n\t<meta name=\"twitter:data1\" content=\"simplypew@gmail.com\" \/>\n\t<meta name=\"twitter:label2\" content=\"Dur\u00e9e de lecture estim\u00e9e\" \/>\n\t<meta name=\"twitter:data2\" content=\"1 minute\" \/>\n<script type=\"application\/ld+json\" class=\"yoast-schema-graph\">{\"@context\":\"https:\/\/schema.org\",\"@graph\":[{\"@type\":\"Article\",\"@id\":\"https:\/\/www.abenex.com\/abenex-value-acquiert-un-nouvel-immeuble-rue-marbeuf\/#article\",\"isPartOf\":{\"@id\":\"https:\/\/www.abenex.com\/abenex-value-acquiert-un-nouvel-immeuble-rue-marbeuf\/\"},\"author\":{\"name\":\"simplypew@gmail.com\",\"@id\":\"https:\/\/www.abenex.com\/#\/schema\/person\/fcaf61d7089f46f499def4617e8f05d5\"},\"headline\":\"Abenex Value acquiert un nouvel immeuble rue Marbeuf\",\"datePublished\":\"2020-11-09T16:20:52+00:00\",\"dateModified\":\"2023-07-07T05:06:57+00:00\",\"mainEntityOfPage\":{\"@id\":\"https:\/\/www.abenex.com\/abenex-value-acquiert-un-nouvel-immeuble-rue-marbeuf\/\"},\"wordCount\":237,\"publisher\":{\"@id\":\"https:\/\/www.abenex.com\/#organization\"},\"image\":{\"@id\":\"https:\/\/www.abenex.com\/abenex-value-acquiert-un-nouvel-immeuble-rue-marbeuf\/#primaryimage\"},\"thumbnailUrl\":\"https:\/\/www.abenex.com\/wp-content\/uploads\/2023\/06\/Immeuble-rue-Marbeuf.png\",\"articleSection\":[\"Immobilier\"],\"inLanguage\":\"fr-FR\"},{\"@type\":\"WebPage\",\"@id\":\"https:\/\/www.abenex.com\/abenex-value-acquiert-un-nouvel-immeuble-rue-marbeuf\/\",\"url\":\"https:\/\/www.abenex.com\/abenex-value-acquiert-un-nouvel-immeuble-rue-marbeuf\/\",\"name\":\"Abenex Value acquiert un nouvel immeuble rue Marbeuf | Abenex\",\"isPartOf\":{\"@id\":\"https:\/\/www.abenex.com\/#website\"},\"primaryImageOfPage\":{\"@id\":\"https:\/\/www.abenex.com\/abenex-value-acquiert-un-nouvel-immeuble-rue-marbeuf\/#primaryimage\"},\"image\":{\"@id\":\"https:\/\/www.abenex.com\/abenex-value-acquiert-un-nouvel-immeuble-rue-marbeuf\/#primaryimage\"},\"thumbnailUrl\":\"https:\/\/www.abenex.com\/wp-content\/uploads\/2023\/06\/Immeuble-rue-Marbeuf.png\",\"datePublished\":\"2020-11-09T16:20:52+00:00\",\"dateModified\":\"2023-07-07T05:06:57+00:00\",\"breadcrumb\":{\"@id\":\"https:\/\/www.abenex.com\/abenex-value-acquiert-un-nouvel-immeuble-rue-marbeuf\/#breadcrumb\"},\"inLanguage\":\"fr-FR\",\"potentialAction\":[{\"@type\":\"ReadAction\",\"target\":[\"https:\/\/www.abenex.com\/abenex-value-acquiert-un-nouvel-immeuble-rue-marbeuf\/\"]}]},{\"@type\":\"ImageObject\",\"inLanguage\":\"fr-FR\",\"@id\":\"https:\/\/www.abenex.com\/abenex-value-acquiert-un-nouvel-immeuble-rue-marbeuf\/#primaryimage\",\"url\":\"https:\/\/www.abenex.com\/wp-content\/uploads\/2023\/06\/Immeuble-rue-Marbeuf.png\",\"contentUrl\":\"https:\/\/www.abenex.com\/wp-content\/uploads\/2023\/06\/Immeuble-rue-Marbeuf.png\",\"width\":607,\"height\":455,\"caption\":\"Photo de l'immeuble du 37 rue Marbeuf\"},{\"@type\":\"BreadcrumbList\",\"@id\":\"https:\/\/www.abenex.com\/abenex-value-acquiert-un-nouvel-immeuble-rue-marbeuf\/#breadcrumb\",\"itemListElement\":[{\"@type\":\"ListItem\",\"position\":1,\"name\":\"Accueil\",\"item\":\"https:\/\/www.abenex.com\/fr\/\"},{\"@type\":\"ListItem\",\"position\":2,\"name\":\"Abenex Value acquiert un nouvel immeuble rue Marbeuf\"}]},{\"@type\":\"WebSite\",\"@id\":\"https:\/\/www.abenex.com\/#website\",\"url\":\"https:\/\/www.abenex.com\/\",\"name\":\"Abenex - Investing with purpose\",\"description\":\"Investing with purpose\",\"publisher\":{\"@id\":\"https:\/\/www.abenex.com\/#organization\"},\"potentialAction\":[{\"@type\":\"SearchAction\",\"target\":{\"@type\":\"EntryPoint\",\"urlTemplate\":\"https:\/\/www.abenex.com\/?s={search_term_string}\"},\"query-input\":{\"@type\":\"PropertyValueSpecification\",\"valueRequired\":true,\"valueName\":\"search_term_string\"}}],\"inLanguage\":\"fr-FR\"},{\"@type\":\"Organization\",\"@id\":\"https:\/\/www.abenex.com\/#organization\",\"name\":\"Abenex - Investing with purpose\",\"url\":\"https:\/\/www.abenex.com\/\",\"logo\":{\"@type\":\"ImageObject\",\"inLanguage\":\"fr-FR\",\"@id\":\"https:\/\/www.abenex.com\/#\/schema\/logo\/image\/\",\"url\":\"https:\/\/www.abenex.com\/wp-content\/uploads\/2023\/05\/FULL-LOGO-NOIR-BLEU-1.svg\",\"contentUrl\":\"https:\/\/www.abenex.com\/wp-content\/uploads\/2023\/05\/FULL-LOGO-NOIR-BLEU-1.svg\",\"width\":166,\"height\":34,\"caption\":\"Abenex - Investing with purpose\"},\"image\":{\"@id\":\"https:\/\/www.abenex.com\/#\/schema\/logo\/image\/\"}},{\"@type\":\"Person\",\"@id\":\"https:\/\/www.abenex.com\/#\/schema\/person\/fcaf61d7089f46f499def4617e8f05d5\",\"name\":\"simplypew@gmail.com\",\"image\":{\"@type\":\"ImageObject\",\"inLanguage\":\"fr-FR\",\"@id\":\"https:\/\/www.abenex.com\/#\/schema\/person\/image\/\",\"url\":\"https:\/\/secure.gravatar.com\/avatar\/f055ded7a27e879ece34280c17d058e2ba94c9b96e06787d6fbd482c26aad2bf?s=96&d=mm&r=g\",\"contentUrl\":\"https:\/\/secure.gravatar.com\/avatar\/f055ded7a27e879ece34280c17d058e2ba94c9b96e06787d6fbd482c26aad2bf?s=96&d=mm&r=g\",\"caption\":\"simplypew@gmail.com\"},\"sameAs\":[\"https:\/\/www.abenex.com\"]}]}<\/script>\n<!-- \/ Yoast SEO plugin. -->","yoast_head_json":{"title":"Abenex Value acquiert un nouvel immeuble rue Marbeuf | Abenex","robots":{"index":"index","follow":"follow","max-snippet":"max-snippet:-1","max-image-preview":"max-image-preview:large","max-video-preview":"max-video-preview:-1"},"canonical":"https:\/\/www.abenex.com\/abenex-value-acquiert-un-nouvel-immeuble-rue-marbeuf\/","og_locale":"fr_FR","og_type":"article","og_title":"Abenex Value acquiert un nouvel immeuble rue Marbeuf | Abenex","og_description":"Abenex Value acquiert un actif \u00e0 usage principal de bureaux situ\u00e9 37 rue Marbeuf dans le 8\u00e8me arrondissement de Paris aupr\u00e8s d\u2019un cercle d\u2019investisseurs priv\u00e9s. Enti\u00e8rement vacant, d\u2019une surface d\u2019environ 1.500 m\u00b2 sur six \u00e9tages et comprenant un commerce au rez-de-chauss\u00e9e, cet actif a vocation \u00e0 int\u00e9grer le portefeuille immobilier du Fonds Abenex Value aux [&hellip;]","og_url":"https:\/\/www.abenex.com\/abenex-value-acquiert-un-nouvel-immeuble-rue-marbeuf\/","og_site_name":"Abenex","article_published_time":"2020-11-09T16:20:52+00:00","article_modified_time":"2023-07-07T05:06:57+00:00","og_image":[{"width":607,"height":455,"url":"https:\/\/www.abenex.com\/wp-content\/uploads\/2023\/06\/Immeuble-rue-Marbeuf.png","type":"image\/png"}],"author":"simplypew@gmail.com","twitter_card":"summary_large_image","twitter_misc":{"\u00c9crit par":"simplypew@gmail.com","Dur\u00e9e de lecture estim\u00e9e":"1 minute"},"schema":{"@context":"https:\/\/schema.org","@graph":[{"@type":"Article","@id":"https:\/\/www.abenex.com\/abenex-value-acquiert-un-nouvel-immeuble-rue-marbeuf\/#article","isPartOf":{"@id":"https:\/\/www.abenex.com\/abenex-value-acquiert-un-nouvel-immeuble-rue-marbeuf\/"},"author":{"name":"simplypew@gmail.com","@id":"https:\/\/www.abenex.com\/#\/schema\/person\/fcaf61d7089f46f499def4617e8f05d5"},"headline":"Abenex Value acquiert un nouvel immeuble rue Marbeuf","datePublished":"2020-11-09T16:20:52+00:00","dateModified":"2023-07-07T05:06:57+00:00","mainEntityOfPage":{"@id":"https:\/\/www.abenex.com\/abenex-value-acquiert-un-nouvel-immeuble-rue-marbeuf\/"},"wordCount":237,"publisher":{"@id":"https:\/\/www.abenex.com\/#organization"},"image":{"@id":"https:\/\/www.abenex.com\/abenex-value-acquiert-un-nouvel-immeuble-rue-marbeuf\/#primaryimage"},"thumbnailUrl":"https:\/\/www.abenex.com\/wp-content\/uploads\/2023\/06\/Immeuble-rue-Marbeuf.png","articleSection":["Immobilier"],"inLanguage":"fr-FR"},{"@type":"WebPage","@id":"https:\/\/www.abenex.com\/abenex-value-acquiert-un-nouvel-immeuble-rue-marbeuf\/","url":"https:\/\/www.abenex.com\/abenex-value-acquiert-un-nouvel-immeuble-rue-marbeuf\/","name":"Abenex Value acquiert un nouvel immeuble rue Marbeuf | Abenex","isPartOf":{"@id":"https:\/\/www.abenex.com\/#website"},"primaryImageOfPage":{"@id":"https:\/\/www.abenex.com\/abenex-value-acquiert-un-nouvel-immeuble-rue-marbeuf\/#primaryimage"},"image":{"@id":"https:\/\/www.abenex.com\/abenex-value-acquiert-un-nouvel-immeuble-rue-marbeuf\/#primaryimage"},"thumbnailUrl":"https:\/\/www.abenex.com\/wp-content\/uploads\/2023\/06\/Immeuble-rue-Marbeuf.png","datePublished":"2020-11-09T16:20:52+00:00","dateModified":"2023-07-07T05:06:57+00:00","breadcrumb":{"@id":"https:\/\/www.abenex.com\/abenex-value-acquiert-un-nouvel-immeuble-rue-marbeuf\/#breadcrumb"},"inLanguage":"fr-FR","potentialAction":[{"@type":"ReadAction","target":["https:\/\/www.abenex.com\/abenex-value-acquiert-un-nouvel-immeuble-rue-marbeuf\/"]}]},{"@type":"ImageObject","inLanguage":"fr-FR","@id":"https:\/\/www.abenex.com\/abenex-value-acquiert-un-nouvel-immeuble-rue-marbeuf\/#primaryimage","url":"https:\/\/www.abenex.com\/wp-content\/uploads\/2023\/06\/Immeuble-rue-Marbeuf.png","contentUrl":"https:\/\/www.abenex.com\/wp-content\/uploads\/2023\/06\/Immeuble-rue-Marbeuf.png","width":607,"height":455,"caption":"Photo de l'immeuble du 37 rue Marbeuf"},{"@type":"BreadcrumbList","@id":"https:\/\/www.abenex.com\/abenex-value-acquiert-un-nouvel-immeuble-rue-marbeuf\/#breadcrumb","itemListElement":[{"@type":"ListItem","position":1,"name":"Accueil","item":"https:\/\/www.abenex.com\/fr\/"},{"@type":"ListItem","position":2,"name":"Abenex Value acquiert un nouvel immeuble rue Marbeuf"}]},{"@type":"WebSite","@id":"https:\/\/www.abenex.com\/#website","url":"https:\/\/www.abenex.com\/","name":"Abenex - Investing with purpose","description":"Investing with purpose","publisher":{"@id":"https:\/\/www.abenex.com\/#organization"},"potentialAction":[{"@type":"SearchAction","target":{"@type":"EntryPoint","urlTemplate":"https:\/\/www.abenex.com\/?s={search_term_string}"},"query-input":{"@type":"PropertyValueSpecification","valueRequired":true,"valueName":"search_term_string"}}],"inLanguage":"fr-FR"},{"@type":"Organization","@id":"https:\/\/www.abenex.com\/#organization","name":"Abenex - Investing with purpose","url":"https:\/\/www.abenex.com\/","logo":{"@type":"ImageObject","inLanguage":"fr-FR","@id":"https:\/\/www.abenex.com\/#\/schema\/logo\/image\/","url":"https:\/\/www.abenex.com\/wp-content\/uploads\/2023\/05\/FULL-LOGO-NOIR-BLEU-1.svg","contentUrl":"https:\/\/www.abenex.com\/wp-content\/uploads\/2023\/05\/FULL-LOGO-NOIR-BLEU-1.svg","width":166,"height":34,"caption":"Abenex - Investing with purpose"},"image":{"@id":"https:\/\/www.abenex.com\/#\/schema\/logo\/image\/"}},{"@type":"Person","@id":"https:\/\/www.abenex.com\/#\/schema\/person\/fcaf61d7089f46f499def4617e8f05d5","name":"simplypew@gmail.com","image":{"@type":"ImageObject","inLanguage":"fr-FR","@id":"https:\/\/www.abenex.com\/#\/schema\/person\/image\/","url":"https:\/\/secure.gravatar.com\/avatar\/f055ded7a27e879ece34280c17d058e2ba94c9b96e06787d6fbd482c26aad2bf?s=96&d=mm&r=g","contentUrl":"https:\/\/secure.gravatar.com\/avatar\/f055ded7a27e879ece34280c17d058e2ba94c9b96e06787d6fbd482c26aad2bf?s=96&d=mm&r=g","caption":"simplypew@gmail.com"},"sameAs":["https:\/\/www.abenex.com"]}]}},"_links":{"self":[{"href":"https:\/\/www.abenex.com\/fr\/wp-json\/wp\/v2\/posts\/6517","targetHints":{"allow":["GET"]}}],"collection":[{"href":"https:\/\/www.abenex.com\/fr\/wp-json\/wp\/v2\/posts"}],"about":[{"href":"https:\/\/www.abenex.com\/fr\/wp-json\/wp\/v2\/types\/post"}],"author":[{"embeddable":true,"href":"https:\/\/www.abenex.com\/fr\/wp-json\/wp\/v2\/users\/1"}],"replies":[{"embeddable":true,"href":"https:\/\/www.abenex.com\/fr\/wp-json\/wp\/v2\/comments?post=6517"}],"version-history":[{"count":1,"href":"https:\/\/www.abenex.com\/fr\/wp-json\/wp\/v2\/posts\/6517\/revisions"}],"predecessor-version":[{"id":6743,"href":"https:\/\/www.abenex.com\/fr\/wp-json\/wp\/v2\/posts\/6517\/revisions\/6743"}],"wp:featuredmedia":[{"embeddable":true,"href":"https:\/\/www.abenex.com\/fr\/wp-json\/wp\/v2\/media\/1843"}],"wp:attachment":[{"href":"https:\/\/www.abenex.com\/fr\/wp-json\/wp\/v2\/media?parent=6517"}],"wp:term":[{"taxonomy":"category","embeddable":true,"href":"https:\/\/www.abenex.com\/fr\/wp-json\/wp\/v2\/categories?post=6517"},{"taxonomy":"post_tag","embeddable":true,"href":"https:\/\/www.abenex.com\/fr\/wp-json\/wp\/v2\/tags?post=6517"}],"curies":[{"name":"wp","href":"https:\/\/api.w.org\/{rel}","templated":true}]}}