    
{"id":6526,"date":"2021-05-11T18:15:07","date_gmt":"2021-05-11T16:15:07","guid":{"rendered":"https:\/\/www.abenex.com\/les-fondateurs-dedl-leader-de-ledition-de-logiciels-dimagerie-medicale-sassocient-a-abenex\/"},"modified":"2023-11-24T09:49:04","modified_gmt":"2023-11-24T08:49:04","slug":"les-fondateurs-dedl-leader-de-ledition-de-logiciels-dimagerie-medicale-sassocient-a-abenex","status":"publish","type":"post","link":"https:\/\/www.abenex.com\/fr\/les-fondateurs-dedl-leader-de-ledition-de-logiciels-dimagerie-medicale-sassocient-a-abenex\/","title":{"rendered":"Les fondateurs d\u2019EDL, leader de l\u2019\u00e9dition de logiciels d\u2019imagerie m\u00e9dicale, s\u2019associent \u00e0 Abenex"},"content":{"rendered":"\n<p>Associ\u00e9s depuis 1993 au sein d\u2019Edition et D\u00e9veloppement Logiciels (\u00ab EDL \u00bb), Jean Lordet, Alain Lopez et Jean-Louis Marx en ont fait le leader des logiciels m\u00e9tier pour les services d\u2019imagerie m\u00e9dicale \u00e0 destination de clients publics et priv\u00e9s en France.<\/p>\n\n\n\n<p>Une transition capitalistique a \u00e9t\u00e9 r\u00e9alis\u00e9e, les trois fondateurs accueillant Abenex au capital d\u2019EDL. L\u2019op\u00e9ration permettra d\u2019acc\u00e9l\u00e9rer le d\u00e9veloppement du Groupe tout en faisant \u00e9voluer sa gouvernance et en renfor\u00e7ant son capital.<\/p>\n\n\n\n<p>Au travers de sa suite logicielle Xplore, EDL offre \u00e0 ses clients une solution moderne, int\u00e9gr\u00e9e, r\u00e9cemment red\u00e9velopp\u00e9e en full-SaaS, permettant d\u2019am\u00e9liorer le partage d\u2019information et le fonctionnement des services d\u2019imagerie m\u00e9dicale aussi bien dans les h\u00f4pitaux et les cliniques que dans les centres sp\u00e9cialis\u00e9s en imagerie m\u00e9dicale. Xplore est reconnu pour son ergonomie, sa richesse fonctionnelle et sa robustesse \u00e9prouv\u00e9e. La solution permet entre autres le d\u00e9ploiement efficace de la t\u00e9l\u00e9radiologie pour des organisations multi-sites et la communication avec l\u2019environnement m\u00e9dical qui gravite autour des organisations d\u2019imagerie.<\/p>\n\n\n\n<p>Accompagn\u00e9e par Abenex, EDL poursuivra sa strat\u00e9gie de croissance organique en continuant \u00e0 capitaliser sur la qualit\u00e9 et l\u2019avance technologique de ses solutions logicielles. D\u00e9j\u00e0 pr\u00e9sent en Suisse (depuis 2000) et en Allemagne (depuis 2018, suite \u00e0 l\u2019acquisition de l\u2019acteur local Penta), EDL ambitionne \u00e9galement de poursuivre son d\u00e9veloppement \u00e0 l\u2019international, notamment au travers d\u2019acquisitions cibl\u00e9es.<\/p>\n\n\n\n<p>Jean Lordet, Alain Lopez et Jean-Louis Marx, fondateurs et dirigeants d\u2019EDL :<br>\u00ab Nous avons \u00e9t\u00e9 convaincus par le dialogue enrichissant et la relation de confiance que nous avons tr\u00e8s rapidement construits avec Abenex. Abenex va nous accompagner notamment dans notre strat\u00e9gie de croissance externe et dans la structuration de la soci\u00e9t\u00e9 \u00e0 l\u2019occasion du recul op\u00e9rationnel de Jean-Louis Marx. Abenex nous aidera \u00e0 renforcer notre positionnement d\u2019acteur majeur de l\u2019innovation technologique au b\u00e9n\u00e9fice des services de sant\u00e9. \u00bb<\/p>\n\n\n\n<p>Antoine Schouman et J\u00e9r\u00f4me Vandermarcq, Associ\u00e9s d\u2019Abenex : \u00ab Positionn\u00e9 sur un march\u00e9 dynamique, EDL a su construire une position de leader incontest\u00e9 gr\u00e2ce \u00e0 son savoir-faire technologique, \u00e0 la qualit\u00e9 et la pertinence de ses solutions et \u00e0 l\u2019accompagnement fourni \u00e0 ses clients pour les aider \u00e0 am\u00e9liorer leurs performances op\u00e9rationnelles, un sujet critique dans le monde de l\u2019imagerie m\u00e9dicale. Nous sommes ravis d\u2019investir aux c\u00f4t\u00e9s de ses fondateurs et dirigeants et de contribuer \u00e0 concr\u00e9tiser leur ambition de d\u00e9veloppement. \u00bb<\/p>\n","protected":false},"excerpt":{"rendered":"<p>Associ\u00e9s depuis 1993 au sein d\u2019Edition et D\u00e9veloppement Logiciels (\u00ab EDL \u00bb), Jean Lordet, Alain Lopez et Jean-Louis Marx en ont fait le leader des logiciels m\u00e9tier pour les services d\u2019imagerie m\u00e9dicale \u00e0 destination de clients publics et priv\u00e9s en France. Une transition capitalistique a \u00e9t\u00e9 r\u00e9alis\u00e9e, les trois fondateurs accueillant Abenex au capital d\u2019EDL. [&hellip;]<\/p>\n","protected":false},"author":1,"featured_media":6762,"comment_status":"closed","ping_status":"closed","sticky":false,"template":"","format":"standard","meta":{"footnotes":""},"categories":[105,103],"tags":[],"class_list":["post-6526","post","type-post","status-publish","format-standard","has-post-thumbnail","hentry","category-abenex","category-participation"],"acf":[],"yoast_head":"<!-- This site is optimized with the Yoast SEO plugin v27.1.1 - https:\/\/yoast.com\/product\/yoast-seo-wordpress\/ -->\n<title>Les fondateurs d\u2019EDL, leader de l\u2019\u00e9dition de logiciels d\u2019imagerie m\u00e9dicale, s\u2019associent \u00e0 Abenex | Abenex<\/title>\n<meta name=\"robots\" content=\"index, follow, max-snippet:-1, max-image-preview:large, max-video-preview:-1\" \/>\n<link rel=\"canonical\" href=\"https:\/\/www.abenex.com\/fr\/les-fondateurs-dedl-leader-de-ledition-de-logiciels-dimagerie-medicale-sassocient-a-abenex\/\" \/>\n<meta property=\"og:locale\" content=\"fr_FR\" \/>\n<meta property=\"og:type\" content=\"article\" \/>\n<meta property=\"og:title\" content=\"Les fondateurs d\u2019EDL, leader de l\u2019\u00e9dition de logiciels d\u2019imagerie m\u00e9dicale, s\u2019associent \u00e0 Abenex | Abenex\" \/>\n<meta property=\"og:description\" content=\"Associ\u00e9s depuis 1993 au sein d\u2019Edition et D\u00e9veloppement Logiciels (\u00ab EDL \u00bb), Jean Lordet, Alain Lopez et Jean-Louis Marx en ont fait le leader des logiciels m\u00e9tier pour les services d\u2019imagerie m\u00e9dicale \u00e0 destination de clients publics et priv\u00e9s en France. Une transition capitalistique a \u00e9t\u00e9 r\u00e9alis\u00e9e, les trois fondateurs accueillant Abenex au capital d\u2019EDL. [&hellip;]\" \/>\n<meta property=\"og:url\" content=\"https:\/\/www.abenex.com\/fr\/les-fondateurs-dedl-leader-de-ledition-de-logiciels-dimagerie-medicale-sassocient-a-abenex\/\" \/>\n<meta property=\"og:site_name\" content=\"Abenex\" \/>\n<meta property=\"article:published_time\" content=\"2021-05-11T16:15:07+00:00\" \/>\n<meta property=\"article:modified_time\" content=\"2023-11-24T08:49:04+00:00\" \/>\n<meta property=\"og:image\" content=\"https:\/\/www.abenex.com\/wp-content\/uploads\/2023\/07\/pexels-mart-production-7089020-scaled-1.jpg\" \/>\n\t<meta property=\"og:image:width\" content=\"2560\" \/>\n\t<meta property=\"og:image:height\" content=\"1707\" \/>\n\t<meta property=\"og:image:type\" content=\"image\/jpeg\" \/>\n<meta name=\"author\" content=\"simplypew@gmail.com\" \/>\n<meta name=\"twitter:card\" content=\"summary_large_image\" \/>\n<meta name=\"twitter:label1\" content=\"\u00c9crit par\" \/>\n\t<meta name=\"twitter:data1\" content=\"simplypew@gmail.com\" \/>\n\t<meta name=\"twitter:label2\" content=\"Dur\u00e9e de lecture estim\u00e9e\" \/>\n\t<meta name=\"twitter:data2\" content=\"2 minutes\" \/>\n<script type=\"application\/ld+json\" class=\"yoast-schema-graph\">{\"@context\":\"https:\/\/schema.org\",\"@graph\":[{\"@type\":\"Article\",\"@id\":\"https:\/\/www.abenex.com\/fr\/les-fondateurs-dedl-leader-de-ledition-de-logiciels-dimagerie-medicale-sassocient-a-abenex\/#article\",\"isPartOf\":{\"@id\":\"https:\/\/www.abenex.com\/fr\/les-fondateurs-dedl-leader-de-ledition-de-logiciels-dimagerie-medicale-sassocient-a-abenex\/\"},\"author\":{\"name\":\"simplypew@gmail.com\",\"@id\":\"https:\/\/www.abenex.com\/#\/schema\/person\/fcaf61d7089f46f499def4617e8f05d5\"},\"headline\":\"Les fondateurs d\u2019EDL, leader de l\u2019\u00e9dition de logiciels d\u2019imagerie m\u00e9dicale, s\u2019associent \u00e0 Abenex\",\"datePublished\":\"2021-05-11T16:15:07+00:00\",\"dateModified\":\"2023-11-24T08:49:04+00:00\",\"mainEntityOfPage\":{\"@id\":\"https:\/\/www.abenex.com\/fr\/les-fondateurs-dedl-leader-de-ledition-de-logiciels-dimagerie-medicale-sassocient-a-abenex\/\"},\"wordCount\":445,\"publisher\":{\"@id\":\"https:\/\/www.abenex.com\/#organization\"},\"image\":{\"@id\":\"https:\/\/www.abenex.com\/fr\/les-fondateurs-dedl-leader-de-ledition-de-logiciels-dimagerie-medicale-sassocient-a-abenex\/#primaryimage\"},\"thumbnailUrl\":\"https:\/\/www.abenex.com\/wp-content\/uploads\/2023\/07\/pexels-mart-production-7089020-scaled-1.jpg\",\"articleSection\":[\"Abenex\",\"Participations\"],\"inLanguage\":\"fr-FR\"},{\"@type\":\"WebPage\",\"@id\":\"https:\/\/www.abenex.com\/fr\/les-fondateurs-dedl-leader-de-ledition-de-logiciels-dimagerie-medicale-sassocient-a-abenex\/\",\"url\":\"https:\/\/www.abenex.com\/fr\/les-fondateurs-dedl-leader-de-ledition-de-logiciels-dimagerie-medicale-sassocient-a-abenex\/\",\"name\":\"Les fondateurs d\u2019EDL, leader de l\u2019\u00e9dition de logiciels d\u2019imagerie m\u00e9dicale, s\u2019associent \u00e0 Abenex | Abenex\",\"isPartOf\":{\"@id\":\"https:\/\/www.abenex.com\/#website\"},\"primaryImageOfPage\":{\"@id\":\"https:\/\/www.abenex.com\/fr\/les-fondateurs-dedl-leader-de-ledition-de-logiciels-dimagerie-medicale-sassocient-a-abenex\/#primaryimage\"},\"image\":{\"@id\":\"https:\/\/www.abenex.com\/fr\/les-fondateurs-dedl-leader-de-ledition-de-logiciels-dimagerie-medicale-sassocient-a-abenex\/#primaryimage\"},\"thumbnailUrl\":\"https:\/\/www.abenex.com\/wp-content\/uploads\/2023\/07\/pexels-mart-production-7089020-scaled-1.jpg\",\"datePublished\":\"2021-05-11T16:15:07+00:00\",\"dateModified\":\"2023-11-24T08:49:04+00:00\",\"breadcrumb\":{\"@id\":\"https:\/\/www.abenex.com\/fr\/les-fondateurs-dedl-leader-de-ledition-de-logiciels-dimagerie-medicale-sassocient-a-abenex\/#breadcrumb\"},\"inLanguage\":\"fr-FR\",\"potentialAction\":[{\"@type\":\"ReadAction\",\"target\":[\"https:\/\/www.abenex.com\/fr\/les-fondateurs-dedl-leader-de-ledition-de-logiciels-dimagerie-medicale-sassocient-a-abenex\/\"]}]},{\"@type\":\"ImageObject\",\"inLanguage\":\"fr-FR\",\"@id\":\"https:\/\/www.abenex.com\/fr\/les-fondateurs-dedl-leader-de-ledition-de-logiciels-dimagerie-medicale-sassocient-a-abenex\/#primaryimage\",\"url\":\"https:\/\/www.abenex.com\/wp-content\/uploads\/2023\/07\/pexels-mart-production-7089020-scaled-1.jpg\",\"contentUrl\":\"https:\/\/www.abenex.com\/wp-content\/uploads\/2023\/07\/pexels-mart-production-7089020-scaled-1.jpg\",\"width\":2560,\"height\":1707,\"caption\":\"Photo d'un clich\u00e9 de scanner du cerveau - EDL\"},{\"@type\":\"BreadcrumbList\",\"@id\":\"https:\/\/www.abenex.com\/fr\/les-fondateurs-dedl-leader-de-ledition-de-logiciels-dimagerie-medicale-sassocient-a-abenex\/#breadcrumb\",\"itemListElement\":[{\"@type\":\"ListItem\",\"position\":1,\"name\":\"Accueil\",\"item\":\"https:\/\/www.abenex.com\/fr\/\"},{\"@type\":\"ListItem\",\"position\":2,\"name\":\"Les fondateurs d\u2019EDL, leader de l\u2019\u00e9dition de logiciels d\u2019imagerie m\u00e9dicale, s\u2019associent \u00e0 Abenex\"}]},{\"@type\":\"WebSite\",\"@id\":\"https:\/\/www.abenex.com\/#website\",\"url\":\"https:\/\/www.abenex.com\/\",\"name\":\"Abenex - Investing with purpose\",\"description\":\"Investing with purpose\",\"publisher\":{\"@id\":\"https:\/\/www.abenex.com\/#organization\"},\"potentialAction\":[{\"@type\":\"SearchAction\",\"target\":{\"@type\":\"EntryPoint\",\"urlTemplate\":\"https:\/\/www.abenex.com\/?s={search_term_string}\"},\"query-input\":{\"@type\":\"PropertyValueSpecification\",\"valueRequired\":true,\"valueName\":\"search_term_string\"}}],\"inLanguage\":\"fr-FR\"},{\"@type\":\"Organization\",\"@id\":\"https:\/\/www.abenex.com\/#organization\",\"name\":\"Abenex - Investing with purpose\",\"url\":\"https:\/\/www.abenex.com\/\",\"logo\":{\"@type\":\"ImageObject\",\"inLanguage\":\"fr-FR\",\"@id\":\"https:\/\/www.abenex.com\/#\/schema\/logo\/image\/\",\"url\":\"https:\/\/www.abenex.com\/wp-content\/uploads\/2023\/05\/FULL-LOGO-NOIR-BLEU-1.svg\",\"contentUrl\":\"https:\/\/www.abenex.com\/wp-content\/uploads\/2023\/05\/FULL-LOGO-NOIR-BLEU-1.svg\",\"width\":166,\"height\":34,\"caption\":\"Abenex - Investing with purpose\"},\"image\":{\"@id\":\"https:\/\/www.abenex.com\/#\/schema\/logo\/image\/\"}},{\"@type\":\"Person\",\"@id\":\"https:\/\/www.abenex.com\/#\/schema\/person\/fcaf61d7089f46f499def4617e8f05d5\",\"name\":\"simplypew@gmail.com\",\"image\":{\"@type\":\"ImageObject\",\"inLanguage\":\"fr-FR\",\"@id\":\"https:\/\/www.abenex.com\/#\/schema\/person\/image\/\",\"url\":\"https:\/\/secure.gravatar.com\/avatar\/f055ded7a27e879ece34280c17d058e2ba94c9b96e06787d6fbd482c26aad2bf?s=96&d=mm&r=g\",\"contentUrl\":\"https:\/\/secure.gravatar.com\/avatar\/f055ded7a27e879ece34280c17d058e2ba94c9b96e06787d6fbd482c26aad2bf?s=96&d=mm&r=g\",\"caption\":\"simplypew@gmail.com\"},\"sameAs\":[\"https:\/\/www.abenex.com\"]}]}<\/script>\n<!-- \/ Yoast SEO plugin. -->","yoast_head_json":{"title":"Les fondateurs d\u2019EDL, leader de l\u2019\u00e9dition de logiciels d\u2019imagerie m\u00e9dicale, s\u2019associent \u00e0 Abenex | Abenex","robots":{"index":"index","follow":"follow","max-snippet":"max-snippet:-1","max-image-preview":"max-image-preview:large","max-video-preview":"max-video-preview:-1"},"canonical":"https:\/\/www.abenex.com\/fr\/les-fondateurs-dedl-leader-de-ledition-de-logiciels-dimagerie-medicale-sassocient-a-abenex\/","og_locale":"fr_FR","og_type":"article","og_title":"Les fondateurs d\u2019EDL, leader de l\u2019\u00e9dition de logiciels d\u2019imagerie m\u00e9dicale, s\u2019associent \u00e0 Abenex | Abenex","og_description":"Associ\u00e9s depuis 1993 au sein d\u2019Edition et D\u00e9veloppement Logiciels (\u00ab EDL \u00bb), Jean Lordet, Alain Lopez et Jean-Louis Marx en ont fait le leader des logiciels m\u00e9tier pour les services d\u2019imagerie m\u00e9dicale \u00e0 destination de clients publics et priv\u00e9s en France. Une transition capitalistique a \u00e9t\u00e9 r\u00e9alis\u00e9e, les trois fondateurs accueillant Abenex au capital d\u2019EDL. [&hellip;]","og_url":"https:\/\/www.abenex.com\/fr\/les-fondateurs-dedl-leader-de-ledition-de-logiciels-dimagerie-medicale-sassocient-a-abenex\/","og_site_name":"Abenex","article_published_time":"2021-05-11T16:15:07+00:00","article_modified_time":"2023-11-24T08:49:04+00:00","og_image":[{"width":2560,"height":1707,"url":"https:\/\/www.abenex.com\/wp-content\/uploads\/2023\/07\/pexels-mart-production-7089020-scaled-1.jpg","type":"image\/jpeg"}],"author":"simplypew@gmail.com","twitter_card":"summary_large_image","twitter_misc":{"\u00c9crit par":"simplypew@gmail.com","Dur\u00e9e de lecture estim\u00e9e":"2 minutes"},"schema":{"@context":"https:\/\/schema.org","@graph":[{"@type":"Article","@id":"https:\/\/www.abenex.com\/fr\/les-fondateurs-dedl-leader-de-ledition-de-logiciels-dimagerie-medicale-sassocient-a-abenex\/#article","isPartOf":{"@id":"https:\/\/www.abenex.com\/fr\/les-fondateurs-dedl-leader-de-ledition-de-logiciels-dimagerie-medicale-sassocient-a-abenex\/"},"author":{"name":"simplypew@gmail.com","@id":"https:\/\/www.abenex.com\/#\/schema\/person\/fcaf61d7089f46f499def4617e8f05d5"},"headline":"Les fondateurs d\u2019EDL, leader de l\u2019\u00e9dition de logiciels d\u2019imagerie m\u00e9dicale, s\u2019associent \u00e0 Abenex","datePublished":"2021-05-11T16:15:07+00:00","dateModified":"2023-11-24T08:49:04+00:00","mainEntityOfPage":{"@id":"https:\/\/www.abenex.com\/fr\/les-fondateurs-dedl-leader-de-ledition-de-logiciels-dimagerie-medicale-sassocient-a-abenex\/"},"wordCount":445,"publisher":{"@id":"https:\/\/www.abenex.com\/#organization"},"image":{"@id":"https:\/\/www.abenex.com\/fr\/les-fondateurs-dedl-leader-de-ledition-de-logiciels-dimagerie-medicale-sassocient-a-abenex\/#primaryimage"},"thumbnailUrl":"https:\/\/www.abenex.com\/wp-content\/uploads\/2023\/07\/pexels-mart-production-7089020-scaled-1.jpg","articleSection":["Abenex","Participations"],"inLanguage":"fr-FR"},{"@type":"WebPage","@id":"https:\/\/www.abenex.com\/fr\/les-fondateurs-dedl-leader-de-ledition-de-logiciels-dimagerie-medicale-sassocient-a-abenex\/","url":"https:\/\/www.abenex.com\/fr\/les-fondateurs-dedl-leader-de-ledition-de-logiciels-dimagerie-medicale-sassocient-a-abenex\/","name":"Les fondateurs d\u2019EDL, leader de l\u2019\u00e9dition de logiciels d\u2019imagerie m\u00e9dicale, s\u2019associent \u00e0 Abenex | Abenex","isPartOf":{"@id":"https:\/\/www.abenex.com\/#website"},"primaryImageOfPage":{"@id":"https:\/\/www.abenex.com\/fr\/les-fondateurs-dedl-leader-de-ledition-de-logiciels-dimagerie-medicale-sassocient-a-abenex\/#primaryimage"},"image":{"@id":"https:\/\/www.abenex.com\/fr\/les-fondateurs-dedl-leader-de-ledition-de-logiciels-dimagerie-medicale-sassocient-a-abenex\/#primaryimage"},"thumbnailUrl":"https:\/\/www.abenex.com\/wp-content\/uploads\/2023\/07\/pexels-mart-production-7089020-scaled-1.jpg","datePublished":"2021-05-11T16:15:07+00:00","dateModified":"2023-11-24T08:49:04+00:00","breadcrumb":{"@id":"https:\/\/www.abenex.com\/fr\/les-fondateurs-dedl-leader-de-ledition-de-logiciels-dimagerie-medicale-sassocient-a-abenex\/#breadcrumb"},"inLanguage":"fr-FR","potentialAction":[{"@type":"ReadAction","target":["https:\/\/www.abenex.com\/fr\/les-fondateurs-dedl-leader-de-ledition-de-logiciels-dimagerie-medicale-sassocient-a-abenex\/"]}]},{"@type":"ImageObject","inLanguage":"fr-FR","@id":"https:\/\/www.abenex.com\/fr\/les-fondateurs-dedl-leader-de-ledition-de-logiciels-dimagerie-medicale-sassocient-a-abenex\/#primaryimage","url":"https:\/\/www.abenex.com\/wp-content\/uploads\/2023\/07\/pexels-mart-production-7089020-scaled-1.jpg","contentUrl":"https:\/\/www.abenex.com\/wp-content\/uploads\/2023\/07\/pexels-mart-production-7089020-scaled-1.jpg","width":2560,"height":1707,"caption":"Photo d'un clich\u00e9 de scanner du cerveau - EDL"},{"@type":"BreadcrumbList","@id":"https:\/\/www.abenex.com\/fr\/les-fondateurs-dedl-leader-de-ledition-de-logiciels-dimagerie-medicale-sassocient-a-abenex\/#breadcrumb","itemListElement":[{"@type":"ListItem","position":1,"name":"Accueil","item":"https:\/\/www.abenex.com\/fr\/"},{"@type":"ListItem","position":2,"name":"Les fondateurs d\u2019EDL, leader de l\u2019\u00e9dition de logiciels d\u2019imagerie m\u00e9dicale, s\u2019associent \u00e0 Abenex"}]},{"@type":"WebSite","@id":"https:\/\/www.abenex.com\/#website","url":"https:\/\/www.abenex.com\/","name":"Abenex - Investing with purpose","description":"Investing with purpose","publisher":{"@id":"https:\/\/www.abenex.com\/#organization"},"potentialAction":[{"@type":"SearchAction","target":{"@type":"EntryPoint","urlTemplate":"https:\/\/www.abenex.com\/?s={search_term_string}"},"query-input":{"@type":"PropertyValueSpecification","valueRequired":true,"valueName":"search_term_string"}}],"inLanguage":"fr-FR"},{"@type":"Organization","@id":"https:\/\/www.abenex.com\/#organization","name":"Abenex - Investing with purpose","url":"https:\/\/www.abenex.com\/","logo":{"@type":"ImageObject","inLanguage":"fr-FR","@id":"https:\/\/www.abenex.com\/#\/schema\/logo\/image\/","url":"https:\/\/www.abenex.com\/wp-content\/uploads\/2023\/05\/FULL-LOGO-NOIR-BLEU-1.svg","contentUrl":"https:\/\/www.abenex.com\/wp-content\/uploads\/2023\/05\/FULL-LOGO-NOIR-BLEU-1.svg","width":166,"height":34,"caption":"Abenex - Investing with purpose"},"image":{"@id":"https:\/\/www.abenex.com\/#\/schema\/logo\/image\/"}},{"@type":"Person","@id":"https:\/\/www.abenex.com\/#\/schema\/person\/fcaf61d7089f46f499def4617e8f05d5","name":"simplypew@gmail.com","image":{"@type":"ImageObject","inLanguage":"fr-FR","@id":"https:\/\/www.abenex.com\/#\/schema\/person\/image\/","url":"https:\/\/secure.gravatar.com\/avatar\/f055ded7a27e879ece34280c17d058e2ba94c9b96e06787d6fbd482c26aad2bf?s=96&d=mm&r=g","contentUrl":"https:\/\/secure.gravatar.com\/avatar\/f055ded7a27e879ece34280c17d058e2ba94c9b96e06787d6fbd482c26aad2bf?s=96&d=mm&r=g","caption":"simplypew@gmail.com"},"sameAs":["https:\/\/www.abenex.com"]}]}},"_links":{"self":[{"href":"https:\/\/www.abenex.com\/fr\/wp-json\/wp\/v2\/posts\/6526","targetHints":{"allow":["GET"]}}],"collection":[{"href":"https:\/\/www.abenex.com\/fr\/wp-json\/wp\/v2\/posts"}],"about":[{"href":"https:\/\/www.abenex.com\/fr\/wp-json\/wp\/v2\/types\/post"}],"author":[{"embeddable":true,"href":"https:\/\/www.abenex.com\/fr\/wp-json\/wp\/v2\/users\/1"}],"replies":[{"embeddable":true,"href":"https:\/\/www.abenex.com\/fr\/wp-json\/wp\/v2\/comments?post=6526"}],"version-history":[{"count":1,"href":"https:\/\/www.abenex.com\/fr\/wp-json\/wp\/v2\/posts\/6526\/revisions"}],"predecessor-version":[{"id":6761,"href":"https:\/\/www.abenex.com\/fr\/wp-json\/wp\/v2\/posts\/6526\/revisions\/6761"}],"wp:featuredmedia":[{"embeddable":true,"href":"https:\/\/www.abenex.com\/fr\/wp-json\/wp\/v2\/media\/6762"}],"wp:attachment":[{"href":"https:\/\/www.abenex.com\/fr\/wp-json\/wp\/v2\/media?parent=6526"}],"wp:term":[{"taxonomy":"category","embeddable":true,"href":"https:\/\/www.abenex.com\/fr\/wp-json\/wp\/v2\/categories?post=6526"},{"taxonomy":"post_tag","embeddable":true,"href":"https:\/\/www.abenex.com\/fr\/wp-json\/wp\/v2\/tags?post=6526"}],"curies":[{"name":"wp","href":"https:\/\/api.w.org\/{rel}","templated":true}]}}