    
{"id":6528,"date":"2021-06-28T16:31:50","date_gmt":"2021-06-28T14:31:50","guid":{"rendered":"https:\/\/www.abenex.com\/antonio-catalli-rejoint-abenex-comme-manager\/"},"modified":"2023-11-22T10:54:25","modified_gmt":"2023-11-22T09:54:25","slug":"antonio-catalli-rejoint-abenex-comme-manager","status":"publish","type":"post","link":"https:\/\/www.abenex.com\/fr\/antonio-catalli-rejoint-abenex-comme-manager\/","title":{"rendered":"Antonio Catalli rejoint Abenex comme Manager"},"content":{"rendered":"\r\n<p>Antonio Catalli rejoint Abenex en tant que Manager au sein de l\u2019\u00e9quipe Mid-Caps.<\/p>\r\n\r\n\r\n\r\n<p>Dipl\u00f4m\u00e9 de l\u2019ESCP Business School (Paris et Londres), il dispose de huit ann\u00e9es d\u2019exp\u00e9rience dans l\u2019univers du M&amp;A et de l\u2019investissement. Il a la double nationalit\u00e9, fran\u00e7aise et italienne.<\/p>\r\n\r\n\r\n\r\n<p>Antonio a d\u00e9but\u00e9 sa carri\u00e8re en M&amp;A chez J.P. Morgan \u00e0 Londres, o\u00f9 il avait un coverage g\u00e9n\u00e9raliste sur l\u2019ensemble du territoire EMEA (Europe, Middle-East, Africa). Il a particip\u00e9 \u00e0 plusieurs op\u00e9rations dans divers secteurs impliquant grandes entreprises et fonds d\u2019investissements internationaux. Il a \u00e9galement pass\u00e9 un an en M&amp;A chez Rothschild \u00e0 Paris, o\u00f9 il a eu l\u2019occasion de travailler \u00e0 la fois pour des grands comptes et des fonds d\u2019investissement fran\u00e7ais.<\/p>\r\n\r\n\r\n\r\n<p>Avant de rejoindre Abenex, il a eu une exp\u00e9rience d\u2019investisseur dans un fonds entrepreneurial \u00e0 Londres ayant pour vocation d\u2019accompagner des PME \u00e0 fort potentiel dans leur parcours de croissance, surtout \u00e0 l\u2019international. Il avait notamment un focus sur l\u2019Europe du sud, particuli\u00e8rement sur l\u2019Italie.<\/p>\r\n\r\n\r\n\r\n<p>Antonio parle fran\u00e7ais, italien, anglais et espagnol.<\/p>\r\n","protected":false},"excerpt":{"rendered":"<p>Antonio Catalli rejoint Abenex en tant que Manager au sein de l\u2019\u00e9quipe Mid-Caps. Dipl\u00f4m\u00e9 de l\u2019ESCP Business School (Paris et Londres), il dispose de huit ann\u00e9es d\u2019exp\u00e9rience dans l\u2019univers du M&amp;A et de l\u2019investissement. Il a la double nationalit\u00e9, fran\u00e7aise et italienne. Antonio a d\u00e9but\u00e9 sa carri\u00e8re en M&amp;A chez J.P. Morgan \u00e0 Londres, o\u00f9 [&hellip;]<\/p>\n","protected":false},"author":1,"featured_media":8816,"comment_status":"closed","ping_status":"closed","sticky":false,"template":"","format":"standard","meta":{"footnotes":""},"categories":[30],"tags":[],"class_list":["post-6528","post","type-post","status-publish","format-standard","has-post-thumbnail","hentry","category-equipe-abenex"],"acf":[],"yoast_head":"<!-- This site is optimized with the Yoast SEO plugin v27.1.1 - https:\/\/yoast.com\/product\/yoast-seo-wordpress\/ -->\n<title>Antonio Catalli rejoint Abenex comme Manager | Abenex<\/title>\n<meta name=\"robots\" content=\"index, follow, max-snippet:-1, max-image-preview:large, max-video-preview:-1\" \/>\n<link rel=\"canonical\" href=\"https:\/\/www.abenex.com\/fr\/antonio-catalli-rejoint-abenex-comme-manager\/\" \/>\n<meta property=\"og:locale\" content=\"fr_FR\" \/>\n<meta property=\"og:type\" content=\"article\" \/>\n<meta property=\"og:title\" content=\"Antonio Catalli rejoint Abenex comme Manager | Abenex\" \/>\n<meta property=\"og:description\" content=\"Antonio Catalli rejoint Abenex en tant que Manager au sein de l\u2019\u00e9quipe Mid-Caps. Dipl\u00f4m\u00e9 de l\u2019ESCP Business School (Paris et Londres), il dispose de huit ann\u00e9es d\u2019exp\u00e9rience dans l\u2019univers du M&amp;A et de l\u2019investissement. Il a la double nationalit\u00e9, fran\u00e7aise et italienne. Antonio a d\u00e9but\u00e9 sa carri\u00e8re en M&amp;A chez J.P. Morgan \u00e0 Londres, o\u00f9 [&hellip;]\" \/>\n<meta property=\"og:url\" content=\"https:\/\/www.abenex.com\/fr\/antonio-catalli-rejoint-abenex-comme-manager\/\" \/>\n<meta property=\"og:site_name\" content=\"Abenex\" \/>\n<meta property=\"article:published_time\" content=\"2021-06-28T14:31:50+00:00\" \/>\n<meta property=\"article:modified_time\" content=\"2023-11-22T09:54:25+00:00\" \/>\n<meta property=\"og:image\" content=\"https:\/\/www.abenex.com\/wp-content\/uploads\/2023\/06\/CATALLI-Antonio.jpg\" \/>\n\t<meta property=\"og:image:width\" content=\"1024\" \/>\n\t<meta property=\"og:image:height\" content=\"683\" \/>\n\t<meta property=\"og:image:type\" content=\"image\/jpeg\" \/>\n<meta name=\"author\" content=\"simplypew@gmail.com\" \/>\n<meta name=\"twitter:card\" content=\"summary_large_image\" \/>\n<meta name=\"twitter:label1\" content=\"\u00c9crit par\" \/>\n\t<meta name=\"twitter:data1\" content=\"simplypew@gmail.com\" \/>\n\t<meta name=\"twitter:label2\" content=\"Dur\u00e9e de lecture estim\u00e9e\" \/>\n\t<meta name=\"twitter:data2\" content=\"1 minute\" \/>\n<script type=\"application\/ld+json\" class=\"yoast-schema-graph\">{\"@context\":\"https:\/\/schema.org\",\"@graph\":[{\"@type\":\"Article\",\"@id\":\"https:\/\/www.abenex.com\/fr\/antonio-catalli-rejoint-abenex-comme-manager\/#article\",\"isPartOf\":{\"@id\":\"https:\/\/www.abenex.com\/fr\/antonio-catalli-rejoint-abenex-comme-manager\/\"},\"author\":{\"name\":\"simplypew@gmail.com\",\"@id\":\"https:\/\/www.abenex.com\/#\/schema\/person\/fcaf61d7089f46f499def4617e8f05d5\"},\"headline\":\"Antonio Catalli rejoint Abenex comme Manager\",\"datePublished\":\"2021-06-28T14:31:50+00:00\",\"dateModified\":\"2023-11-22T09:54:25+00:00\",\"mainEntityOfPage\":{\"@id\":\"https:\/\/www.abenex.com\/fr\/antonio-catalli-rejoint-abenex-comme-manager\/\"},\"wordCount\":200,\"publisher\":{\"@id\":\"https:\/\/www.abenex.com\/#organization\"},\"image\":{\"@id\":\"https:\/\/www.abenex.com\/fr\/antonio-catalli-rejoint-abenex-comme-manager\/#primaryimage\"},\"thumbnailUrl\":\"https:\/\/www.abenex.com\/wp-content\/uploads\/2023\/06\/CATALLI-Antonio.jpg\",\"articleSection\":[\"\u00c9quipe\"],\"inLanguage\":\"fr-FR\"},{\"@type\":\"WebPage\",\"@id\":\"https:\/\/www.abenex.com\/fr\/antonio-catalli-rejoint-abenex-comme-manager\/\",\"url\":\"https:\/\/www.abenex.com\/fr\/antonio-catalli-rejoint-abenex-comme-manager\/\",\"name\":\"Antonio Catalli rejoint Abenex comme Manager | Abenex\",\"isPartOf\":{\"@id\":\"https:\/\/www.abenex.com\/#website\"},\"primaryImageOfPage\":{\"@id\":\"https:\/\/www.abenex.com\/fr\/antonio-catalli-rejoint-abenex-comme-manager\/#primaryimage\"},\"image\":{\"@id\":\"https:\/\/www.abenex.com\/fr\/antonio-catalli-rejoint-abenex-comme-manager\/#primaryimage\"},\"thumbnailUrl\":\"https:\/\/www.abenex.com\/wp-content\/uploads\/2023\/06\/CATALLI-Antonio.jpg\",\"datePublished\":\"2021-06-28T14:31:50+00:00\",\"dateModified\":\"2023-11-22T09:54:25+00:00\",\"breadcrumb\":{\"@id\":\"https:\/\/www.abenex.com\/fr\/antonio-catalli-rejoint-abenex-comme-manager\/#breadcrumb\"},\"inLanguage\":\"fr-FR\",\"potentialAction\":[{\"@type\":\"ReadAction\",\"target\":[\"https:\/\/www.abenex.com\/fr\/antonio-catalli-rejoint-abenex-comme-manager\/\"]}]},{\"@type\":\"ImageObject\",\"inLanguage\":\"fr-FR\",\"@id\":\"https:\/\/www.abenex.com\/fr\/antonio-catalli-rejoint-abenex-comme-manager\/#primaryimage\",\"url\":\"https:\/\/www.abenex.com\/wp-content\/uploads\/2023\/06\/CATALLI-Antonio.jpg\",\"contentUrl\":\"https:\/\/www.abenex.com\/wp-content\/uploads\/2023\/06\/CATALLI-Antonio.jpg\",\"width\":1024,\"height\":683,\"caption\":\"Photo d'Antonio CATALLI\"},{\"@type\":\"BreadcrumbList\",\"@id\":\"https:\/\/www.abenex.com\/fr\/antonio-catalli-rejoint-abenex-comme-manager\/#breadcrumb\",\"itemListElement\":[{\"@type\":\"ListItem\",\"position\":1,\"name\":\"Accueil\",\"item\":\"https:\/\/www.abenex.com\/fr\/\"},{\"@type\":\"ListItem\",\"position\":2,\"name\":\"Antonio Catalli rejoint Abenex comme Manager\"}]},{\"@type\":\"WebSite\",\"@id\":\"https:\/\/www.abenex.com\/#website\",\"url\":\"https:\/\/www.abenex.com\/\",\"name\":\"Abenex - Investing with purpose\",\"description\":\"Investing with purpose\",\"publisher\":{\"@id\":\"https:\/\/www.abenex.com\/#organization\"},\"potentialAction\":[{\"@type\":\"SearchAction\",\"target\":{\"@type\":\"EntryPoint\",\"urlTemplate\":\"https:\/\/www.abenex.com\/?s={search_term_string}\"},\"query-input\":{\"@type\":\"PropertyValueSpecification\",\"valueRequired\":true,\"valueName\":\"search_term_string\"}}],\"inLanguage\":\"fr-FR\"},{\"@type\":\"Organization\",\"@id\":\"https:\/\/www.abenex.com\/#organization\",\"name\":\"Abenex - Investing with purpose\",\"url\":\"https:\/\/www.abenex.com\/\",\"logo\":{\"@type\":\"ImageObject\",\"inLanguage\":\"fr-FR\",\"@id\":\"https:\/\/www.abenex.com\/#\/schema\/logo\/image\/\",\"url\":\"https:\/\/www.abenex.com\/wp-content\/uploads\/2023\/05\/FULL-LOGO-NOIR-BLEU-1.svg\",\"contentUrl\":\"https:\/\/www.abenex.com\/wp-content\/uploads\/2023\/05\/FULL-LOGO-NOIR-BLEU-1.svg\",\"width\":166,\"height\":34,\"caption\":\"Abenex - Investing with purpose\"},\"image\":{\"@id\":\"https:\/\/www.abenex.com\/#\/schema\/logo\/image\/\"}},{\"@type\":\"Person\",\"@id\":\"https:\/\/www.abenex.com\/#\/schema\/person\/fcaf61d7089f46f499def4617e8f05d5\",\"name\":\"simplypew@gmail.com\",\"image\":{\"@type\":\"ImageObject\",\"inLanguage\":\"fr-FR\",\"@id\":\"https:\/\/www.abenex.com\/#\/schema\/person\/image\/\",\"url\":\"https:\/\/secure.gravatar.com\/avatar\/f055ded7a27e879ece34280c17d058e2ba94c9b96e06787d6fbd482c26aad2bf?s=96&d=mm&r=g\",\"contentUrl\":\"https:\/\/secure.gravatar.com\/avatar\/f055ded7a27e879ece34280c17d058e2ba94c9b96e06787d6fbd482c26aad2bf?s=96&d=mm&r=g\",\"caption\":\"simplypew@gmail.com\"},\"sameAs\":[\"https:\/\/www.abenex.com\"]}]}<\/script>\n<!-- \/ Yoast SEO plugin. -->","yoast_head_json":{"title":"Antonio Catalli rejoint Abenex comme Manager | Abenex","robots":{"index":"index","follow":"follow","max-snippet":"max-snippet:-1","max-image-preview":"max-image-preview:large","max-video-preview":"max-video-preview:-1"},"canonical":"https:\/\/www.abenex.com\/fr\/antonio-catalli-rejoint-abenex-comme-manager\/","og_locale":"fr_FR","og_type":"article","og_title":"Antonio Catalli rejoint Abenex comme Manager | Abenex","og_description":"Antonio Catalli rejoint Abenex en tant que Manager au sein de l\u2019\u00e9quipe Mid-Caps. Dipl\u00f4m\u00e9 de l\u2019ESCP Business School (Paris et Londres), il dispose de huit ann\u00e9es d\u2019exp\u00e9rience dans l\u2019univers du M&amp;A et de l\u2019investissement. Il a la double nationalit\u00e9, fran\u00e7aise et italienne. Antonio a d\u00e9but\u00e9 sa carri\u00e8re en M&amp;A chez J.P. Morgan \u00e0 Londres, o\u00f9 [&hellip;]","og_url":"https:\/\/www.abenex.com\/fr\/antonio-catalli-rejoint-abenex-comme-manager\/","og_site_name":"Abenex","article_published_time":"2021-06-28T14:31:50+00:00","article_modified_time":"2023-11-22T09:54:25+00:00","og_image":[{"width":1024,"height":683,"url":"https:\/\/www.abenex.com\/wp-content\/uploads\/2023\/06\/CATALLI-Antonio.jpg","type":"image\/jpeg"}],"author":"simplypew@gmail.com","twitter_card":"summary_large_image","twitter_misc":{"\u00c9crit par":"simplypew@gmail.com","Dur\u00e9e de lecture estim\u00e9e":"1 minute"},"schema":{"@context":"https:\/\/schema.org","@graph":[{"@type":"Article","@id":"https:\/\/www.abenex.com\/fr\/antonio-catalli-rejoint-abenex-comme-manager\/#article","isPartOf":{"@id":"https:\/\/www.abenex.com\/fr\/antonio-catalli-rejoint-abenex-comme-manager\/"},"author":{"name":"simplypew@gmail.com","@id":"https:\/\/www.abenex.com\/#\/schema\/person\/fcaf61d7089f46f499def4617e8f05d5"},"headline":"Antonio Catalli rejoint Abenex comme Manager","datePublished":"2021-06-28T14:31:50+00:00","dateModified":"2023-11-22T09:54:25+00:00","mainEntityOfPage":{"@id":"https:\/\/www.abenex.com\/fr\/antonio-catalli-rejoint-abenex-comme-manager\/"},"wordCount":200,"publisher":{"@id":"https:\/\/www.abenex.com\/#organization"},"image":{"@id":"https:\/\/www.abenex.com\/fr\/antonio-catalli-rejoint-abenex-comme-manager\/#primaryimage"},"thumbnailUrl":"https:\/\/www.abenex.com\/wp-content\/uploads\/2023\/06\/CATALLI-Antonio.jpg","articleSection":["\u00c9quipe"],"inLanguage":"fr-FR"},{"@type":"WebPage","@id":"https:\/\/www.abenex.com\/fr\/antonio-catalli-rejoint-abenex-comme-manager\/","url":"https:\/\/www.abenex.com\/fr\/antonio-catalli-rejoint-abenex-comme-manager\/","name":"Antonio Catalli rejoint Abenex comme Manager | Abenex","isPartOf":{"@id":"https:\/\/www.abenex.com\/#website"},"primaryImageOfPage":{"@id":"https:\/\/www.abenex.com\/fr\/antonio-catalli-rejoint-abenex-comme-manager\/#primaryimage"},"image":{"@id":"https:\/\/www.abenex.com\/fr\/antonio-catalli-rejoint-abenex-comme-manager\/#primaryimage"},"thumbnailUrl":"https:\/\/www.abenex.com\/wp-content\/uploads\/2023\/06\/CATALLI-Antonio.jpg","datePublished":"2021-06-28T14:31:50+00:00","dateModified":"2023-11-22T09:54:25+00:00","breadcrumb":{"@id":"https:\/\/www.abenex.com\/fr\/antonio-catalli-rejoint-abenex-comme-manager\/#breadcrumb"},"inLanguage":"fr-FR","potentialAction":[{"@type":"ReadAction","target":["https:\/\/www.abenex.com\/fr\/antonio-catalli-rejoint-abenex-comme-manager\/"]}]},{"@type":"ImageObject","inLanguage":"fr-FR","@id":"https:\/\/www.abenex.com\/fr\/antonio-catalli-rejoint-abenex-comme-manager\/#primaryimage","url":"https:\/\/www.abenex.com\/wp-content\/uploads\/2023\/06\/CATALLI-Antonio.jpg","contentUrl":"https:\/\/www.abenex.com\/wp-content\/uploads\/2023\/06\/CATALLI-Antonio.jpg","width":1024,"height":683,"caption":"Photo d'Antonio CATALLI"},{"@type":"BreadcrumbList","@id":"https:\/\/www.abenex.com\/fr\/antonio-catalli-rejoint-abenex-comme-manager\/#breadcrumb","itemListElement":[{"@type":"ListItem","position":1,"name":"Accueil","item":"https:\/\/www.abenex.com\/fr\/"},{"@type":"ListItem","position":2,"name":"Antonio Catalli rejoint Abenex comme Manager"}]},{"@type":"WebSite","@id":"https:\/\/www.abenex.com\/#website","url":"https:\/\/www.abenex.com\/","name":"Abenex - Investing with purpose","description":"Investing with purpose","publisher":{"@id":"https:\/\/www.abenex.com\/#organization"},"potentialAction":[{"@type":"SearchAction","target":{"@type":"EntryPoint","urlTemplate":"https:\/\/www.abenex.com\/?s={search_term_string}"},"query-input":{"@type":"PropertyValueSpecification","valueRequired":true,"valueName":"search_term_string"}}],"inLanguage":"fr-FR"},{"@type":"Organization","@id":"https:\/\/www.abenex.com\/#organization","name":"Abenex - Investing with purpose","url":"https:\/\/www.abenex.com\/","logo":{"@type":"ImageObject","inLanguage":"fr-FR","@id":"https:\/\/www.abenex.com\/#\/schema\/logo\/image\/","url":"https:\/\/www.abenex.com\/wp-content\/uploads\/2023\/05\/FULL-LOGO-NOIR-BLEU-1.svg","contentUrl":"https:\/\/www.abenex.com\/wp-content\/uploads\/2023\/05\/FULL-LOGO-NOIR-BLEU-1.svg","width":166,"height":34,"caption":"Abenex - Investing with purpose"},"image":{"@id":"https:\/\/www.abenex.com\/#\/schema\/logo\/image\/"}},{"@type":"Person","@id":"https:\/\/www.abenex.com\/#\/schema\/person\/fcaf61d7089f46f499def4617e8f05d5","name":"simplypew@gmail.com","image":{"@type":"ImageObject","inLanguage":"fr-FR","@id":"https:\/\/www.abenex.com\/#\/schema\/person\/image\/","url":"https:\/\/secure.gravatar.com\/avatar\/f055ded7a27e879ece34280c17d058e2ba94c9b96e06787d6fbd482c26aad2bf?s=96&d=mm&r=g","contentUrl":"https:\/\/secure.gravatar.com\/avatar\/f055ded7a27e879ece34280c17d058e2ba94c9b96e06787d6fbd482c26aad2bf?s=96&d=mm&r=g","caption":"simplypew@gmail.com"},"sameAs":["https:\/\/www.abenex.com"]}]}},"_links":{"self":[{"href":"https:\/\/www.abenex.com\/fr\/wp-json\/wp\/v2\/posts\/6528","targetHints":{"allow":["GET"]}}],"collection":[{"href":"https:\/\/www.abenex.com\/fr\/wp-json\/wp\/v2\/posts"}],"about":[{"href":"https:\/\/www.abenex.com\/fr\/wp-json\/wp\/v2\/types\/post"}],"author":[{"embeddable":true,"href":"https:\/\/www.abenex.com\/fr\/wp-json\/wp\/v2\/users\/1"}],"replies":[{"embeddable":true,"href":"https:\/\/www.abenex.com\/fr\/wp-json\/wp\/v2\/comments?post=6528"}],"version-history":[{"count":1,"href":"https:\/\/www.abenex.com\/fr\/wp-json\/wp\/v2\/posts\/6528\/revisions"}],"predecessor-version":[{"id":6765,"href":"https:\/\/www.abenex.com\/fr\/wp-json\/wp\/v2\/posts\/6528\/revisions\/6765"}],"wp:featuredmedia":[{"embeddable":true,"href":"https:\/\/www.abenex.com\/fr\/wp-json\/wp\/v2\/media\/8816"}],"wp:attachment":[{"href":"https:\/\/www.abenex.com\/fr\/wp-json\/wp\/v2\/media?parent=6528"}],"wp:term":[{"taxonomy":"category","embeddable":true,"href":"https:\/\/www.abenex.com\/fr\/wp-json\/wp\/v2\/categories?post=6528"},{"taxonomy":"post_tag","embeddable":true,"href":"https:\/\/www.abenex.com\/fr\/wp-json\/wp\/v2\/tags?post=6528"}],"curies":[{"name":"wp","href":"https:\/\/api.w.org\/{rel}","templated":true}]}}