    
{"id":6535,"date":"2021-11-05T14:05:20","date_gmt":"2021-11-05T13:05:20","guid":{"rendered":"https:\/\/www.abenex.com\/abenex-renforce-son-engagement-esg-et-publie-son-premier-rapport-rse\/"},"modified":"2023-11-30T15:31:59","modified_gmt":"2023-11-30T14:31:59","slug":"abenex-renforce-son-engagement-esg-et-publie-son-premier-rapport-rse","status":"publish","type":"post","link":"https:\/\/www.abenex.com\/fr\/abenex-renforce-son-engagement-esg-et-publie-son-premier-rapport-rse\/","title":{"rendered":"Abenex renforce son engagement ESG et publie son premier rapport RSE"},"content":{"rendered":"\r\n<p>Abenex annonce la publication de son premier Rapport RSE, mettant l&rsquo;accent sur ses performances ESG (Environnementales, Sociales et de Gouvernance) ainsi que sur celles des soci\u00e9t\u00e9s de son portefeuille, soulignant ainsi son engagement pour un avenir plus durable.<\/p>\r\n\r\n\r\n\r\n<p>A la conf\u00e9rence internationale sur le climat (COP26), les Nations Unis ont alert\u00e9 que les engagements r\u00e9els des Etats restent largement insuffisants et que cela pourrait conduire \u00e0 une augmentation de 2,7 \u00b0C de la temp\u00e9rature moyenne mondiale, g\u00e9n\u00e9rant un changement climatique catastrophique, accompagn\u00e9 de s\u00e9cheresses plus fr\u00e9quentes et plus longues, et de pr\u00e9cipitations plus intenses, affectant presque toutes les r\u00e9gions du monde. En tant qu&rsquo;investisseur responsable, Abenex comprend l&rsquo;importance de limiter l&rsquo;impact climatique de ses op\u00e9rations. Abenex agit concr\u00e8tement avec son \u00e9cosyst\u00e8me de soci\u00e9t\u00e9s en portefeuille en d\u00e9finissant des plans d&rsquo;action ESG personnalis\u00e9s pour chacun de ses investissements, et en suivant chaque ann\u00e9e des objectifs ESG.<\/p>\r\n\r\n\r\n\r\n<p>Ce rapport inaugural illustre la volont\u00e9 d&rsquo;Abenex de partager publiquement des donn\u00e9es extra-financi\u00e8res de mani\u00e8re transparente tels ses processus, indicateurs de performance et progr\u00e8s ESG, et d\u2019impacter positivement les soci\u00e9t\u00e9s de son portefeuille et toutes ses parties prenantes.<\/p>\r\n\r\n\r\n\r\n<p>Vous pouvez t\u00e9l\u00e9charger le rapport <a href=\"https:\/\/www.abenex.com\/wp-content\/uploads\/2021\/11\/Sustainability-Report-.pdf\" target=\"_blank\" rel=\"noreferrer noopener\">ici<\/a>.<\/p>\r\n\r\n\r\n\r\n<p>Le Comit\u00e9 ESG d&rsquo;Abenex vous souhaite une bonne lecture du rapport.<\/p>\r\n\r\n\r\n\r\n<p>Pour toutes questions, n&rsquo;h\u00e9sitez pas \u00e0 contacter Sandra Pekle, Responsable RSE (sandra.pekle@abenex.com).<\/p>\r\n\r\n\r\n\r\n<div class=\"wp-block-image\">\r\n<figure class=\"aligncenter size-full\"><img decoding=\"async\" class=\"wp-image-3931\" src=\"https:\/\/www.abenex.com\/wp-content\/uploads\/2021\/11\/Abenex-Sustainability-report-image-2-.png\" alt=\"Abenex Sustainability report image 2\" \/><\/figure>\r\n<\/div>\r\n","protected":false},"excerpt":{"rendered":"<p>Abenex annonce la publication de son premier Rapport RSE, mettant l&rsquo;accent sur ses performances ESG (Environnementales, Sociales et de Gouvernance) ainsi que sur celles des soci\u00e9t\u00e9s de son portefeuille, soulignant ainsi son engagement pour un avenir plus durable. A la conf\u00e9rence internationale sur le climat (COP26), les Nations Unis ont alert\u00e9 que les engagements r\u00e9els [&hellip;]<\/p>\n","protected":false},"author":1,"featured_media":11909,"comment_status":"closed","ping_status":"closed","sticky":false,"template":"","format":"standard","meta":{"footnotes":""},"categories":[105,104],"tags":[],"class_list":["post-6535","post","type-post","status-publish","format-standard","has-post-thumbnail","hentry","category-abenex","category-durabilite"],"acf":[],"yoast_head":"<!-- This site is optimized with the Yoast SEO plugin v27.1.1 - https:\/\/yoast.com\/product\/yoast-seo-wordpress\/ -->\n<title>Abenex renforce son engagement ESG et publie son premier rapport RSE | Abenex<\/title>\n<meta name=\"robots\" content=\"index, follow, max-snippet:-1, max-image-preview:large, max-video-preview:-1\" \/>\n<link rel=\"canonical\" href=\"https:\/\/www.abenex.com\/fr\/abenex-renforce-son-engagement-esg-et-publie-son-premier-rapport-rse\/\" \/>\n<meta property=\"og:locale\" content=\"fr_FR\" \/>\n<meta property=\"og:type\" content=\"article\" \/>\n<meta property=\"og:title\" content=\"Abenex renforce son engagement ESG et publie son premier rapport RSE | Abenex\" \/>\n<meta property=\"og:description\" content=\"Abenex annonce la publication de son premier Rapport RSE, mettant l&rsquo;accent sur ses performances ESG (Environnementales, Sociales et de Gouvernance) ainsi que sur celles des soci\u00e9t\u00e9s de son portefeuille, soulignant ainsi son engagement pour un avenir plus durable. A la conf\u00e9rence internationale sur le climat (COP26), les Nations Unis ont alert\u00e9 que les engagements r\u00e9els [&hellip;]\" \/>\n<meta property=\"og:url\" content=\"https:\/\/www.abenex.com\/fr\/abenex-renforce-son-engagement-esg-et-publie-son-premier-rapport-rse\/\" \/>\n<meta property=\"og:site_name\" content=\"Abenex\" \/>\n<meta property=\"article:published_time\" content=\"2021-11-05T13:05:20+00:00\" \/>\n<meta property=\"article:modified_time\" content=\"2023-11-30T14:31:59+00:00\" \/>\n<meta property=\"og:image\" content=\"https:\/\/www.abenex.com\/wp-content\/uploads\/2021\/11\/1.png\" \/>\n\t<meta property=\"og:image:width\" content=\"382\" \/>\n\t<meta property=\"og:image:height\" content=\"385\" \/>\n\t<meta property=\"og:image:type\" content=\"image\/png\" \/>\n<meta name=\"author\" content=\"simplypew@gmail.com\" \/>\n<meta name=\"twitter:card\" content=\"summary_large_image\" \/>\n<meta name=\"twitter:label1\" content=\"\u00c9crit par\" \/>\n\t<meta name=\"twitter:data1\" content=\"simplypew@gmail.com\" \/>\n\t<meta name=\"twitter:label2\" content=\"Dur\u00e9e de lecture estim\u00e9e\" \/>\n\t<meta name=\"twitter:data2\" content=\"2 minutes\" \/>\n<script type=\"application\/ld+json\" class=\"yoast-schema-graph\">{\"@context\":\"https:\/\/schema.org\",\"@graph\":[{\"@type\":\"Article\",\"@id\":\"https:\/\/www.abenex.com\/fr\/abenex-renforce-son-engagement-esg-et-publie-son-premier-rapport-rse\/#article\",\"isPartOf\":{\"@id\":\"https:\/\/www.abenex.com\/fr\/abenex-renforce-son-engagement-esg-et-publie-son-premier-rapport-rse\/\"},\"author\":{\"name\":\"simplypew@gmail.com\",\"@id\":\"https:\/\/www.abenex.com\/#\/schema\/person\/fcaf61d7089f46f499def4617e8f05d5\"},\"headline\":\"Abenex renforce son engagement ESG et publie son premier rapport RSE\",\"datePublished\":\"2021-11-05T13:05:20+00:00\",\"dateModified\":\"2023-11-30T14:31:59+00:00\",\"mainEntityOfPage\":{\"@id\":\"https:\/\/www.abenex.com\/fr\/abenex-renforce-son-engagement-esg-et-publie-son-premier-rapport-rse\/\"},\"wordCount\":252,\"publisher\":{\"@id\":\"https:\/\/www.abenex.com\/#organization\"},\"image\":{\"@id\":\"https:\/\/www.abenex.com\/fr\/abenex-renforce-son-engagement-esg-et-publie-son-premier-rapport-rse\/#primaryimage\"},\"thumbnailUrl\":\"https:\/\/www.abenex.com\/wp-content\/uploads\/2021\/11\/1.png\",\"articleSection\":[\"Abenex\",\"Durabilit\u00e9\"],\"inLanguage\":\"fr-FR\"},{\"@type\":\"WebPage\",\"@id\":\"https:\/\/www.abenex.com\/fr\/abenex-renforce-son-engagement-esg-et-publie-son-premier-rapport-rse\/\",\"url\":\"https:\/\/www.abenex.com\/fr\/abenex-renforce-son-engagement-esg-et-publie-son-premier-rapport-rse\/\",\"name\":\"Abenex renforce son engagement ESG et publie son premier rapport RSE | Abenex\",\"isPartOf\":{\"@id\":\"https:\/\/www.abenex.com\/#website\"},\"primaryImageOfPage\":{\"@id\":\"https:\/\/www.abenex.com\/fr\/abenex-renforce-son-engagement-esg-et-publie-son-premier-rapport-rse\/#primaryimage\"},\"image\":{\"@id\":\"https:\/\/www.abenex.com\/fr\/abenex-renforce-son-engagement-esg-et-publie-son-premier-rapport-rse\/#primaryimage\"},\"thumbnailUrl\":\"https:\/\/www.abenex.com\/wp-content\/uploads\/2021\/11\/1.png\",\"datePublished\":\"2021-11-05T13:05:20+00:00\",\"dateModified\":\"2023-11-30T14:31:59+00:00\",\"breadcrumb\":{\"@id\":\"https:\/\/www.abenex.com\/fr\/abenex-renforce-son-engagement-esg-et-publie-son-premier-rapport-rse\/#breadcrumb\"},\"inLanguage\":\"fr-FR\",\"potentialAction\":[{\"@type\":\"ReadAction\",\"target\":[\"https:\/\/www.abenex.com\/fr\/abenex-renforce-son-engagement-esg-et-publie-son-premier-rapport-rse\/\"]}]},{\"@type\":\"ImageObject\",\"inLanguage\":\"fr-FR\",\"@id\":\"https:\/\/www.abenex.com\/fr\/abenex-renforce-son-engagement-esg-et-publie-son-premier-rapport-rse\/#primaryimage\",\"url\":\"https:\/\/www.abenex.com\/wp-content\/uploads\/2021\/11\/1.png\",\"contentUrl\":\"https:\/\/www.abenex.com\/wp-content\/uploads\/2021\/11\/1.png\",\"width\":382,\"height\":385,\"caption\":\"Abenex Sustainability report 2021\"},{\"@type\":\"BreadcrumbList\",\"@id\":\"https:\/\/www.abenex.com\/fr\/abenex-renforce-son-engagement-esg-et-publie-son-premier-rapport-rse\/#breadcrumb\",\"itemListElement\":[{\"@type\":\"ListItem\",\"position\":1,\"name\":\"Accueil\",\"item\":\"https:\/\/www.abenex.com\/fr\/\"},{\"@type\":\"ListItem\",\"position\":2,\"name\":\"Abenex renforce son engagement ESG et publie son premier rapport RSE\"}]},{\"@type\":\"WebSite\",\"@id\":\"https:\/\/www.abenex.com\/#website\",\"url\":\"https:\/\/www.abenex.com\/\",\"name\":\"Abenex - Investing with purpose\",\"description\":\"Investing with purpose\",\"publisher\":{\"@id\":\"https:\/\/www.abenex.com\/#organization\"},\"potentialAction\":[{\"@type\":\"SearchAction\",\"target\":{\"@type\":\"EntryPoint\",\"urlTemplate\":\"https:\/\/www.abenex.com\/?s={search_term_string}\"},\"query-input\":{\"@type\":\"PropertyValueSpecification\",\"valueRequired\":true,\"valueName\":\"search_term_string\"}}],\"inLanguage\":\"fr-FR\"},{\"@type\":\"Organization\",\"@id\":\"https:\/\/www.abenex.com\/#organization\",\"name\":\"Abenex - Investing with purpose\",\"url\":\"https:\/\/www.abenex.com\/\",\"logo\":{\"@type\":\"ImageObject\",\"inLanguage\":\"fr-FR\",\"@id\":\"https:\/\/www.abenex.com\/#\/schema\/logo\/image\/\",\"url\":\"https:\/\/www.abenex.com\/wp-content\/uploads\/2023\/05\/FULL-LOGO-NOIR-BLEU-1.svg\",\"contentUrl\":\"https:\/\/www.abenex.com\/wp-content\/uploads\/2023\/05\/FULL-LOGO-NOIR-BLEU-1.svg\",\"width\":166,\"height\":34,\"caption\":\"Abenex - Investing with purpose\"},\"image\":{\"@id\":\"https:\/\/www.abenex.com\/#\/schema\/logo\/image\/\"}},{\"@type\":\"Person\",\"@id\":\"https:\/\/www.abenex.com\/#\/schema\/person\/fcaf61d7089f46f499def4617e8f05d5\",\"name\":\"simplypew@gmail.com\",\"image\":{\"@type\":\"ImageObject\",\"inLanguage\":\"fr-FR\",\"@id\":\"https:\/\/www.abenex.com\/#\/schema\/person\/image\/\",\"url\":\"https:\/\/secure.gravatar.com\/avatar\/f055ded7a27e879ece34280c17d058e2ba94c9b96e06787d6fbd482c26aad2bf?s=96&d=mm&r=g\",\"contentUrl\":\"https:\/\/secure.gravatar.com\/avatar\/f055ded7a27e879ece34280c17d058e2ba94c9b96e06787d6fbd482c26aad2bf?s=96&d=mm&r=g\",\"caption\":\"simplypew@gmail.com\"},\"sameAs\":[\"https:\/\/www.abenex.com\"]}]}<\/script>\n<!-- \/ Yoast SEO plugin. -->","yoast_head_json":{"title":"Abenex renforce son engagement ESG et publie son premier rapport RSE | Abenex","robots":{"index":"index","follow":"follow","max-snippet":"max-snippet:-1","max-image-preview":"max-image-preview:large","max-video-preview":"max-video-preview:-1"},"canonical":"https:\/\/www.abenex.com\/fr\/abenex-renforce-son-engagement-esg-et-publie-son-premier-rapport-rse\/","og_locale":"fr_FR","og_type":"article","og_title":"Abenex renforce son engagement ESG et publie son premier rapport RSE | Abenex","og_description":"Abenex annonce la publication de son premier Rapport RSE, mettant l&rsquo;accent sur ses performances ESG (Environnementales, Sociales et de Gouvernance) ainsi que sur celles des soci\u00e9t\u00e9s de son portefeuille, soulignant ainsi son engagement pour un avenir plus durable. A la conf\u00e9rence internationale sur le climat (COP26), les Nations Unis ont alert\u00e9 que les engagements r\u00e9els [&hellip;]","og_url":"https:\/\/www.abenex.com\/fr\/abenex-renforce-son-engagement-esg-et-publie-son-premier-rapport-rse\/","og_site_name":"Abenex","article_published_time":"2021-11-05T13:05:20+00:00","article_modified_time":"2023-11-30T14:31:59+00:00","og_image":[{"width":382,"height":385,"url":"https:\/\/www.abenex.com\/wp-content\/uploads\/2021\/11\/1.png","type":"image\/png"}],"author":"simplypew@gmail.com","twitter_card":"summary_large_image","twitter_misc":{"\u00c9crit par":"simplypew@gmail.com","Dur\u00e9e de lecture estim\u00e9e":"2 minutes"},"schema":{"@context":"https:\/\/schema.org","@graph":[{"@type":"Article","@id":"https:\/\/www.abenex.com\/fr\/abenex-renforce-son-engagement-esg-et-publie-son-premier-rapport-rse\/#article","isPartOf":{"@id":"https:\/\/www.abenex.com\/fr\/abenex-renforce-son-engagement-esg-et-publie-son-premier-rapport-rse\/"},"author":{"name":"simplypew@gmail.com","@id":"https:\/\/www.abenex.com\/#\/schema\/person\/fcaf61d7089f46f499def4617e8f05d5"},"headline":"Abenex renforce son engagement ESG et publie son premier rapport RSE","datePublished":"2021-11-05T13:05:20+00:00","dateModified":"2023-11-30T14:31:59+00:00","mainEntityOfPage":{"@id":"https:\/\/www.abenex.com\/fr\/abenex-renforce-son-engagement-esg-et-publie-son-premier-rapport-rse\/"},"wordCount":252,"publisher":{"@id":"https:\/\/www.abenex.com\/#organization"},"image":{"@id":"https:\/\/www.abenex.com\/fr\/abenex-renforce-son-engagement-esg-et-publie-son-premier-rapport-rse\/#primaryimage"},"thumbnailUrl":"https:\/\/www.abenex.com\/wp-content\/uploads\/2021\/11\/1.png","articleSection":["Abenex","Durabilit\u00e9"],"inLanguage":"fr-FR"},{"@type":"WebPage","@id":"https:\/\/www.abenex.com\/fr\/abenex-renforce-son-engagement-esg-et-publie-son-premier-rapport-rse\/","url":"https:\/\/www.abenex.com\/fr\/abenex-renforce-son-engagement-esg-et-publie-son-premier-rapport-rse\/","name":"Abenex renforce son engagement ESG et publie son premier rapport RSE | Abenex","isPartOf":{"@id":"https:\/\/www.abenex.com\/#website"},"primaryImageOfPage":{"@id":"https:\/\/www.abenex.com\/fr\/abenex-renforce-son-engagement-esg-et-publie-son-premier-rapport-rse\/#primaryimage"},"image":{"@id":"https:\/\/www.abenex.com\/fr\/abenex-renforce-son-engagement-esg-et-publie-son-premier-rapport-rse\/#primaryimage"},"thumbnailUrl":"https:\/\/www.abenex.com\/wp-content\/uploads\/2021\/11\/1.png","datePublished":"2021-11-05T13:05:20+00:00","dateModified":"2023-11-30T14:31:59+00:00","breadcrumb":{"@id":"https:\/\/www.abenex.com\/fr\/abenex-renforce-son-engagement-esg-et-publie-son-premier-rapport-rse\/#breadcrumb"},"inLanguage":"fr-FR","potentialAction":[{"@type":"ReadAction","target":["https:\/\/www.abenex.com\/fr\/abenex-renforce-son-engagement-esg-et-publie-son-premier-rapport-rse\/"]}]},{"@type":"ImageObject","inLanguage":"fr-FR","@id":"https:\/\/www.abenex.com\/fr\/abenex-renforce-son-engagement-esg-et-publie-son-premier-rapport-rse\/#primaryimage","url":"https:\/\/www.abenex.com\/wp-content\/uploads\/2021\/11\/1.png","contentUrl":"https:\/\/www.abenex.com\/wp-content\/uploads\/2021\/11\/1.png","width":382,"height":385,"caption":"Abenex Sustainability report 2021"},{"@type":"BreadcrumbList","@id":"https:\/\/www.abenex.com\/fr\/abenex-renforce-son-engagement-esg-et-publie-son-premier-rapport-rse\/#breadcrumb","itemListElement":[{"@type":"ListItem","position":1,"name":"Accueil","item":"https:\/\/www.abenex.com\/fr\/"},{"@type":"ListItem","position":2,"name":"Abenex renforce son engagement ESG et publie son premier rapport RSE"}]},{"@type":"WebSite","@id":"https:\/\/www.abenex.com\/#website","url":"https:\/\/www.abenex.com\/","name":"Abenex - Investing with purpose","description":"Investing with purpose","publisher":{"@id":"https:\/\/www.abenex.com\/#organization"},"potentialAction":[{"@type":"SearchAction","target":{"@type":"EntryPoint","urlTemplate":"https:\/\/www.abenex.com\/?s={search_term_string}"},"query-input":{"@type":"PropertyValueSpecification","valueRequired":true,"valueName":"search_term_string"}}],"inLanguage":"fr-FR"},{"@type":"Organization","@id":"https:\/\/www.abenex.com\/#organization","name":"Abenex - Investing with purpose","url":"https:\/\/www.abenex.com\/","logo":{"@type":"ImageObject","inLanguage":"fr-FR","@id":"https:\/\/www.abenex.com\/#\/schema\/logo\/image\/","url":"https:\/\/www.abenex.com\/wp-content\/uploads\/2023\/05\/FULL-LOGO-NOIR-BLEU-1.svg","contentUrl":"https:\/\/www.abenex.com\/wp-content\/uploads\/2023\/05\/FULL-LOGO-NOIR-BLEU-1.svg","width":166,"height":34,"caption":"Abenex - Investing with purpose"},"image":{"@id":"https:\/\/www.abenex.com\/#\/schema\/logo\/image\/"}},{"@type":"Person","@id":"https:\/\/www.abenex.com\/#\/schema\/person\/fcaf61d7089f46f499def4617e8f05d5","name":"simplypew@gmail.com","image":{"@type":"ImageObject","inLanguage":"fr-FR","@id":"https:\/\/www.abenex.com\/#\/schema\/person\/image\/","url":"https:\/\/secure.gravatar.com\/avatar\/f055ded7a27e879ece34280c17d058e2ba94c9b96e06787d6fbd482c26aad2bf?s=96&d=mm&r=g","contentUrl":"https:\/\/secure.gravatar.com\/avatar\/f055ded7a27e879ece34280c17d058e2ba94c9b96e06787d6fbd482c26aad2bf?s=96&d=mm&r=g","caption":"simplypew@gmail.com"},"sameAs":["https:\/\/www.abenex.com"]}]}},"_links":{"self":[{"href":"https:\/\/www.abenex.com\/fr\/wp-json\/wp\/v2\/posts\/6535","targetHints":{"allow":["GET"]}}],"collection":[{"href":"https:\/\/www.abenex.com\/fr\/wp-json\/wp\/v2\/posts"}],"about":[{"href":"https:\/\/www.abenex.com\/fr\/wp-json\/wp\/v2\/types\/post"}],"author":[{"embeddable":true,"href":"https:\/\/www.abenex.com\/fr\/wp-json\/wp\/v2\/users\/1"}],"replies":[{"embeddable":true,"href":"https:\/\/www.abenex.com\/fr\/wp-json\/wp\/v2\/comments?post=6535"}],"version-history":[{"count":3,"href":"https:\/\/www.abenex.com\/fr\/wp-json\/wp\/v2\/posts\/6535\/revisions"}],"predecessor-version":[{"id":11920,"href":"https:\/\/www.abenex.com\/fr\/wp-json\/wp\/v2\/posts\/6535\/revisions\/11920"}],"wp:featuredmedia":[{"embeddable":true,"href":"https:\/\/www.abenex.com\/fr\/wp-json\/wp\/v2\/media\/11909"}],"wp:attachment":[{"href":"https:\/\/www.abenex.com\/fr\/wp-json\/wp\/v2\/media?parent=6535"}],"wp:term":[{"taxonomy":"category","embeddable":true,"href":"https:\/\/www.abenex.com\/fr\/wp-json\/wp\/v2\/categories?post=6535"},{"taxonomy":"post_tag","embeddable":true,"href":"https:\/\/www.abenex.com\/fr\/wp-json\/wp\/v2\/tags?post=6535"}],"curies":[{"name":"wp","href":"https:\/\/api.w.org\/{rel}","templated":true}]}}