    
{"id":6539,"date":"2022-01-12T08:00:00","date_gmt":"2022-01-12T07:00:00","guid":{"rendered":"https:\/\/www.abenex.com\/apolline-claudon-est-promue-chargee-daffaires-au-sein-de-lequipe-midcap\/"},"modified":"2023-07-07T07:06:55","modified_gmt":"2023-07-07T05:06:55","slug":"apolline-claudon-est-promue-chargee-daffaires-au-sein-de-lequipe-midcap","status":"publish","type":"post","link":"https:\/\/www.abenex.com\/fr\/apolline-claudon-est-promue-chargee-daffaires-au-sein-de-lequipe-midcap\/","title":{"rendered":"Apolline Claudon est promue Charg\u00e9e d\u2019Affaires au sein de l\u2019\u00e9quipe MidCap"},"content":{"rendered":"\n<p>Apolline Claudon est promue Charg\u00e9e d\u2019Affaires au sein de l\u2019\u00e9quipe MidCap d\u2019Abenex, qu\u2019elle a rejointe en 2019 en tant qu\u2019Analyste. En 2021, Apolline a notamment particip\u00e9 \u00e0 l\u2019investissement dans EDL (\u00e9diteur de logiciels dans le domaine de la sant\u00e9).<\/p>\n\n\n\n<p>Apolline a d\u00e9but\u00e9 sa carri\u00e8re en Private Equity chez Abenex \u00e0 la suite d\u2019une exp\u00e9rience en fusions-acquisitions chez Adviso Partners \u00e0 Paris, et d\u2019une exp\u00e9rience en direction financi\u00e8re chez Lendi \u00e0 Sydney (plateforme online de courtage en pr\u00eats immobiliers).<\/p>\n\n\n\n<p>Apolline est dipl\u00f4m\u00e9e du master \u00ab Finance d&rsquo;Entreprise et Ing\u00e9nierie Financi\u00e8re \u00bb de l\u2019Universit\u00e9 Paris Dauphine.<\/p>\n","protected":false},"excerpt":{"rendered":"<p>Apolline Claudon est promue Charg\u00e9e d\u2019Affaires au sein de l\u2019\u00e9quipe MidCap d\u2019Abenex, qu\u2019elle a rejointe en 2019 en tant qu\u2019Analyste. En 2021, Apolline a notamment particip\u00e9 \u00e0 l\u2019investissement dans EDL (\u00e9diteur de logiciels dans le domaine de la sant\u00e9). Apolline a d\u00e9but\u00e9 sa carri\u00e8re en Private Equity chez Abenex \u00e0 la suite d\u2019une exp\u00e9rience en [&hellip;]<\/p>\n","protected":false},"author":1,"featured_media":1048,"comment_status":"closed","ping_status":"closed","sticky":false,"template":"","format":"standard","meta":{"footnotes":""},"categories":[30],"tags":[],"class_list":["post-6539","post","type-post","status-publish","format-standard","has-post-thumbnail","hentry","category-equipe-abenex"],"acf":[],"yoast_head":"<!-- This site is optimized with the Yoast SEO plugin v27.1.1 - https:\/\/yoast.com\/product\/yoast-seo-wordpress\/ -->\n<title>Apolline Claudon est promue Charg\u00e9e d\u2019Affaires au sein de l\u2019\u00e9quipe MidCap | Abenex<\/title>\n<meta name=\"robots\" content=\"index, follow, max-snippet:-1, max-image-preview:large, max-video-preview:-1\" \/>\n<link rel=\"canonical\" href=\"https:\/\/www.abenex.com\/apolline-claudon-est-promue-chargee-daffaires-au-sein-de-lequipe-midcap\/\" \/>\n<meta property=\"og:locale\" content=\"fr_FR\" \/>\n<meta property=\"og:type\" content=\"article\" \/>\n<meta property=\"og:title\" content=\"Apolline Claudon est promue Charg\u00e9e d\u2019Affaires au sein de l\u2019\u00e9quipe MidCap | Abenex\" \/>\n<meta property=\"og:description\" content=\"Apolline Claudon est promue Charg\u00e9e d\u2019Affaires au sein de l\u2019\u00e9quipe MidCap d\u2019Abenex, qu\u2019elle a rejointe en 2019 en tant qu\u2019Analyste. En 2021, Apolline a notamment particip\u00e9 \u00e0 l\u2019investissement dans EDL (\u00e9diteur de logiciels dans le domaine de la sant\u00e9). Apolline a d\u00e9but\u00e9 sa carri\u00e8re en Private Equity chez Abenex \u00e0 la suite d\u2019une exp\u00e9rience en [&hellip;]\" \/>\n<meta property=\"og:url\" content=\"https:\/\/www.abenex.com\/apolline-claudon-est-promue-chargee-daffaires-au-sein-de-lequipe-midcap\/\" \/>\n<meta property=\"og:site_name\" content=\"Abenex\" \/>\n<meta property=\"article:published_time\" content=\"2022-01-12T07:00:00+00:00\" \/>\n<meta property=\"article:modified_time\" content=\"2023-07-07T05:06:55+00:00\" \/>\n<meta property=\"og:image\" content=\"https:\/\/www.abenex.com\/wp-content\/uploads\/2023\/06\/Apolline2021.jpg\" \/>\n\t<meta property=\"og:image:width\" content=\"1024\" \/>\n\t<meta property=\"og:image:height\" content=\"683\" \/>\n\t<meta property=\"og:image:type\" content=\"image\/jpeg\" \/>\n<meta name=\"author\" content=\"simplypew@gmail.com\" \/>\n<meta name=\"twitter:card\" content=\"summary_large_image\" \/>\n<meta name=\"twitter:label1\" content=\"\u00c9crit par\" \/>\n\t<meta name=\"twitter:data1\" content=\"simplypew@gmail.com\" \/>\n\t<meta name=\"twitter:label2\" content=\"Dur\u00e9e de lecture estim\u00e9e\" \/>\n\t<meta name=\"twitter:data2\" content=\"1 minute\" \/>\n<script type=\"application\/ld+json\" class=\"yoast-schema-graph\">{\"@context\":\"https:\/\/schema.org\",\"@graph\":[{\"@type\":\"Article\",\"@id\":\"https:\/\/www.abenex.com\/apolline-claudon-est-promue-chargee-daffaires-au-sein-de-lequipe-midcap\/#article\",\"isPartOf\":{\"@id\":\"https:\/\/www.abenex.com\/apolline-claudon-est-promue-chargee-daffaires-au-sein-de-lequipe-midcap\/\"},\"author\":{\"name\":\"simplypew@gmail.com\",\"@id\":\"https:\/\/www.abenex.com\/#\/schema\/person\/fcaf61d7089f46f499def4617e8f05d5\"},\"headline\":\"Apolline Claudon est promue Charg\u00e9e d\u2019Affaires au sein de l\u2019\u00e9quipe MidCap\",\"datePublished\":\"2022-01-12T07:00:00+00:00\",\"dateModified\":\"2023-07-07T05:06:55+00:00\",\"mainEntityOfPage\":{\"@id\":\"https:\/\/www.abenex.com\/apolline-claudon-est-promue-chargee-daffaires-au-sein-de-lequipe-midcap\/\"},\"wordCount\":120,\"publisher\":{\"@id\":\"https:\/\/www.abenex.com\/#organization\"},\"image\":{\"@id\":\"https:\/\/www.abenex.com\/apolline-claudon-est-promue-chargee-daffaires-au-sein-de-lequipe-midcap\/#primaryimage\"},\"thumbnailUrl\":\"https:\/\/www.abenex.com\/wp-content\/uploads\/2023\/06\/Apolline2021.jpg\",\"articleSection\":[\"\u00c9quipe\"],\"inLanguage\":\"fr-FR\"},{\"@type\":\"WebPage\",\"@id\":\"https:\/\/www.abenex.com\/apolline-claudon-est-promue-chargee-daffaires-au-sein-de-lequipe-midcap\/\",\"url\":\"https:\/\/www.abenex.com\/apolline-claudon-est-promue-chargee-daffaires-au-sein-de-lequipe-midcap\/\",\"name\":\"Apolline Claudon est promue Charg\u00e9e d\u2019Affaires au sein de l\u2019\u00e9quipe MidCap | Abenex\",\"isPartOf\":{\"@id\":\"https:\/\/www.abenex.com\/#website\"},\"primaryImageOfPage\":{\"@id\":\"https:\/\/www.abenex.com\/apolline-claudon-est-promue-chargee-daffaires-au-sein-de-lequipe-midcap\/#primaryimage\"},\"image\":{\"@id\":\"https:\/\/www.abenex.com\/apolline-claudon-est-promue-chargee-daffaires-au-sein-de-lequipe-midcap\/#primaryimage\"},\"thumbnailUrl\":\"https:\/\/www.abenex.com\/wp-content\/uploads\/2023\/06\/Apolline2021.jpg\",\"datePublished\":\"2022-01-12T07:00:00+00:00\",\"dateModified\":\"2023-07-07T05:06:55+00:00\",\"breadcrumb\":{\"@id\":\"https:\/\/www.abenex.com\/apolline-claudon-est-promue-chargee-daffaires-au-sein-de-lequipe-midcap\/#breadcrumb\"},\"inLanguage\":\"fr-FR\",\"potentialAction\":[{\"@type\":\"ReadAction\",\"target\":[\"https:\/\/www.abenex.com\/apolline-claudon-est-promue-chargee-daffaires-au-sein-de-lequipe-midcap\/\"]}]},{\"@type\":\"ImageObject\",\"inLanguage\":\"fr-FR\",\"@id\":\"https:\/\/www.abenex.com\/apolline-claudon-est-promue-chargee-daffaires-au-sein-de-lequipe-midcap\/#primaryimage\",\"url\":\"https:\/\/www.abenex.com\/wp-content\/uploads\/2023\/06\/Apolline2021.jpg\",\"contentUrl\":\"https:\/\/www.abenex.com\/wp-content\/uploads\/2023\/06\/Apolline2021.jpg\",\"width\":1024,\"height\":683,\"caption\":\"Photo d'Apolline CLAUDON de 2021\"},{\"@type\":\"BreadcrumbList\",\"@id\":\"https:\/\/www.abenex.com\/apolline-claudon-est-promue-chargee-daffaires-au-sein-de-lequipe-midcap\/#breadcrumb\",\"itemListElement\":[{\"@type\":\"ListItem\",\"position\":1,\"name\":\"Accueil\",\"item\":\"https:\/\/www.abenex.com\/fr\/\"},{\"@type\":\"ListItem\",\"position\":2,\"name\":\"Apolline Claudon est promue Charg\u00e9e d\u2019Affaires au sein de l\u2019\u00e9quipe MidCap\"}]},{\"@type\":\"WebSite\",\"@id\":\"https:\/\/www.abenex.com\/#website\",\"url\":\"https:\/\/www.abenex.com\/\",\"name\":\"Abenex - Investing with purpose\",\"description\":\"Investing with purpose\",\"publisher\":{\"@id\":\"https:\/\/www.abenex.com\/#organization\"},\"potentialAction\":[{\"@type\":\"SearchAction\",\"target\":{\"@type\":\"EntryPoint\",\"urlTemplate\":\"https:\/\/www.abenex.com\/?s={search_term_string}\"},\"query-input\":{\"@type\":\"PropertyValueSpecification\",\"valueRequired\":true,\"valueName\":\"search_term_string\"}}],\"inLanguage\":\"fr-FR\"},{\"@type\":\"Organization\",\"@id\":\"https:\/\/www.abenex.com\/#organization\",\"name\":\"Abenex - Investing with purpose\",\"url\":\"https:\/\/www.abenex.com\/\",\"logo\":{\"@type\":\"ImageObject\",\"inLanguage\":\"fr-FR\",\"@id\":\"https:\/\/www.abenex.com\/#\/schema\/logo\/image\/\",\"url\":\"https:\/\/www.abenex.com\/wp-content\/uploads\/2023\/05\/FULL-LOGO-NOIR-BLEU-1.svg\",\"contentUrl\":\"https:\/\/www.abenex.com\/wp-content\/uploads\/2023\/05\/FULL-LOGO-NOIR-BLEU-1.svg\",\"width\":166,\"height\":34,\"caption\":\"Abenex - Investing with purpose\"},\"image\":{\"@id\":\"https:\/\/www.abenex.com\/#\/schema\/logo\/image\/\"}},{\"@type\":\"Person\",\"@id\":\"https:\/\/www.abenex.com\/#\/schema\/person\/fcaf61d7089f46f499def4617e8f05d5\",\"name\":\"simplypew@gmail.com\",\"image\":{\"@type\":\"ImageObject\",\"inLanguage\":\"fr-FR\",\"@id\":\"https:\/\/www.abenex.com\/#\/schema\/person\/image\/\",\"url\":\"https:\/\/secure.gravatar.com\/avatar\/f055ded7a27e879ece34280c17d058e2ba94c9b96e06787d6fbd482c26aad2bf?s=96&d=mm&r=g\",\"contentUrl\":\"https:\/\/secure.gravatar.com\/avatar\/f055ded7a27e879ece34280c17d058e2ba94c9b96e06787d6fbd482c26aad2bf?s=96&d=mm&r=g\",\"caption\":\"simplypew@gmail.com\"},\"sameAs\":[\"https:\/\/www.abenex.com\"]}]}<\/script>\n<!-- \/ Yoast SEO plugin. -->","yoast_head_json":{"title":"Apolline Claudon est promue Charg\u00e9e d\u2019Affaires au sein de l\u2019\u00e9quipe MidCap | Abenex","robots":{"index":"index","follow":"follow","max-snippet":"max-snippet:-1","max-image-preview":"max-image-preview:large","max-video-preview":"max-video-preview:-1"},"canonical":"https:\/\/www.abenex.com\/apolline-claudon-est-promue-chargee-daffaires-au-sein-de-lequipe-midcap\/","og_locale":"fr_FR","og_type":"article","og_title":"Apolline Claudon est promue Charg\u00e9e d\u2019Affaires au sein de l\u2019\u00e9quipe MidCap | Abenex","og_description":"Apolline Claudon est promue Charg\u00e9e d\u2019Affaires au sein de l\u2019\u00e9quipe MidCap d\u2019Abenex, qu\u2019elle a rejointe en 2019 en tant qu\u2019Analyste. En 2021, Apolline a notamment particip\u00e9 \u00e0 l\u2019investissement dans EDL (\u00e9diteur de logiciels dans le domaine de la sant\u00e9). Apolline a d\u00e9but\u00e9 sa carri\u00e8re en Private Equity chez Abenex \u00e0 la suite d\u2019une exp\u00e9rience en [&hellip;]","og_url":"https:\/\/www.abenex.com\/apolline-claudon-est-promue-chargee-daffaires-au-sein-de-lequipe-midcap\/","og_site_name":"Abenex","article_published_time":"2022-01-12T07:00:00+00:00","article_modified_time":"2023-07-07T05:06:55+00:00","og_image":[{"width":1024,"height":683,"url":"https:\/\/www.abenex.com\/wp-content\/uploads\/2023\/06\/Apolline2021.jpg","type":"image\/jpeg"}],"author":"simplypew@gmail.com","twitter_card":"summary_large_image","twitter_misc":{"\u00c9crit par":"simplypew@gmail.com","Dur\u00e9e de lecture estim\u00e9e":"1 minute"},"schema":{"@context":"https:\/\/schema.org","@graph":[{"@type":"Article","@id":"https:\/\/www.abenex.com\/apolline-claudon-est-promue-chargee-daffaires-au-sein-de-lequipe-midcap\/#article","isPartOf":{"@id":"https:\/\/www.abenex.com\/apolline-claudon-est-promue-chargee-daffaires-au-sein-de-lequipe-midcap\/"},"author":{"name":"simplypew@gmail.com","@id":"https:\/\/www.abenex.com\/#\/schema\/person\/fcaf61d7089f46f499def4617e8f05d5"},"headline":"Apolline Claudon est promue Charg\u00e9e d\u2019Affaires au sein de l\u2019\u00e9quipe MidCap","datePublished":"2022-01-12T07:00:00+00:00","dateModified":"2023-07-07T05:06:55+00:00","mainEntityOfPage":{"@id":"https:\/\/www.abenex.com\/apolline-claudon-est-promue-chargee-daffaires-au-sein-de-lequipe-midcap\/"},"wordCount":120,"publisher":{"@id":"https:\/\/www.abenex.com\/#organization"},"image":{"@id":"https:\/\/www.abenex.com\/apolline-claudon-est-promue-chargee-daffaires-au-sein-de-lequipe-midcap\/#primaryimage"},"thumbnailUrl":"https:\/\/www.abenex.com\/wp-content\/uploads\/2023\/06\/Apolline2021.jpg","articleSection":["\u00c9quipe"],"inLanguage":"fr-FR"},{"@type":"WebPage","@id":"https:\/\/www.abenex.com\/apolline-claudon-est-promue-chargee-daffaires-au-sein-de-lequipe-midcap\/","url":"https:\/\/www.abenex.com\/apolline-claudon-est-promue-chargee-daffaires-au-sein-de-lequipe-midcap\/","name":"Apolline Claudon est promue Charg\u00e9e d\u2019Affaires au sein de l\u2019\u00e9quipe MidCap | Abenex","isPartOf":{"@id":"https:\/\/www.abenex.com\/#website"},"primaryImageOfPage":{"@id":"https:\/\/www.abenex.com\/apolline-claudon-est-promue-chargee-daffaires-au-sein-de-lequipe-midcap\/#primaryimage"},"image":{"@id":"https:\/\/www.abenex.com\/apolline-claudon-est-promue-chargee-daffaires-au-sein-de-lequipe-midcap\/#primaryimage"},"thumbnailUrl":"https:\/\/www.abenex.com\/wp-content\/uploads\/2023\/06\/Apolline2021.jpg","datePublished":"2022-01-12T07:00:00+00:00","dateModified":"2023-07-07T05:06:55+00:00","breadcrumb":{"@id":"https:\/\/www.abenex.com\/apolline-claudon-est-promue-chargee-daffaires-au-sein-de-lequipe-midcap\/#breadcrumb"},"inLanguage":"fr-FR","potentialAction":[{"@type":"ReadAction","target":["https:\/\/www.abenex.com\/apolline-claudon-est-promue-chargee-daffaires-au-sein-de-lequipe-midcap\/"]}]},{"@type":"ImageObject","inLanguage":"fr-FR","@id":"https:\/\/www.abenex.com\/apolline-claudon-est-promue-chargee-daffaires-au-sein-de-lequipe-midcap\/#primaryimage","url":"https:\/\/www.abenex.com\/wp-content\/uploads\/2023\/06\/Apolline2021.jpg","contentUrl":"https:\/\/www.abenex.com\/wp-content\/uploads\/2023\/06\/Apolline2021.jpg","width":1024,"height":683,"caption":"Photo d'Apolline CLAUDON de 2021"},{"@type":"BreadcrumbList","@id":"https:\/\/www.abenex.com\/apolline-claudon-est-promue-chargee-daffaires-au-sein-de-lequipe-midcap\/#breadcrumb","itemListElement":[{"@type":"ListItem","position":1,"name":"Accueil","item":"https:\/\/www.abenex.com\/fr\/"},{"@type":"ListItem","position":2,"name":"Apolline Claudon est promue Charg\u00e9e d\u2019Affaires au sein de l\u2019\u00e9quipe MidCap"}]},{"@type":"WebSite","@id":"https:\/\/www.abenex.com\/#website","url":"https:\/\/www.abenex.com\/","name":"Abenex - Investing with purpose","description":"Investing with purpose","publisher":{"@id":"https:\/\/www.abenex.com\/#organization"},"potentialAction":[{"@type":"SearchAction","target":{"@type":"EntryPoint","urlTemplate":"https:\/\/www.abenex.com\/?s={search_term_string}"},"query-input":{"@type":"PropertyValueSpecification","valueRequired":true,"valueName":"search_term_string"}}],"inLanguage":"fr-FR"},{"@type":"Organization","@id":"https:\/\/www.abenex.com\/#organization","name":"Abenex - Investing with purpose","url":"https:\/\/www.abenex.com\/","logo":{"@type":"ImageObject","inLanguage":"fr-FR","@id":"https:\/\/www.abenex.com\/#\/schema\/logo\/image\/","url":"https:\/\/www.abenex.com\/wp-content\/uploads\/2023\/05\/FULL-LOGO-NOIR-BLEU-1.svg","contentUrl":"https:\/\/www.abenex.com\/wp-content\/uploads\/2023\/05\/FULL-LOGO-NOIR-BLEU-1.svg","width":166,"height":34,"caption":"Abenex - Investing with purpose"},"image":{"@id":"https:\/\/www.abenex.com\/#\/schema\/logo\/image\/"}},{"@type":"Person","@id":"https:\/\/www.abenex.com\/#\/schema\/person\/fcaf61d7089f46f499def4617e8f05d5","name":"simplypew@gmail.com","image":{"@type":"ImageObject","inLanguage":"fr-FR","@id":"https:\/\/www.abenex.com\/#\/schema\/person\/image\/","url":"https:\/\/secure.gravatar.com\/avatar\/f055ded7a27e879ece34280c17d058e2ba94c9b96e06787d6fbd482c26aad2bf?s=96&d=mm&r=g","contentUrl":"https:\/\/secure.gravatar.com\/avatar\/f055ded7a27e879ece34280c17d058e2ba94c9b96e06787d6fbd482c26aad2bf?s=96&d=mm&r=g","caption":"simplypew@gmail.com"},"sameAs":["https:\/\/www.abenex.com"]}]}},"_links":{"self":[{"href":"https:\/\/www.abenex.com\/fr\/wp-json\/wp\/v2\/posts\/6539","targetHints":{"allow":["GET"]}}],"collection":[{"href":"https:\/\/www.abenex.com\/fr\/wp-json\/wp\/v2\/posts"}],"about":[{"href":"https:\/\/www.abenex.com\/fr\/wp-json\/wp\/v2\/types\/post"}],"author":[{"embeddable":true,"href":"https:\/\/www.abenex.com\/fr\/wp-json\/wp\/v2\/users\/1"}],"replies":[{"embeddable":true,"href":"https:\/\/www.abenex.com\/fr\/wp-json\/wp\/v2\/comments?post=6539"}],"version-history":[{"count":1,"href":"https:\/\/www.abenex.com\/fr\/wp-json\/wp\/v2\/posts\/6539\/revisions"}],"predecessor-version":[{"id":6776,"href":"https:\/\/www.abenex.com\/fr\/wp-json\/wp\/v2\/posts\/6539\/revisions\/6776"}],"wp:featuredmedia":[{"embeddable":true,"href":"https:\/\/www.abenex.com\/fr\/wp-json\/wp\/v2\/media\/1048"}],"wp:attachment":[{"href":"https:\/\/www.abenex.com\/fr\/wp-json\/wp\/v2\/media?parent=6539"}],"wp:term":[{"taxonomy":"category","embeddable":true,"href":"https:\/\/www.abenex.com\/fr\/wp-json\/wp\/v2\/categories?post=6539"},{"taxonomy":"post_tag","embeddable":true,"href":"https:\/\/www.abenex.com\/fr\/wp-json\/wp\/v2\/tags?post=6539"}],"curies":[{"name":"wp","href":"https:\/\/api.w.org\/{rel}","templated":true}]}}