    
{"id":6543,"date":"2022-03-08T15:52:00","date_gmt":"2022-03-08T14:52:00","guid":{"rendered":"https:\/\/www.abenex.com\/abenex-croissance-annonce-son-entree-au-capital-de-liscg-paris-aux-cotes-de-ses-dirigeants-et-de-societe-generale-capital-partenaires\/"},"modified":"2023-11-24T10:07:35","modified_gmt":"2023-11-24T09:07:35","slug":"abenex-croissance-annonce-son-entree-au-capital-de-liscg-paris-aux-cotes-de-ses-dirigeants-et-de-societe-generale-capital-partenaires","status":"publish","type":"post","link":"https:\/\/www.abenex.com\/fr\/abenex-croissance-annonce-son-entree-au-capital-de-liscg-paris-aux-cotes-de-ses-dirigeants-et-de-societe-generale-capital-partenaires\/","title":{"rendered":"Abenex Croissance annonce son entr\u00e9e au capital de l\u2019ISCG Paris aux c\u00f4t\u00e9s de ses dirigeants et de Soci\u00e9t\u00e9 G\u00e9n\u00e9rale Capital Partenaires"},"content":{"rendered":"\n<p>Abenex Croissance annonce son entr\u00e9e au capital de l\u2019ISCG Paris, aux c\u00f4t\u00e9s de ses dirigeants, Pascale M\u00fcller, Jean-Christophe Delmas et Fr\u00e9d\u00e9rique Martinez, et de Soci\u00e9t\u00e9 G\u00e9n\u00e9rale Capital Partenaires (SGCP).<\/p>\n\n\n\n<p>Fond\u00e9e en 1993, l\u2019\u00e9cole forme chaque ann\u00e9e plus de 1 000 \u00e9tudiants en BTS, Bachelor ou Master depuis son campus situ\u00e9 au c\u0153ur de Paris. Sp\u00e9cialis\u00e9e dans les formations en alternance notamment dans les m\u00e9tiers des ressources humaines, du management et du marketing digital, l\u2019\u00e9cole accompagne ses \u00e9tudiants dans la recherche d\u2019entreprises d\u2019accueil gr\u00e2ce \u00e0 son r\u00e9seau historique de partenaires.<\/p>\n\n\n\n<p>Port\u00e9e par l\u2019exp\u00e9rience de son \u00e9quipe de direction et la notori\u00e9t\u00e9 de son socle p\u00e9dagogique, l\u2019\u00e9cole a connu une tr\u00e8s forte croissance aux cours des derni\u00e8res ann\u00e9es. L\u2019ISCG Paris a su capitaliser sur la qualit\u00e9 reconnue de son approche p\u00e9dagogique, ainsi que sur la forte employabilit\u00e9 des m\u00e9tiers vis\u00e9s, pour attirer chaque ann\u00e9e un nombre croissant d\u2019\u00e9tudiants.<\/p>\n\n\n\n<p>\u00c0 l\u2019issue d\u2019un processus men\u00e9 par Soci\u00e9t\u00e9 G\u00e9n\u00e9rale CIB M&amp;A, l\u2019ISCG Paris a choisi Abenex pour l\u2019accompagner dans l\u2019acc\u00e9l\u00e9ration de son d\u00e9veloppement et \u00e9crire une nouvelle page de son histoire. \u00ab Nous avons beaucoup appr\u00e9ci\u00e9 la qualit\u00e9 de l\u2019\u00e9quipe dirigeante que nous sommes ravis d\u2019accompagner dans cette nouvelle phase de croissance. L\u2019ISCG Paris est id\u00e9alement positionn\u00e9 sur des enseignements en alternance permettant de former des \u00e9tudiants \u00e0 des m\u00e9tiers en tension. \u00bb<\/p>\n\n\n\n<p>Pour Pascale M\u00fcller \u00ab Nous nous r\u00e9jouissons de ce partenariat qui va permettre \u00e0 notre \u00e9cole de poursuivre son d\u00e9veloppement, dans le respect des valeurs que nous avons toujours d\u00e9fendues : exigence envers la qualit\u00e9 de l\u2019enseignement dispens\u00e9, accompagnement personnalis\u00e9 de nos \u00e9tudiants tout au long de leur recherche d\u2019entreprise et de leur parcours de formation, bienveillance et inclusion\u2026 \u00bb<\/p>\n\n\n\n<p>Pour Soci\u00e9t\u00e9 G\u00e9n\u00e9rale Capital Partenaires, cet investissement s\u2019inscrit dans sa strat\u00e9gie qui consiste \u00e0 accompagner PME et ETI dans des phases-cl\u00e9s de leur croissance en animant un r\u00e9seau d\u2019entrepreneurs talentueux et innovants. Fr\u00e9d\u00e9ric Coupet, Directeur de Participations chez Soci\u00e9t\u00e9 G\u00e9n\u00e9rale Capital Partenaires, ajoute : \u00ab Nous sommes tr\u00e8s heureux d\u2019accompagner Pascale, Jean-Christophe et Fr\u00e9d\u00e9rique, au c\u00f4t\u00e9 d\u2019Abenex, dans cette nouvelle \u00e9tape de renforcement du d\u00e9veloppement de l\u2019ISCG Paris \u00bb.<\/p>\n","protected":false},"excerpt":{"rendered":"<p>Abenex Croissance annonce son entr\u00e9e au capital de l\u2019ISCG Paris, aux c\u00f4t\u00e9s de ses dirigeants, Pascale M\u00fcller, Jean-Christophe Delmas et Fr\u00e9d\u00e9rique Martinez, et de Soci\u00e9t\u00e9 G\u00e9n\u00e9rale Capital Partenaires (SGCP). Fond\u00e9e en 1993, l\u2019\u00e9cole forme chaque ann\u00e9e plus de 1 000 \u00e9tudiants en BTS, Bachelor ou Master depuis son campus situ\u00e9 au c\u0153ur de Paris. Sp\u00e9cialis\u00e9e [&hellip;]<\/p>\n","protected":false},"author":1,"featured_media":2835,"comment_status":"closed","ping_status":"closed","sticky":false,"template":"","format":"standard","meta":{"footnotes":""},"categories":[105,103],"tags":[],"class_list":["post-6543","post","type-post","status-publish","format-standard","has-post-thumbnail","hentry","category-abenex","category-participation"],"acf":[],"yoast_head":"<!-- This site is optimized with the Yoast SEO plugin v27.1.1 - https:\/\/yoast.com\/product\/yoast-seo-wordpress\/ -->\n<title>Abenex Croissance annonce son entr\u00e9e au capital de l\u2019ISCG Paris aux c\u00f4t\u00e9s de ses dirigeants et de Soci\u00e9t\u00e9 G\u00e9n\u00e9rale Capital Partenaires | Abenex<\/title>\n<meta name=\"robots\" content=\"index, follow, max-snippet:-1, max-image-preview:large, max-video-preview:-1\" \/>\n<link rel=\"canonical\" href=\"https:\/\/www.abenex.com\/fr\/abenex-croissance-annonce-son-entree-au-capital-de-liscg-paris-aux-cotes-de-ses-dirigeants-et-de-societe-generale-capital-partenaires\/\" \/>\n<meta property=\"og:locale\" content=\"fr_FR\" \/>\n<meta property=\"og:type\" content=\"article\" \/>\n<meta property=\"og:title\" content=\"Abenex Croissance annonce son entr\u00e9e au capital de l\u2019ISCG Paris aux c\u00f4t\u00e9s de ses dirigeants et de Soci\u00e9t\u00e9 G\u00e9n\u00e9rale Capital Partenaires | Abenex\" \/>\n<meta property=\"og:description\" content=\"Abenex Croissance annonce son entr\u00e9e au capital de l\u2019ISCG Paris, aux c\u00f4t\u00e9s de ses dirigeants, Pascale M\u00fcller, Jean-Christophe Delmas et Fr\u00e9d\u00e9rique Martinez, et de Soci\u00e9t\u00e9 G\u00e9n\u00e9rale Capital Partenaires (SGCP). Fond\u00e9e en 1993, l\u2019\u00e9cole forme chaque ann\u00e9e plus de 1 000 \u00e9tudiants en BTS, Bachelor ou Master depuis son campus situ\u00e9 au c\u0153ur de Paris. Sp\u00e9cialis\u00e9e [&hellip;]\" \/>\n<meta property=\"og:url\" content=\"https:\/\/www.abenex.com\/fr\/abenex-croissance-annonce-son-entree-au-capital-de-liscg-paris-aux-cotes-de-ses-dirigeants-et-de-societe-generale-capital-partenaires\/\" \/>\n<meta property=\"og:site_name\" content=\"Abenex\" \/>\n<meta property=\"article:published_time\" content=\"2022-03-08T14:52:00+00:00\" \/>\n<meta property=\"article:modified_time\" content=\"2023-11-24T09:07:35+00:00\" \/>\n<meta property=\"og:image\" content=\"https:\/\/www.abenex.com\/wp-content\/uploads\/2023\/06\/Logo-ISCG-website.png\" \/>\n\t<meta property=\"og:image:width\" content=\"1058\" \/>\n\t<meta property=\"og:image:height\" content=\"446\" \/>\n\t<meta property=\"og:image:type\" content=\"image\/png\" \/>\n<meta name=\"author\" content=\"simplypew@gmail.com\" \/>\n<meta name=\"twitter:card\" content=\"summary_large_image\" \/>\n<meta name=\"twitter:label1\" content=\"\u00c9crit par\" \/>\n\t<meta name=\"twitter:data1\" content=\"simplypew@gmail.com\" \/>\n\t<meta name=\"twitter:label2\" content=\"Dur\u00e9e de lecture estim\u00e9e\" \/>\n\t<meta name=\"twitter:data2\" content=\"2 minutes\" \/>\n<script type=\"application\/ld+json\" class=\"yoast-schema-graph\">{\"@context\":\"https:\/\/schema.org\",\"@graph\":[{\"@type\":\"Article\",\"@id\":\"https:\/\/www.abenex.com\/fr\/abenex-croissance-annonce-son-entree-au-capital-de-liscg-paris-aux-cotes-de-ses-dirigeants-et-de-societe-generale-capital-partenaires\/#article\",\"isPartOf\":{\"@id\":\"https:\/\/www.abenex.com\/fr\/abenex-croissance-annonce-son-entree-au-capital-de-liscg-paris-aux-cotes-de-ses-dirigeants-et-de-societe-generale-capital-partenaires\/\"},\"author\":{\"name\":\"simplypew@gmail.com\",\"@id\":\"https:\/\/www.abenex.com\/#\/schema\/person\/fcaf61d7089f46f499def4617e8f05d5\"},\"headline\":\"Abenex Croissance annonce son entr\u00e9e au capital de l\u2019ISCG Paris aux c\u00f4t\u00e9s de ses dirigeants et de Soci\u00e9t\u00e9 G\u00e9n\u00e9rale Capital Partenaires\",\"datePublished\":\"2022-03-08T14:52:00+00:00\",\"dateModified\":\"2023-11-24T09:07:35+00:00\",\"mainEntityOfPage\":{\"@id\":\"https:\/\/www.abenex.com\/fr\/abenex-croissance-annonce-son-entree-au-capital-de-liscg-paris-aux-cotes-de-ses-dirigeants-et-de-societe-generale-capital-partenaires\/\"},\"wordCount\":442,\"publisher\":{\"@id\":\"https:\/\/www.abenex.com\/#organization\"},\"image\":{\"@id\":\"https:\/\/www.abenex.com\/fr\/abenex-croissance-annonce-son-entree-au-capital-de-liscg-paris-aux-cotes-de-ses-dirigeants-et-de-societe-generale-capital-partenaires\/#primaryimage\"},\"thumbnailUrl\":\"https:\/\/www.abenex.com\/wp-content\/uploads\/2023\/06\/Logo-ISCG-website.png\",\"articleSection\":[\"Abenex\",\"Participations\"],\"inLanguage\":\"fr-FR\"},{\"@type\":\"WebPage\",\"@id\":\"https:\/\/www.abenex.com\/fr\/abenex-croissance-annonce-son-entree-au-capital-de-liscg-paris-aux-cotes-de-ses-dirigeants-et-de-societe-generale-capital-partenaires\/\",\"url\":\"https:\/\/www.abenex.com\/fr\/abenex-croissance-annonce-son-entree-au-capital-de-liscg-paris-aux-cotes-de-ses-dirigeants-et-de-societe-generale-capital-partenaires\/\",\"name\":\"Abenex Croissance annonce son entr\u00e9e au capital de l\u2019ISCG Paris aux c\u00f4t\u00e9s de ses dirigeants et de Soci\u00e9t\u00e9 G\u00e9n\u00e9rale Capital Partenaires | Abenex\",\"isPartOf\":{\"@id\":\"https:\/\/www.abenex.com\/#website\"},\"primaryImageOfPage\":{\"@id\":\"https:\/\/www.abenex.com\/fr\/abenex-croissance-annonce-son-entree-au-capital-de-liscg-paris-aux-cotes-de-ses-dirigeants-et-de-societe-generale-capital-partenaires\/#primaryimage\"},\"image\":{\"@id\":\"https:\/\/www.abenex.com\/fr\/abenex-croissance-annonce-son-entree-au-capital-de-liscg-paris-aux-cotes-de-ses-dirigeants-et-de-societe-generale-capital-partenaires\/#primaryimage\"},\"thumbnailUrl\":\"https:\/\/www.abenex.com\/wp-content\/uploads\/2023\/06\/Logo-ISCG-website.png\",\"datePublished\":\"2022-03-08T14:52:00+00:00\",\"dateModified\":\"2023-11-24T09:07:35+00:00\",\"breadcrumb\":{\"@id\":\"https:\/\/www.abenex.com\/fr\/abenex-croissance-annonce-son-entree-au-capital-de-liscg-paris-aux-cotes-de-ses-dirigeants-et-de-societe-generale-capital-partenaires\/#breadcrumb\"},\"inLanguage\":\"fr-FR\",\"potentialAction\":[{\"@type\":\"ReadAction\",\"target\":[\"https:\/\/www.abenex.com\/fr\/abenex-croissance-annonce-son-entree-au-capital-de-liscg-paris-aux-cotes-de-ses-dirigeants-et-de-societe-generale-capital-partenaires\/\"]}]},{\"@type\":\"ImageObject\",\"inLanguage\":\"fr-FR\",\"@id\":\"https:\/\/www.abenex.com\/fr\/abenex-croissance-annonce-son-entree-au-capital-de-liscg-paris-aux-cotes-de-ses-dirigeants-et-de-societe-generale-capital-partenaires\/#primaryimage\",\"url\":\"https:\/\/www.abenex.com\/wp-content\/uploads\/2023\/06\/Logo-ISCG-website.png\",\"contentUrl\":\"https:\/\/www.abenex.com\/wp-content\/uploads\/2023\/06\/Logo-ISCG-website.png\",\"width\":1058,\"height\":446,\"caption\":\"Logo ISCG\"},{\"@type\":\"BreadcrumbList\",\"@id\":\"https:\/\/www.abenex.com\/fr\/abenex-croissance-annonce-son-entree-au-capital-de-liscg-paris-aux-cotes-de-ses-dirigeants-et-de-societe-generale-capital-partenaires\/#breadcrumb\",\"itemListElement\":[{\"@type\":\"ListItem\",\"position\":1,\"name\":\"Accueil\",\"item\":\"https:\/\/www.abenex.com\/fr\/\"},{\"@type\":\"ListItem\",\"position\":2,\"name\":\"Abenex Croissance annonce son entr\u00e9e au capital de l\u2019ISCG Paris aux c\u00f4t\u00e9s de ses dirigeants et de Soci\u00e9t\u00e9 G\u00e9n\u00e9rale Capital Partenaires\"}]},{\"@type\":\"WebSite\",\"@id\":\"https:\/\/www.abenex.com\/#website\",\"url\":\"https:\/\/www.abenex.com\/\",\"name\":\"Abenex - Investing with purpose\",\"description\":\"Investing with purpose\",\"publisher\":{\"@id\":\"https:\/\/www.abenex.com\/#organization\"},\"potentialAction\":[{\"@type\":\"SearchAction\",\"target\":{\"@type\":\"EntryPoint\",\"urlTemplate\":\"https:\/\/www.abenex.com\/?s={search_term_string}\"},\"query-input\":{\"@type\":\"PropertyValueSpecification\",\"valueRequired\":true,\"valueName\":\"search_term_string\"}}],\"inLanguage\":\"fr-FR\"},{\"@type\":\"Organization\",\"@id\":\"https:\/\/www.abenex.com\/#organization\",\"name\":\"Abenex - Investing with purpose\",\"url\":\"https:\/\/www.abenex.com\/\",\"logo\":{\"@type\":\"ImageObject\",\"inLanguage\":\"fr-FR\",\"@id\":\"https:\/\/www.abenex.com\/#\/schema\/logo\/image\/\",\"url\":\"https:\/\/www.abenex.com\/wp-content\/uploads\/2023\/05\/FULL-LOGO-NOIR-BLEU-1.svg\",\"contentUrl\":\"https:\/\/www.abenex.com\/wp-content\/uploads\/2023\/05\/FULL-LOGO-NOIR-BLEU-1.svg\",\"width\":166,\"height\":34,\"caption\":\"Abenex - Investing with purpose\"},\"image\":{\"@id\":\"https:\/\/www.abenex.com\/#\/schema\/logo\/image\/\"}},{\"@type\":\"Person\",\"@id\":\"https:\/\/www.abenex.com\/#\/schema\/person\/fcaf61d7089f46f499def4617e8f05d5\",\"name\":\"simplypew@gmail.com\",\"image\":{\"@type\":\"ImageObject\",\"inLanguage\":\"fr-FR\",\"@id\":\"https:\/\/www.abenex.com\/#\/schema\/person\/image\/\",\"url\":\"https:\/\/secure.gravatar.com\/avatar\/f055ded7a27e879ece34280c17d058e2ba94c9b96e06787d6fbd482c26aad2bf?s=96&d=mm&r=g\",\"contentUrl\":\"https:\/\/secure.gravatar.com\/avatar\/f055ded7a27e879ece34280c17d058e2ba94c9b96e06787d6fbd482c26aad2bf?s=96&d=mm&r=g\",\"caption\":\"simplypew@gmail.com\"},\"sameAs\":[\"https:\/\/www.abenex.com\"]}]}<\/script>\n<!-- \/ Yoast SEO plugin. -->","yoast_head_json":{"title":"Abenex Croissance annonce son entr\u00e9e au capital de l\u2019ISCG Paris aux c\u00f4t\u00e9s de ses dirigeants et de Soci\u00e9t\u00e9 G\u00e9n\u00e9rale Capital Partenaires | Abenex","robots":{"index":"index","follow":"follow","max-snippet":"max-snippet:-1","max-image-preview":"max-image-preview:large","max-video-preview":"max-video-preview:-1"},"canonical":"https:\/\/www.abenex.com\/fr\/abenex-croissance-annonce-son-entree-au-capital-de-liscg-paris-aux-cotes-de-ses-dirigeants-et-de-societe-generale-capital-partenaires\/","og_locale":"fr_FR","og_type":"article","og_title":"Abenex Croissance annonce son entr\u00e9e au capital de l\u2019ISCG Paris aux c\u00f4t\u00e9s de ses dirigeants et de Soci\u00e9t\u00e9 G\u00e9n\u00e9rale Capital Partenaires | Abenex","og_description":"Abenex Croissance annonce son entr\u00e9e au capital de l\u2019ISCG Paris, aux c\u00f4t\u00e9s de ses dirigeants, Pascale M\u00fcller, Jean-Christophe Delmas et Fr\u00e9d\u00e9rique Martinez, et de Soci\u00e9t\u00e9 G\u00e9n\u00e9rale Capital Partenaires (SGCP). Fond\u00e9e en 1993, l\u2019\u00e9cole forme chaque ann\u00e9e plus de 1 000 \u00e9tudiants en BTS, Bachelor ou Master depuis son campus situ\u00e9 au c\u0153ur de Paris. Sp\u00e9cialis\u00e9e [&hellip;]","og_url":"https:\/\/www.abenex.com\/fr\/abenex-croissance-annonce-son-entree-au-capital-de-liscg-paris-aux-cotes-de-ses-dirigeants-et-de-societe-generale-capital-partenaires\/","og_site_name":"Abenex","article_published_time":"2022-03-08T14:52:00+00:00","article_modified_time":"2023-11-24T09:07:35+00:00","og_image":[{"width":1058,"height":446,"url":"https:\/\/www.abenex.com\/wp-content\/uploads\/2023\/06\/Logo-ISCG-website.png","type":"image\/png"}],"author":"simplypew@gmail.com","twitter_card":"summary_large_image","twitter_misc":{"\u00c9crit par":"simplypew@gmail.com","Dur\u00e9e de lecture estim\u00e9e":"2 minutes"},"schema":{"@context":"https:\/\/schema.org","@graph":[{"@type":"Article","@id":"https:\/\/www.abenex.com\/fr\/abenex-croissance-annonce-son-entree-au-capital-de-liscg-paris-aux-cotes-de-ses-dirigeants-et-de-societe-generale-capital-partenaires\/#article","isPartOf":{"@id":"https:\/\/www.abenex.com\/fr\/abenex-croissance-annonce-son-entree-au-capital-de-liscg-paris-aux-cotes-de-ses-dirigeants-et-de-societe-generale-capital-partenaires\/"},"author":{"name":"simplypew@gmail.com","@id":"https:\/\/www.abenex.com\/#\/schema\/person\/fcaf61d7089f46f499def4617e8f05d5"},"headline":"Abenex Croissance annonce son entr\u00e9e au capital de l\u2019ISCG Paris aux c\u00f4t\u00e9s de ses dirigeants et de Soci\u00e9t\u00e9 G\u00e9n\u00e9rale Capital Partenaires","datePublished":"2022-03-08T14:52:00+00:00","dateModified":"2023-11-24T09:07:35+00:00","mainEntityOfPage":{"@id":"https:\/\/www.abenex.com\/fr\/abenex-croissance-annonce-son-entree-au-capital-de-liscg-paris-aux-cotes-de-ses-dirigeants-et-de-societe-generale-capital-partenaires\/"},"wordCount":442,"publisher":{"@id":"https:\/\/www.abenex.com\/#organization"},"image":{"@id":"https:\/\/www.abenex.com\/fr\/abenex-croissance-annonce-son-entree-au-capital-de-liscg-paris-aux-cotes-de-ses-dirigeants-et-de-societe-generale-capital-partenaires\/#primaryimage"},"thumbnailUrl":"https:\/\/www.abenex.com\/wp-content\/uploads\/2023\/06\/Logo-ISCG-website.png","articleSection":["Abenex","Participations"],"inLanguage":"fr-FR"},{"@type":"WebPage","@id":"https:\/\/www.abenex.com\/fr\/abenex-croissance-annonce-son-entree-au-capital-de-liscg-paris-aux-cotes-de-ses-dirigeants-et-de-societe-generale-capital-partenaires\/","url":"https:\/\/www.abenex.com\/fr\/abenex-croissance-annonce-son-entree-au-capital-de-liscg-paris-aux-cotes-de-ses-dirigeants-et-de-societe-generale-capital-partenaires\/","name":"Abenex Croissance annonce son entr\u00e9e au capital de l\u2019ISCG Paris aux c\u00f4t\u00e9s de ses dirigeants et de Soci\u00e9t\u00e9 G\u00e9n\u00e9rale Capital Partenaires | Abenex","isPartOf":{"@id":"https:\/\/www.abenex.com\/#website"},"primaryImageOfPage":{"@id":"https:\/\/www.abenex.com\/fr\/abenex-croissance-annonce-son-entree-au-capital-de-liscg-paris-aux-cotes-de-ses-dirigeants-et-de-societe-generale-capital-partenaires\/#primaryimage"},"image":{"@id":"https:\/\/www.abenex.com\/fr\/abenex-croissance-annonce-son-entree-au-capital-de-liscg-paris-aux-cotes-de-ses-dirigeants-et-de-societe-generale-capital-partenaires\/#primaryimage"},"thumbnailUrl":"https:\/\/www.abenex.com\/wp-content\/uploads\/2023\/06\/Logo-ISCG-website.png","datePublished":"2022-03-08T14:52:00+00:00","dateModified":"2023-11-24T09:07:35+00:00","breadcrumb":{"@id":"https:\/\/www.abenex.com\/fr\/abenex-croissance-annonce-son-entree-au-capital-de-liscg-paris-aux-cotes-de-ses-dirigeants-et-de-societe-generale-capital-partenaires\/#breadcrumb"},"inLanguage":"fr-FR","potentialAction":[{"@type":"ReadAction","target":["https:\/\/www.abenex.com\/fr\/abenex-croissance-annonce-son-entree-au-capital-de-liscg-paris-aux-cotes-de-ses-dirigeants-et-de-societe-generale-capital-partenaires\/"]}]},{"@type":"ImageObject","inLanguage":"fr-FR","@id":"https:\/\/www.abenex.com\/fr\/abenex-croissance-annonce-son-entree-au-capital-de-liscg-paris-aux-cotes-de-ses-dirigeants-et-de-societe-generale-capital-partenaires\/#primaryimage","url":"https:\/\/www.abenex.com\/wp-content\/uploads\/2023\/06\/Logo-ISCG-website.png","contentUrl":"https:\/\/www.abenex.com\/wp-content\/uploads\/2023\/06\/Logo-ISCG-website.png","width":1058,"height":446,"caption":"Logo ISCG"},{"@type":"BreadcrumbList","@id":"https:\/\/www.abenex.com\/fr\/abenex-croissance-annonce-son-entree-au-capital-de-liscg-paris-aux-cotes-de-ses-dirigeants-et-de-societe-generale-capital-partenaires\/#breadcrumb","itemListElement":[{"@type":"ListItem","position":1,"name":"Accueil","item":"https:\/\/www.abenex.com\/fr\/"},{"@type":"ListItem","position":2,"name":"Abenex Croissance annonce son entr\u00e9e au capital de l\u2019ISCG Paris aux c\u00f4t\u00e9s de ses dirigeants et de Soci\u00e9t\u00e9 G\u00e9n\u00e9rale Capital Partenaires"}]},{"@type":"WebSite","@id":"https:\/\/www.abenex.com\/#website","url":"https:\/\/www.abenex.com\/","name":"Abenex - Investing with purpose","description":"Investing with purpose","publisher":{"@id":"https:\/\/www.abenex.com\/#organization"},"potentialAction":[{"@type":"SearchAction","target":{"@type":"EntryPoint","urlTemplate":"https:\/\/www.abenex.com\/?s={search_term_string}"},"query-input":{"@type":"PropertyValueSpecification","valueRequired":true,"valueName":"search_term_string"}}],"inLanguage":"fr-FR"},{"@type":"Organization","@id":"https:\/\/www.abenex.com\/#organization","name":"Abenex - Investing with purpose","url":"https:\/\/www.abenex.com\/","logo":{"@type":"ImageObject","inLanguage":"fr-FR","@id":"https:\/\/www.abenex.com\/#\/schema\/logo\/image\/","url":"https:\/\/www.abenex.com\/wp-content\/uploads\/2023\/05\/FULL-LOGO-NOIR-BLEU-1.svg","contentUrl":"https:\/\/www.abenex.com\/wp-content\/uploads\/2023\/05\/FULL-LOGO-NOIR-BLEU-1.svg","width":166,"height":34,"caption":"Abenex - Investing with purpose"},"image":{"@id":"https:\/\/www.abenex.com\/#\/schema\/logo\/image\/"}},{"@type":"Person","@id":"https:\/\/www.abenex.com\/#\/schema\/person\/fcaf61d7089f46f499def4617e8f05d5","name":"simplypew@gmail.com","image":{"@type":"ImageObject","inLanguage":"fr-FR","@id":"https:\/\/www.abenex.com\/#\/schema\/person\/image\/","url":"https:\/\/secure.gravatar.com\/avatar\/f055ded7a27e879ece34280c17d058e2ba94c9b96e06787d6fbd482c26aad2bf?s=96&d=mm&r=g","contentUrl":"https:\/\/secure.gravatar.com\/avatar\/f055ded7a27e879ece34280c17d058e2ba94c9b96e06787d6fbd482c26aad2bf?s=96&d=mm&r=g","caption":"simplypew@gmail.com"},"sameAs":["https:\/\/www.abenex.com"]}]}},"_links":{"self":[{"href":"https:\/\/www.abenex.com\/fr\/wp-json\/wp\/v2\/posts\/6543","targetHints":{"allow":["GET"]}}],"collection":[{"href":"https:\/\/www.abenex.com\/fr\/wp-json\/wp\/v2\/posts"}],"about":[{"href":"https:\/\/www.abenex.com\/fr\/wp-json\/wp\/v2\/types\/post"}],"author":[{"embeddable":true,"href":"https:\/\/www.abenex.com\/fr\/wp-json\/wp\/v2\/users\/1"}],"replies":[{"embeddable":true,"href":"https:\/\/www.abenex.com\/fr\/wp-json\/wp\/v2\/comments?post=6543"}],"version-history":[{"count":1,"href":"https:\/\/www.abenex.com\/fr\/wp-json\/wp\/v2\/posts\/6543\/revisions"}],"predecessor-version":[{"id":6795,"href":"https:\/\/www.abenex.com\/fr\/wp-json\/wp\/v2\/posts\/6543\/revisions\/6795"}],"wp:featuredmedia":[{"embeddable":true,"href":"https:\/\/www.abenex.com\/fr\/wp-json\/wp\/v2\/media\/2835"}],"wp:attachment":[{"href":"https:\/\/www.abenex.com\/fr\/wp-json\/wp\/v2\/media?parent=6543"}],"wp:term":[{"taxonomy":"category","embeddable":true,"href":"https:\/\/www.abenex.com\/fr\/wp-json\/wp\/v2\/categories?post=6543"},{"taxonomy":"post_tag","embeddable":true,"href":"https:\/\/www.abenex.com\/fr\/wp-json\/wp\/v2\/tags?post=6543"}],"curies":[{"name":"wp","href":"https:\/\/api.w.org\/{rel}","templated":true}]}}