    
{"id":6544,"date":"2022-04-21T14:10:11","date_gmt":"2022-04-21T12:10:11","guid":{"rendered":"https:\/\/www.abenex.com\/blanchon-accelerates-its-international-growth-with-the-acquisition-of-rigo-in-the-netherlands\/"},"modified":"2024-03-06T17:21:23","modified_gmt":"2024-03-06T16:21:23","slug":"blanchon-accelerates-its-international-growth-with-the-acquisition-of-rigo-in-the-netherlands","status":"publish","type":"post","link":"https:\/\/www.abenex.com\/fr\/blanchon-accelerates-its-international-growth-with-the-acquisition-of-rigo-in-the-netherlands\/","title":{"rendered":"Blanchon acc\u00e9l\u00e8re sa croissance \u00e0 l&rsquo;international avec l&rsquo;acquisition de RIGO aux Pays-Bas"},"content":{"rendered":"\r\n<p>Le Groupe Blanchon annonce l&rsquo;acquisition de Rigo Verffabriek et Rigo Verfcentrum, une entreprise familiale n\u00e9erlandaise (\u00ab\u00a0la Soci\u00e9t\u00e9\u00a0\u00bb, \u00ab\u00a0le Groupe\u00a0\u00bb ou \u00ab\u00a0RIGO\u00a0\u00bb), sp\u00e9cialis\u00e9e dans la conception et la fabrication de produits de finition pour le bois et la peinture pour les b\u00e2timents patrimoniaux, d\u00e9di\u00e9s \u00e0 une client\u00e8le professionnelle.<\/p>\r\n\r\n\r\n\r\n<p>Cette acquisition s&rsquo;inscrit dans la strat\u00e9gie du Groupe Blanchon d&rsquo;acc\u00e9l\u00e9rer sa croissance internationale et de devenir un leader europ\u00e9en de la protection, de l&rsquo;entretien, de la r\u00e9novation et de la d\u00e9coration des surfaces bois\u00e9es int\u00e9rieures et ext\u00e9rieures ainsi que des sols vinyles. Avec des marques de produits tr\u00e8s fortes, dont Skylt, Step, Royl, Toplin et Skyn, et une croissance significative des ventes au cours de la derni\u00e8re d\u00e9cennie, RIGO est devenu le leader du march\u00e9 dans le segment des sols en bois aux Pays-Bas. La soci\u00e9t\u00e9 op\u00e8re \u00e0 partir d&rsquo;Ijmuiden, aux Pays-Bas, et ce site viendra s&rsquo;ajouter aux filiales europ\u00e9ennes bien implant\u00e9es de Blanchon, afin d&rsquo;acc\u00e9l\u00e9rer la croissance des activit\u00e9s internationales du groupe.<\/p>\r\n\r\n\r\n\r\n<p>S&rsquo;appuyant sur la compl\u00e9mentarit\u00e9 des gammes de produits Blanchon et RIGO, sur la forte notori\u00e9t\u00e9 de leurs marques de m\u00eame que sur leurs portefeuilles de clients respectifs, cette acquisition permet au Groupe Blanchon de devenir le leader du march\u00e9 des sols en bois aux Pays-Bas pour les professionnels. \u00c0 la suite de l&rsquo;acquisition de Ciranova en juin 2021, le groupe Blanchon est d\u00e9sormais bien \u00e9tabli en tant que leader du march\u00e9 en Belgique, aux Pays-Bas et au Luxembourg, ce qui repr\u00e9sente la r\u00e9gion la plus importante apr\u00e8s la France.<\/p>\r\n<p>Les anciens propri\u00e9taires et dirigeants de RIGO resteront pleinement impliqu\u00e9s dans l&rsquo;entreprise et assumeront la responsabilit\u00e9 globale de la r\u00e9gion BeNeLux. Ils ont investi dans le groupe Blanchon aux c\u00f4t\u00e9s des actionnaires actuels.<\/p>\r\n<p>Guillaume Cl\u00e9ment, PDG du groupe Blanchon, a d\u00e9clar\u00e9 : \u00ab\u00a0Nous sommes tr\u00e8s heureux d&rsquo;accueillir la talentueuse \u00e9quipe de RIGO au sein du groupe Blanchon. L&rsquo;acquisition de RIGO est un rapprochement parfait. RIGO a des racines familiales comme Blanchon et un profond esprit entrepreneurial forg\u00e9 par trois g\u00e9n\u00e9rations depuis 1938. La qualit\u00e9 des produits et la r\u00e9putation de la marque RIGO, combin\u00e9es \u00e0 sa forte expertise en mati\u00e8re de rev\u00eatements de sol et de meubles, sont des facteurs cl\u00e9s de succ\u00e8s. En outre, RIGO a beaucoup investi dans le d\u00e9veloppement d&rsquo;une offre de produits durables, qui comprend la gamme embl\u00e9matique de produits Toplin. Nous sommes d\u00e9sormais en mesure de proposer la plus vaste gamme de produits d&rsquo;entretien du bois, tant pour les applications int\u00e9rieures qu&rsquo;ext\u00e9rieures, sous trois marques compl\u00e9mentaires et hautement reconnues : RIGO, Blanchon et Ciranova. Tous les produits seront disponibles localement aux Pays-Bas, avec l&rsquo;ambition de soutenir pleinement la croissance des activit\u00e9s de nos clients professionnels n\u00e9erlandais.\u00a0\u00bb<\/p>\r\n\r\n\r\n\r\n\r\n\r\n<p>Toon Van Westerhoven, co-propri\u00e9taire de RIGO, a d\u00e9clar\u00e9: \u00ab\u00a0Nous sommes tr\u00e8s heureux de rejoindre le Groupe Blanchon partageant les m\u00eames valeurs et le m\u00eame ADN.\u00a0 C&rsquo;est la raison pour laquelle mon fr\u00e8re, Machiel Van Westerhoven,\u00a0 et moi-m\u00eame avons d\u00e9cid\u00e9 de vendre nos parts \u00e0 Blanchon. Nous avons r\u00e9ussi \u00e0 construire une marque forte aux Pays-Bas, et c&rsquo;est \u00e0 pr\u00e9sent le moment de construire une entreprise plus forte. En rejoignant le Groupe Blanchon, nous b\u00e9n\u00e9ficions d&rsquo;une expertise combin\u00e9e, m\u00ealant m\u00e9thodes et biens.\u00a0\u00bb<\/p>\r\n\r\n\r\n\r\n<p>Michael Van Westerhoven, copropri\u00e9taire de RIGO, a ajout\u00e9 : \u00ab\u00a0L&rsquo;acquisition permettra \u00e0 RIGO de se d\u00e9velopper dans de nouveaux segments de march\u00e9 et de nouveaux pays tout en tirant parti de l&rsquo;organisation du groupe Blanchon et, en effet, elle renforcera encore la position de RIGO dans la r\u00e9gion du Benelux. Il s&rsquo;agit d&rsquo;un long voyage \u00e0 entreprendre et d&rsquo;un nouveau chapitre prometteur pour notre entreprise.\u00a0\u00bb<\/p>\r\n","protected":false},"excerpt":{"rendered":"<p>Le Groupe Blanchon annonce l&rsquo;acquisition de Rigo Verffabriek et Rigo Verfcentrum, une entreprise familiale n\u00e9erlandaise (\u00ab\u00a0la Soci\u00e9t\u00e9\u00a0\u00bb, \u00ab\u00a0le Groupe\u00a0\u00bb ou \u00ab\u00a0RIGO\u00a0\u00bb), sp\u00e9cialis\u00e9e dans la conception et la fabrication de produits de finition pour le bois et la peinture pour les b\u00e2timents patrimoniaux, d\u00e9di\u00e9s \u00e0 une client\u00e8le professionnelle. Cette acquisition s&rsquo;inscrit dans la strat\u00e9gie du Groupe [&hellip;]<\/p>\n","protected":false},"author":1,"featured_media":12758,"comment_status":"closed","ping_status":"closed","sticky":false,"template":"","format":"standard","meta":{"footnotes":""},"categories":[105,103],"tags":[],"class_list":["post-6544","post","type-post","status-publish","format-standard","has-post-thumbnail","hentry","category-abenex","category-participation"],"acf":[],"yoast_head":"<!-- This site is optimized with the Yoast SEO plugin v27.1.1 - https:\/\/yoast.com\/product\/yoast-seo-wordpress\/ -->\n<title>Blanchon acc\u00e9l\u00e8re sa croissance \u00e0 l&#039;international avec l&#039;acquisition de RIGO aux Pays-Bas | Abenex<\/title>\n<meta name=\"description\" content=\"Accompagn\u00e9 par Abenex, Blanchon acc\u00e9l\u00e8re sa croissance \u00e0 l&#039;international avec l&#039;acquisition de RIGO aux Pays-Bas\" \/>\n<meta name=\"robots\" content=\"index, follow, max-snippet:-1, max-image-preview:large, max-video-preview:-1\" \/>\n<link rel=\"canonical\" href=\"https:\/\/www.abenex.com\/fr\/blanchon-accelerates-its-international-growth-with-the-acquisition-of-rigo-in-the-netherlands\/\" \/>\n<meta property=\"og:locale\" content=\"fr_FR\" \/>\n<meta property=\"og:type\" content=\"article\" \/>\n<meta property=\"og:title\" content=\"Blanchon acc\u00e9l\u00e8re sa croissance \u00e0 l&#039;international avec l&#039;acquisition de RIGO aux Pays-Bas | Abenex\" \/>\n<meta property=\"og:description\" content=\"Accompagn\u00e9 par Abenex, Blanchon acc\u00e9l\u00e8re sa croissance \u00e0 l&#039;international avec l&#039;acquisition de RIGO aux Pays-Bas\" \/>\n<meta property=\"og:url\" content=\"https:\/\/www.abenex.com\/fr\/blanchon-accelerates-its-international-growth-with-the-acquisition-of-rigo-in-the-netherlands\/\" \/>\n<meta property=\"og:site_name\" content=\"Abenex\" \/>\n<meta property=\"article:published_time\" content=\"2022-04-21T12:10:11+00:00\" \/>\n<meta property=\"article:modified_time\" content=\"2024-03-06T16:21:23+00:00\" \/>\n<meta property=\"og:image\" content=\"https:\/\/www.abenex.com\/wp-content\/uploads\/2020\/09\/Groupe-Blanchon.png\" \/>\n\t<meta property=\"og:image:width\" content=\"389\" \/>\n\t<meta property=\"og:image:height\" content=\"263\" \/>\n\t<meta property=\"og:image:type\" content=\"image\/png\" \/>\n<meta name=\"author\" content=\"simplypew@gmail.com\" \/>\n<meta name=\"twitter:card\" content=\"summary_large_image\" \/>\n<meta name=\"twitter:label1\" content=\"\u00c9crit par\" \/>\n\t<meta name=\"twitter:data1\" content=\"simplypew@gmail.com\" \/>\n\t<meta name=\"twitter:label2\" content=\"Dur\u00e9e de lecture estim\u00e9e\" \/>\n\t<meta name=\"twitter:data2\" content=\"3 minutes\" \/>\n<script type=\"application\/ld+json\" class=\"yoast-schema-graph\">{\"@context\":\"https:\/\/schema.org\",\"@graph\":[{\"@type\":\"Article\",\"@id\":\"https:\/\/www.abenex.com\/fr\/blanchon-accelerates-its-international-growth-with-the-acquisition-of-rigo-in-the-netherlands\/#article\",\"isPartOf\":{\"@id\":\"https:\/\/www.abenex.com\/fr\/blanchon-accelerates-its-international-growth-with-the-acquisition-of-rigo-in-the-netherlands\/\"},\"author\":{\"name\":\"simplypew@gmail.com\",\"@id\":\"https:\/\/www.abenex.com\/#\/schema\/person\/fcaf61d7089f46f499def4617e8f05d5\"},\"headline\":\"Blanchon acc\u00e9l\u00e8re sa croissance \u00e0 l&rsquo;international avec l&rsquo;acquisition de RIGO aux Pays-Bas\",\"datePublished\":\"2022-04-21T12:10:11+00:00\",\"dateModified\":\"2024-03-06T16:21:23+00:00\",\"mainEntityOfPage\":{\"@id\":\"https:\/\/www.abenex.com\/fr\/blanchon-accelerates-its-international-growth-with-the-acquisition-of-rigo-in-the-netherlands\/\"},\"wordCount\":661,\"publisher\":{\"@id\":\"https:\/\/www.abenex.com\/#organization\"},\"image\":{\"@id\":\"https:\/\/www.abenex.com\/fr\/blanchon-accelerates-its-international-growth-with-the-acquisition-of-rigo-in-the-netherlands\/#primaryimage\"},\"thumbnailUrl\":\"https:\/\/www.abenex.com\/wp-content\/uploads\/2020\/09\/Groupe-Blanchon.png\",\"articleSection\":[\"Abenex\",\"Participations\"],\"inLanguage\":\"fr-FR\"},{\"@type\":\"WebPage\",\"@id\":\"https:\/\/www.abenex.com\/fr\/blanchon-accelerates-its-international-growth-with-the-acquisition-of-rigo-in-the-netherlands\/\",\"url\":\"https:\/\/www.abenex.com\/fr\/blanchon-accelerates-its-international-growth-with-the-acquisition-of-rigo-in-the-netherlands\/\",\"name\":\"Blanchon acc\u00e9l\u00e8re sa croissance \u00e0 l'international avec l'acquisition de RIGO aux Pays-Bas | Abenex\",\"isPartOf\":{\"@id\":\"https:\/\/www.abenex.com\/#website\"},\"primaryImageOfPage\":{\"@id\":\"https:\/\/www.abenex.com\/fr\/blanchon-accelerates-its-international-growth-with-the-acquisition-of-rigo-in-the-netherlands\/#primaryimage\"},\"image\":{\"@id\":\"https:\/\/www.abenex.com\/fr\/blanchon-accelerates-its-international-growth-with-the-acquisition-of-rigo-in-the-netherlands\/#primaryimage\"},\"thumbnailUrl\":\"https:\/\/www.abenex.com\/wp-content\/uploads\/2020\/09\/Groupe-Blanchon.png\",\"datePublished\":\"2022-04-21T12:10:11+00:00\",\"dateModified\":\"2024-03-06T16:21:23+00:00\",\"description\":\"Accompagn\u00e9 par Abenex, Blanchon acc\u00e9l\u00e8re sa croissance \u00e0 l'international avec l'acquisition de RIGO aux Pays-Bas\",\"breadcrumb\":{\"@id\":\"https:\/\/www.abenex.com\/fr\/blanchon-accelerates-its-international-growth-with-the-acquisition-of-rigo-in-the-netherlands\/#breadcrumb\"},\"inLanguage\":\"fr-FR\",\"potentialAction\":[{\"@type\":\"ReadAction\",\"target\":[\"https:\/\/www.abenex.com\/fr\/blanchon-accelerates-its-international-growth-with-the-acquisition-of-rigo-in-the-netherlands\/\"]}]},{\"@type\":\"ImageObject\",\"inLanguage\":\"fr-FR\",\"@id\":\"https:\/\/www.abenex.com\/fr\/blanchon-accelerates-its-international-growth-with-the-acquisition-of-rigo-in-the-netherlands\/#primaryimage\",\"url\":\"https:\/\/www.abenex.com\/wp-content\/uploads\/2020\/09\/Groupe-Blanchon.png\",\"contentUrl\":\"https:\/\/www.abenex.com\/wp-content\/uploads\/2020\/09\/Groupe-Blanchon.png\",\"width\":389,\"height\":263,\"caption\":\"Groupe Blanchon\"},{\"@type\":\"BreadcrumbList\",\"@id\":\"https:\/\/www.abenex.com\/fr\/blanchon-accelerates-its-international-growth-with-the-acquisition-of-rigo-in-the-netherlands\/#breadcrumb\",\"itemListElement\":[{\"@type\":\"ListItem\",\"position\":1,\"name\":\"Accueil\",\"item\":\"https:\/\/www.abenex.com\/fr\/\"},{\"@type\":\"ListItem\",\"position\":2,\"name\":\"Blanchon acc\u00e9l\u00e8re sa croissance \u00e0 l&#8217;international avec l&#8217;acquisition de RIGO aux Pays-Bas\"}]},{\"@type\":\"WebSite\",\"@id\":\"https:\/\/www.abenex.com\/#website\",\"url\":\"https:\/\/www.abenex.com\/\",\"name\":\"Abenex - Investing with purpose\",\"description\":\"Investing with purpose\",\"publisher\":{\"@id\":\"https:\/\/www.abenex.com\/#organization\"},\"potentialAction\":[{\"@type\":\"SearchAction\",\"target\":{\"@type\":\"EntryPoint\",\"urlTemplate\":\"https:\/\/www.abenex.com\/?s={search_term_string}\"},\"query-input\":{\"@type\":\"PropertyValueSpecification\",\"valueRequired\":true,\"valueName\":\"search_term_string\"}}],\"inLanguage\":\"fr-FR\"},{\"@type\":\"Organization\",\"@id\":\"https:\/\/www.abenex.com\/#organization\",\"name\":\"Abenex - Investing with purpose\",\"url\":\"https:\/\/www.abenex.com\/\",\"logo\":{\"@type\":\"ImageObject\",\"inLanguage\":\"fr-FR\",\"@id\":\"https:\/\/www.abenex.com\/#\/schema\/logo\/image\/\",\"url\":\"https:\/\/www.abenex.com\/wp-content\/uploads\/2023\/05\/FULL-LOGO-NOIR-BLEU-1.svg\",\"contentUrl\":\"https:\/\/www.abenex.com\/wp-content\/uploads\/2023\/05\/FULL-LOGO-NOIR-BLEU-1.svg\",\"width\":166,\"height\":34,\"caption\":\"Abenex - Investing with purpose\"},\"image\":{\"@id\":\"https:\/\/www.abenex.com\/#\/schema\/logo\/image\/\"}},{\"@type\":\"Person\",\"@id\":\"https:\/\/www.abenex.com\/#\/schema\/person\/fcaf61d7089f46f499def4617e8f05d5\",\"name\":\"simplypew@gmail.com\",\"image\":{\"@type\":\"ImageObject\",\"inLanguage\":\"fr-FR\",\"@id\":\"https:\/\/www.abenex.com\/#\/schema\/person\/image\/\",\"url\":\"https:\/\/secure.gravatar.com\/avatar\/f055ded7a27e879ece34280c17d058e2ba94c9b96e06787d6fbd482c26aad2bf?s=96&d=mm&r=g\",\"contentUrl\":\"https:\/\/secure.gravatar.com\/avatar\/f055ded7a27e879ece34280c17d058e2ba94c9b96e06787d6fbd482c26aad2bf?s=96&d=mm&r=g\",\"caption\":\"simplypew@gmail.com\"},\"sameAs\":[\"https:\/\/www.abenex.com\"]}]}<\/script>\n<!-- \/ Yoast SEO plugin. -->","yoast_head_json":{"title":"Blanchon acc\u00e9l\u00e8re sa croissance \u00e0 l'international avec l'acquisition de RIGO aux Pays-Bas | Abenex","description":"Accompagn\u00e9 par Abenex, Blanchon acc\u00e9l\u00e8re sa croissance \u00e0 l'international avec l'acquisition de RIGO aux Pays-Bas","robots":{"index":"index","follow":"follow","max-snippet":"max-snippet:-1","max-image-preview":"max-image-preview:large","max-video-preview":"max-video-preview:-1"},"canonical":"https:\/\/www.abenex.com\/fr\/blanchon-accelerates-its-international-growth-with-the-acquisition-of-rigo-in-the-netherlands\/","og_locale":"fr_FR","og_type":"article","og_title":"Blanchon acc\u00e9l\u00e8re sa croissance \u00e0 l'international avec l'acquisition de RIGO aux Pays-Bas | Abenex","og_description":"Accompagn\u00e9 par Abenex, Blanchon acc\u00e9l\u00e8re sa croissance \u00e0 l'international avec l'acquisition de RIGO aux Pays-Bas","og_url":"https:\/\/www.abenex.com\/fr\/blanchon-accelerates-its-international-growth-with-the-acquisition-of-rigo-in-the-netherlands\/","og_site_name":"Abenex","article_published_time":"2022-04-21T12:10:11+00:00","article_modified_time":"2024-03-06T16:21:23+00:00","og_image":[{"width":389,"height":263,"url":"https:\/\/www.abenex.com\/wp-content\/uploads\/2020\/09\/Groupe-Blanchon.png","type":"image\/png"}],"author":"simplypew@gmail.com","twitter_card":"summary_large_image","twitter_misc":{"\u00c9crit par":"simplypew@gmail.com","Dur\u00e9e de lecture estim\u00e9e":"3 minutes"},"schema":{"@context":"https:\/\/schema.org","@graph":[{"@type":"Article","@id":"https:\/\/www.abenex.com\/fr\/blanchon-accelerates-its-international-growth-with-the-acquisition-of-rigo-in-the-netherlands\/#article","isPartOf":{"@id":"https:\/\/www.abenex.com\/fr\/blanchon-accelerates-its-international-growth-with-the-acquisition-of-rigo-in-the-netherlands\/"},"author":{"name":"simplypew@gmail.com","@id":"https:\/\/www.abenex.com\/#\/schema\/person\/fcaf61d7089f46f499def4617e8f05d5"},"headline":"Blanchon acc\u00e9l\u00e8re sa croissance \u00e0 l&rsquo;international avec l&rsquo;acquisition de RIGO aux Pays-Bas","datePublished":"2022-04-21T12:10:11+00:00","dateModified":"2024-03-06T16:21:23+00:00","mainEntityOfPage":{"@id":"https:\/\/www.abenex.com\/fr\/blanchon-accelerates-its-international-growth-with-the-acquisition-of-rigo-in-the-netherlands\/"},"wordCount":661,"publisher":{"@id":"https:\/\/www.abenex.com\/#organization"},"image":{"@id":"https:\/\/www.abenex.com\/fr\/blanchon-accelerates-its-international-growth-with-the-acquisition-of-rigo-in-the-netherlands\/#primaryimage"},"thumbnailUrl":"https:\/\/www.abenex.com\/wp-content\/uploads\/2020\/09\/Groupe-Blanchon.png","articleSection":["Abenex","Participations"],"inLanguage":"fr-FR"},{"@type":"WebPage","@id":"https:\/\/www.abenex.com\/fr\/blanchon-accelerates-its-international-growth-with-the-acquisition-of-rigo-in-the-netherlands\/","url":"https:\/\/www.abenex.com\/fr\/blanchon-accelerates-its-international-growth-with-the-acquisition-of-rigo-in-the-netherlands\/","name":"Blanchon acc\u00e9l\u00e8re sa croissance \u00e0 l'international avec l'acquisition de RIGO aux Pays-Bas | Abenex","isPartOf":{"@id":"https:\/\/www.abenex.com\/#website"},"primaryImageOfPage":{"@id":"https:\/\/www.abenex.com\/fr\/blanchon-accelerates-its-international-growth-with-the-acquisition-of-rigo-in-the-netherlands\/#primaryimage"},"image":{"@id":"https:\/\/www.abenex.com\/fr\/blanchon-accelerates-its-international-growth-with-the-acquisition-of-rigo-in-the-netherlands\/#primaryimage"},"thumbnailUrl":"https:\/\/www.abenex.com\/wp-content\/uploads\/2020\/09\/Groupe-Blanchon.png","datePublished":"2022-04-21T12:10:11+00:00","dateModified":"2024-03-06T16:21:23+00:00","description":"Accompagn\u00e9 par Abenex, Blanchon acc\u00e9l\u00e8re sa croissance \u00e0 l'international avec l'acquisition de RIGO aux Pays-Bas","breadcrumb":{"@id":"https:\/\/www.abenex.com\/fr\/blanchon-accelerates-its-international-growth-with-the-acquisition-of-rigo-in-the-netherlands\/#breadcrumb"},"inLanguage":"fr-FR","potentialAction":[{"@type":"ReadAction","target":["https:\/\/www.abenex.com\/fr\/blanchon-accelerates-its-international-growth-with-the-acquisition-of-rigo-in-the-netherlands\/"]}]},{"@type":"ImageObject","inLanguage":"fr-FR","@id":"https:\/\/www.abenex.com\/fr\/blanchon-accelerates-its-international-growth-with-the-acquisition-of-rigo-in-the-netherlands\/#primaryimage","url":"https:\/\/www.abenex.com\/wp-content\/uploads\/2020\/09\/Groupe-Blanchon.png","contentUrl":"https:\/\/www.abenex.com\/wp-content\/uploads\/2020\/09\/Groupe-Blanchon.png","width":389,"height":263,"caption":"Groupe Blanchon"},{"@type":"BreadcrumbList","@id":"https:\/\/www.abenex.com\/fr\/blanchon-accelerates-its-international-growth-with-the-acquisition-of-rigo-in-the-netherlands\/#breadcrumb","itemListElement":[{"@type":"ListItem","position":1,"name":"Accueil","item":"https:\/\/www.abenex.com\/fr\/"},{"@type":"ListItem","position":2,"name":"Blanchon acc\u00e9l\u00e8re sa croissance \u00e0 l&#8217;international avec l&#8217;acquisition de RIGO aux Pays-Bas"}]},{"@type":"WebSite","@id":"https:\/\/www.abenex.com\/#website","url":"https:\/\/www.abenex.com\/","name":"Abenex - Investing with purpose","description":"Investing with purpose","publisher":{"@id":"https:\/\/www.abenex.com\/#organization"},"potentialAction":[{"@type":"SearchAction","target":{"@type":"EntryPoint","urlTemplate":"https:\/\/www.abenex.com\/?s={search_term_string}"},"query-input":{"@type":"PropertyValueSpecification","valueRequired":true,"valueName":"search_term_string"}}],"inLanguage":"fr-FR"},{"@type":"Organization","@id":"https:\/\/www.abenex.com\/#organization","name":"Abenex - Investing with purpose","url":"https:\/\/www.abenex.com\/","logo":{"@type":"ImageObject","inLanguage":"fr-FR","@id":"https:\/\/www.abenex.com\/#\/schema\/logo\/image\/","url":"https:\/\/www.abenex.com\/wp-content\/uploads\/2023\/05\/FULL-LOGO-NOIR-BLEU-1.svg","contentUrl":"https:\/\/www.abenex.com\/wp-content\/uploads\/2023\/05\/FULL-LOGO-NOIR-BLEU-1.svg","width":166,"height":34,"caption":"Abenex - Investing with purpose"},"image":{"@id":"https:\/\/www.abenex.com\/#\/schema\/logo\/image\/"}},{"@type":"Person","@id":"https:\/\/www.abenex.com\/#\/schema\/person\/fcaf61d7089f46f499def4617e8f05d5","name":"simplypew@gmail.com","image":{"@type":"ImageObject","inLanguage":"fr-FR","@id":"https:\/\/www.abenex.com\/#\/schema\/person\/image\/","url":"https:\/\/secure.gravatar.com\/avatar\/f055ded7a27e879ece34280c17d058e2ba94c9b96e06787d6fbd482c26aad2bf?s=96&d=mm&r=g","contentUrl":"https:\/\/secure.gravatar.com\/avatar\/f055ded7a27e879ece34280c17d058e2ba94c9b96e06787d6fbd482c26aad2bf?s=96&d=mm&r=g","caption":"simplypew@gmail.com"},"sameAs":["https:\/\/www.abenex.com"]}]}},"_links":{"self":[{"href":"https:\/\/www.abenex.com\/fr\/wp-json\/wp\/v2\/posts\/6544","targetHints":{"allow":["GET"]}}],"collection":[{"href":"https:\/\/www.abenex.com\/fr\/wp-json\/wp\/v2\/posts"}],"about":[{"href":"https:\/\/www.abenex.com\/fr\/wp-json\/wp\/v2\/types\/post"}],"author":[{"embeddable":true,"href":"https:\/\/www.abenex.com\/fr\/wp-json\/wp\/v2\/users\/1"}],"replies":[{"embeddable":true,"href":"https:\/\/www.abenex.com\/fr\/wp-json\/wp\/v2\/comments?post=6544"}],"version-history":[{"count":4,"href":"https:\/\/www.abenex.com\/fr\/wp-json\/wp\/v2\/posts\/6544\/revisions"}],"predecessor-version":[{"id":11836,"href":"https:\/\/www.abenex.com\/fr\/wp-json\/wp\/v2\/posts\/6544\/revisions\/11836"}],"wp:featuredmedia":[{"embeddable":true,"href":"https:\/\/www.abenex.com\/fr\/wp-json\/wp\/v2\/media\/12758"}],"wp:attachment":[{"href":"https:\/\/www.abenex.com\/fr\/wp-json\/wp\/v2\/media?parent=6544"}],"wp:term":[{"taxonomy":"category","embeddable":true,"href":"https:\/\/www.abenex.com\/fr\/wp-json\/wp\/v2\/categories?post=6544"},{"taxonomy":"post_tag","embeddable":true,"href":"https:\/\/www.abenex.com\/fr\/wp-json\/wp\/v2\/tags?post=6544"}],"curies":[{"name":"wp","href":"https:\/\/api.w.org\/{rel}","templated":true}]}}