    
{"id":6549,"date":"2022-07-01T14:08:00","date_gmt":"2022-07-01T12:08:00","guid":{"rendered":"https:\/\/www.abenex.com\/groupe-adf-acquiert-la-societe-amrikart-ultraprecision-inc-au-quebec\/"},"modified":"2024-03-05T15:27:01","modified_gmt":"2024-03-05T14:27:01","slug":"groupe-adf-acquiert-la-societe-amrikart-ultraprecision-inc-au-quebec","status":"publish","type":"post","link":"https:\/\/www.abenex.com\/fr\/groupe-adf-acquiert-la-societe-amrikart-ultraprecision-inc-au-quebec\/","title":{"rendered":"Groupe ADF acquiert la soci\u00e9t\u00e9 Amrikart Ultraprecision Inc. au Qu\u00e9bec."},"content":{"rendered":"\r\n<p>Fort de son implantation \u00e0 Montr\u00e9al depuis 2011 avec sa filiale Solutions Latesys Canada, Groupe ADF confirme sa strat\u00e9gie de croissance en faisant l\u2019acquisition de Amrikart Ultraprecision Inc., soci\u00e9t\u00e9 sp\u00e9cialis\u00e9e dans la m\u00e9trologie dimensionnelle de haute pr\u00e9cision. D\u00e9j\u00e0 reconnu dans le domaine de la m\u00e9trologie sous la marque G2Metric, Groupe ADF a souhait\u00e9 compl\u00e9ter sa palette d\u2019expertises gr\u00e2ce aux solutions d\u00e9velopp\u00e9es par les \u00e9quipes d\u2019Amrikart Ultraprecision. Elles apporteront ainsi des savoir-faire et expertises additionnels, pour r\u00e9pondre \u00e0 la strat\u00e9gie du groupe d\u2019\u00eatre au plus proche des attentes et besoins du march\u00e9. C\u2019est \u00e9galement un moyen pour Groupe ADF de confirmer sa position en Am\u00e9rique du Nord et ainsi renforcer l\u2019accompagnement de ses grands comptes \u00e0 l\u2019international.<\/p>\r\n","protected":false},"excerpt":{"rendered":"<p>Fort de son implantation \u00e0 Montr\u00e9al depuis 2011 avec sa filiale Solutions Latesys Canada, Groupe ADF confirme sa strat\u00e9gie de croissance en faisant l\u2019acquisition de Amrikart Ultraprecision Inc., soci\u00e9t\u00e9 sp\u00e9cialis\u00e9e dans la m\u00e9trologie dimensionnelle de haute pr\u00e9cision. D\u00e9j\u00e0 reconnu dans le domaine de la m\u00e9trologie sous la marque G2Metric, Groupe ADF a souhait\u00e9 compl\u00e9ter sa [&hellip;]<\/p>\n","protected":false},"author":1,"featured_media":12754,"comment_status":"closed","ping_status":"closed","sticky":false,"template":"","format":"standard","meta":{"footnotes":""},"categories":[105,103],"tags":[],"class_list":["post-6549","post","type-post","status-publish","format-standard","has-post-thumbnail","hentry","category-abenex","category-participation"],"acf":[],"yoast_head":"<!-- This site is optimized with the Yoast SEO plugin v27.1.1 - https:\/\/yoast.com\/product\/yoast-seo-wordpress\/ -->\n<title>Groupe ADF acquiert la soci\u00e9t\u00e9 Amrikart Ultraprecision Inc. au Qu\u00e9bec. | Abenex<\/title>\n<meta name=\"robots\" content=\"index, follow, max-snippet:-1, max-image-preview:large, max-video-preview:-1\" \/>\n<link rel=\"canonical\" href=\"https:\/\/www.abenex.com\/fr\/groupe-adf-acquiert-la-societe-amrikart-ultraprecision-inc-au-quebec\/\" \/>\n<meta property=\"og:locale\" content=\"fr_FR\" \/>\n<meta property=\"og:type\" content=\"article\" \/>\n<meta property=\"og:title\" content=\"Groupe ADF acquiert la soci\u00e9t\u00e9 Amrikart Ultraprecision Inc. au Qu\u00e9bec. | Abenex\" \/>\n<meta property=\"og:description\" content=\"Fort de son implantation \u00e0 Montr\u00e9al depuis 2011 avec sa filiale Solutions Latesys Canada, Groupe ADF confirme sa strat\u00e9gie de croissance en faisant l\u2019acquisition de Amrikart Ultraprecision Inc., soci\u00e9t\u00e9 sp\u00e9cialis\u00e9e dans la m\u00e9trologie dimensionnelle de haute pr\u00e9cision. D\u00e9j\u00e0 reconnu dans le domaine de la m\u00e9trologie sous la marque G2Metric, Groupe ADF a souhait\u00e9 compl\u00e9ter sa [&hellip;]\" \/>\n<meta property=\"og:url\" content=\"https:\/\/www.abenex.com\/fr\/groupe-adf-acquiert-la-societe-amrikart-ultraprecision-inc-au-quebec\/\" \/>\n<meta property=\"og:site_name\" content=\"Abenex\" \/>\n<meta property=\"article:published_time\" content=\"2022-07-01T12:08:00+00:00\" \/>\n<meta property=\"article:modified_time\" content=\"2024-03-05T14:27:01+00:00\" \/>\n<meta property=\"og:image\" content=\"https:\/\/www.abenex.com\/wp-content\/uploads\/2020\/09\/Groupe-ADF.png\" \/>\n\t<meta property=\"og:image:width\" content=\"389\" \/>\n\t<meta property=\"og:image:height\" content=\"263\" \/>\n\t<meta property=\"og:image:type\" content=\"image\/png\" \/>\n<meta name=\"author\" content=\"simplypew@gmail.com\" \/>\n<meta name=\"twitter:card\" content=\"summary_large_image\" \/>\n<meta name=\"twitter:label1\" content=\"\u00c9crit par\" \/>\n\t<meta name=\"twitter:data1\" content=\"simplypew@gmail.com\" \/>\n\t<meta name=\"twitter:label2\" content=\"Dur\u00e9e de lecture estim\u00e9e\" \/>\n\t<meta name=\"twitter:data2\" content=\"1 minute\" \/>\n<script type=\"application\/ld+json\" class=\"yoast-schema-graph\">{\"@context\":\"https:\/\/schema.org\",\"@graph\":[{\"@type\":\"Article\",\"@id\":\"https:\/\/www.abenex.com\/fr\/groupe-adf-acquiert-la-societe-amrikart-ultraprecision-inc-au-quebec\/#article\",\"isPartOf\":{\"@id\":\"https:\/\/www.abenex.com\/fr\/groupe-adf-acquiert-la-societe-amrikart-ultraprecision-inc-au-quebec\/\"},\"author\":{\"name\":\"simplypew@gmail.com\",\"@id\":\"https:\/\/www.abenex.com\/#\/schema\/person\/fcaf61d7089f46f499def4617e8f05d5\"},\"headline\":\"Groupe ADF acquiert la soci\u00e9t\u00e9 Amrikart Ultraprecision Inc. au Qu\u00e9bec.\",\"datePublished\":\"2022-07-01T12:08:00+00:00\",\"dateModified\":\"2024-03-05T14:27:01+00:00\",\"mainEntityOfPage\":{\"@id\":\"https:\/\/www.abenex.com\/fr\/groupe-adf-acquiert-la-societe-amrikart-ultraprecision-inc-au-quebec\/\"},\"wordCount\":148,\"publisher\":{\"@id\":\"https:\/\/www.abenex.com\/#organization\"},\"image\":{\"@id\":\"https:\/\/www.abenex.com\/fr\/groupe-adf-acquiert-la-societe-amrikart-ultraprecision-inc-au-quebec\/#primaryimage\"},\"thumbnailUrl\":\"https:\/\/www.abenex.com\/wp-content\/uploads\/2020\/09\/Groupe-ADF.png\",\"articleSection\":[\"Abenex\",\"Participations\"],\"inLanguage\":\"fr-FR\"},{\"@type\":\"WebPage\",\"@id\":\"https:\/\/www.abenex.com\/fr\/groupe-adf-acquiert-la-societe-amrikart-ultraprecision-inc-au-quebec\/\",\"url\":\"https:\/\/www.abenex.com\/fr\/groupe-adf-acquiert-la-societe-amrikart-ultraprecision-inc-au-quebec\/\",\"name\":\"Groupe ADF acquiert la soci\u00e9t\u00e9 Amrikart Ultraprecision Inc. au Qu\u00e9bec. | Abenex\",\"isPartOf\":{\"@id\":\"https:\/\/www.abenex.com\/#website\"},\"primaryImageOfPage\":{\"@id\":\"https:\/\/www.abenex.com\/fr\/groupe-adf-acquiert-la-societe-amrikart-ultraprecision-inc-au-quebec\/#primaryimage\"},\"image\":{\"@id\":\"https:\/\/www.abenex.com\/fr\/groupe-adf-acquiert-la-societe-amrikart-ultraprecision-inc-au-quebec\/#primaryimage\"},\"thumbnailUrl\":\"https:\/\/www.abenex.com\/wp-content\/uploads\/2020\/09\/Groupe-ADF.png\",\"datePublished\":\"2022-07-01T12:08:00+00:00\",\"dateModified\":\"2024-03-05T14:27:01+00:00\",\"breadcrumb\":{\"@id\":\"https:\/\/www.abenex.com\/fr\/groupe-adf-acquiert-la-societe-amrikart-ultraprecision-inc-au-quebec\/#breadcrumb\"},\"inLanguage\":\"fr-FR\",\"potentialAction\":[{\"@type\":\"ReadAction\",\"target\":[\"https:\/\/www.abenex.com\/fr\/groupe-adf-acquiert-la-societe-amrikart-ultraprecision-inc-au-quebec\/\"]}]},{\"@type\":\"ImageObject\",\"inLanguage\":\"fr-FR\",\"@id\":\"https:\/\/www.abenex.com\/fr\/groupe-adf-acquiert-la-societe-amrikart-ultraprecision-inc-au-quebec\/#primaryimage\",\"url\":\"https:\/\/www.abenex.com\/wp-content\/uploads\/2020\/09\/Groupe-ADF.png\",\"contentUrl\":\"https:\/\/www.abenex.com\/wp-content\/uploads\/2020\/09\/Groupe-ADF.png\",\"width\":389,\"height\":263,\"caption\":\"Groupe ADF\"},{\"@type\":\"BreadcrumbList\",\"@id\":\"https:\/\/www.abenex.com\/fr\/groupe-adf-acquiert-la-societe-amrikart-ultraprecision-inc-au-quebec\/#breadcrumb\",\"itemListElement\":[{\"@type\":\"ListItem\",\"position\":1,\"name\":\"Accueil\",\"item\":\"https:\/\/www.abenex.com\/fr\/\"},{\"@type\":\"ListItem\",\"position\":2,\"name\":\"Groupe ADF acquiert la soci\u00e9t\u00e9 Amrikart Ultraprecision Inc. au Qu\u00e9bec.\"}]},{\"@type\":\"WebSite\",\"@id\":\"https:\/\/www.abenex.com\/#website\",\"url\":\"https:\/\/www.abenex.com\/\",\"name\":\"Abenex - Investing with purpose\",\"description\":\"Investing with purpose\",\"publisher\":{\"@id\":\"https:\/\/www.abenex.com\/#organization\"},\"potentialAction\":[{\"@type\":\"SearchAction\",\"target\":{\"@type\":\"EntryPoint\",\"urlTemplate\":\"https:\/\/www.abenex.com\/?s={search_term_string}\"},\"query-input\":{\"@type\":\"PropertyValueSpecification\",\"valueRequired\":true,\"valueName\":\"search_term_string\"}}],\"inLanguage\":\"fr-FR\"},{\"@type\":\"Organization\",\"@id\":\"https:\/\/www.abenex.com\/#organization\",\"name\":\"Abenex - Investing with purpose\",\"url\":\"https:\/\/www.abenex.com\/\",\"logo\":{\"@type\":\"ImageObject\",\"inLanguage\":\"fr-FR\",\"@id\":\"https:\/\/www.abenex.com\/#\/schema\/logo\/image\/\",\"url\":\"https:\/\/www.abenex.com\/wp-content\/uploads\/2023\/05\/FULL-LOGO-NOIR-BLEU-1.svg\",\"contentUrl\":\"https:\/\/www.abenex.com\/wp-content\/uploads\/2023\/05\/FULL-LOGO-NOIR-BLEU-1.svg\",\"width\":166,\"height\":34,\"caption\":\"Abenex - Investing with purpose\"},\"image\":{\"@id\":\"https:\/\/www.abenex.com\/#\/schema\/logo\/image\/\"}},{\"@type\":\"Person\",\"@id\":\"https:\/\/www.abenex.com\/#\/schema\/person\/fcaf61d7089f46f499def4617e8f05d5\",\"name\":\"simplypew@gmail.com\",\"image\":{\"@type\":\"ImageObject\",\"inLanguage\":\"fr-FR\",\"@id\":\"https:\/\/www.abenex.com\/#\/schema\/person\/image\/\",\"url\":\"https:\/\/secure.gravatar.com\/avatar\/f055ded7a27e879ece34280c17d058e2ba94c9b96e06787d6fbd482c26aad2bf?s=96&d=mm&r=g\",\"contentUrl\":\"https:\/\/secure.gravatar.com\/avatar\/f055ded7a27e879ece34280c17d058e2ba94c9b96e06787d6fbd482c26aad2bf?s=96&d=mm&r=g\",\"caption\":\"simplypew@gmail.com\"},\"sameAs\":[\"https:\/\/www.abenex.com\"]}]}<\/script>\n<!-- \/ Yoast SEO plugin. -->","yoast_head_json":{"title":"Groupe ADF acquiert la soci\u00e9t\u00e9 Amrikart Ultraprecision Inc. au Qu\u00e9bec. | Abenex","robots":{"index":"index","follow":"follow","max-snippet":"max-snippet:-1","max-image-preview":"max-image-preview:large","max-video-preview":"max-video-preview:-1"},"canonical":"https:\/\/www.abenex.com\/fr\/groupe-adf-acquiert-la-societe-amrikart-ultraprecision-inc-au-quebec\/","og_locale":"fr_FR","og_type":"article","og_title":"Groupe ADF acquiert la soci\u00e9t\u00e9 Amrikart Ultraprecision Inc. au Qu\u00e9bec. | Abenex","og_description":"Fort de son implantation \u00e0 Montr\u00e9al depuis 2011 avec sa filiale Solutions Latesys Canada, Groupe ADF confirme sa strat\u00e9gie de croissance en faisant l\u2019acquisition de Amrikart Ultraprecision Inc., soci\u00e9t\u00e9 sp\u00e9cialis\u00e9e dans la m\u00e9trologie dimensionnelle de haute pr\u00e9cision. D\u00e9j\u00e0 reconnu dans le domaine de la m\u00e9trologie sous la marque G2Metric, Groupe ADF a souhait\u00e9 compl\u00e9ter sa [&hellip;]","og_url":"https:\/\/www.abenex.com\/fr\/groupe-adf-acquiert-la-societe-amrikart-ultraprecision-inc-au-quebec\/","og_site_name":"Abenex","article_published_time":"2022-07-01T12:08:00+00:00","article_modified_time":"2024-03-05T14:27:01+00:00","og_image":[{"width":389,"height":263,"url":"https:\/\/www.abenex.com\/wp-content\/uploads\/2020\/09\/Groupe-ADF.png","type":"image\/png"}],"author":"simplypew@gmail.com","twitter_card":"summary_large_image","twitter_misc":{"\u00c9crit par":"simplypew@gmail.com","Dur\u00e9e de lecture estim\u00e9e":"1 minute"},"schema":{"@context":"https:\/\/schema.org","@graph":[{"@type":"Article","@id":"https:\/\/www.abenex.com\/fr\/groupe-adf-acquiert-la-societe-amrikart-ultraprecision-inc-au-quebec\/#article","isPartOf":{"@id":"https:\/\/www.abenex.com\/fr\/groupe-adf-acquiert-la-societe-amrikart-ultraprecision-inc-au-quebec\/"},"author":{"name":"simplypew@gmail.com","@id":"https:\/\/www.abenex.com\/#\/schema\/person\/fcaf61d7089f46f499def4617e8f05d5"},"headline":"Groupe ADF acquiert la soci\u00e9t\u00e9 Amrikart Ultraprecision Inc. au Qu\u00e9bec.","datePublished":"2022-07-01T12:08:00+00:00","dateModified":"2024-03-05T14:27:01+00:00","mainEntityOfPage":{"@id":"https:\/\/www.abenex.com\/fr\/groupe-adf-acquiert-la-societe-amrikart-ultraprecision-inc-au-quebec\/"},"wordCount":148,"publisher":{"@id":"https:\/\/www.abenex.com\/#organization"},"image":{"@id":"https:\/\/www.abenex.com\/fr\/groupe-adf-acquiert-la-societe-amrikart-ultraprecision-inc-au-quebec\/#primaryimage"},"thumbnailUrl":"https:\/\/www.abenex.com\/wp-content\/uploads\/2020\/09\/Groupe-ADF.png","articleSection":["Abenex","Participations"],"inLanguage":"fr-FR"},{"@type":"WebPage","@id":"https:\/\/www.abenex.com\/fr\/groupe-adf-acquiert-la-societe-amrikart-ultraprecision-inc-au-quebec\/","url":"https:\/\/www.abenex.com\/fr\/groupe-adf-acquiert-la-societe-amrikart-ultraprecision-inc-au-quebec\/","name":"Groupe ADF acquiert la soci\u00e9t\u00e9 Amrikart Ultraprecision Inc. au Qu\u00e9bec. | Abenex","isPartOf":{"@id":"https:\/\/www.abenex.com\/#website"},"primaryImageOfPage":{"@id":"https:\/\/www.abenex.com\/fr\/groupe-adf-acquiert-la-societe-amrikart-ultraprecision-inc-au-quebec\/#primaryimage"},"image":{"@id":"https:\/\/www.abenex.com\/fr\/groupe-adf-acquiert-la-societe-amrikart-ultraprecision-inc-au-quebec\/#primaryimage"},"thumbnailUrl":"https:\/\/www.abenex.com\/wp-content\/uploads\/2020\/09\/Groupe-ADF.png","datePublished":"2022-07-01T12:08:00+00:00","dateModified":"2024-03-05T14:27:01+00:00","breadcrumb":{"@id":"https:\/\/www.abenex.com\/fr\/groupe-adf-acquiert-la-societe-amrikart-ultraprecision-inc-au-quebec\/#breadcrumb"},"inLanguage":"fr-FR","potentialAction":[{"@type":"ReadAction","target":["https:\/\/www.abenex.com\/fr\/groupe-adf-acquiert-la-societe-amrikart-ultraprecision-inc-au-quebec\/"]}]},{"@type":"ImageObject","inLanguage":"fr-FR","@id":"https:\/\/www.abenex.com\/fr\/groupe-adf-acquiert-la-societe-amrikart-ultraprecision-inc-au-quebec\/#primaryimage","url":"https:\/\/www.abenex.com\/wp-content\/uploads\/2020\/09\/Groupe-ADF.png","contentUrl":"https:\/\/www.abenex.com\/wp-content\/uploads\/2020\/09\/Groupe-ADF.png","width":389,"height":263,"caption":"Groupe ADF"},{"@type":"BreadcrumbList","@id":"https:\/\/www.abenex.com\/fr\/groupe-adf-acquiert-la-societe-amrikart-ultraprecision-inc-au-quebec\/#breadcrumb","itemListElement":[{"@type":"ListItem","position":1,"name":"Accueil","item":"https:\/\/www.abenex.com\/fr\/"},{"@type":"ListItem","position":2,"name":"Groupe ADF acquiert la soci\u00e9t\u00e9 Amrikart Ultraprecision Inc. au Qu\u00e9bec."}]},{"@type":"WebSite","@id":"https:\/\/www.abenex.com\/#website","url":"https:\/\/www.abenex.com\/","name":"Abenex - Investing with purpose","description":"Investing with purpose","publisher":{"@id":"https:\/\/www.abenex.com\/#organization"},"potentialAction":[{"@type":"SearchAction","target":{"@type":"EntryPoint","urlTemplate":"https:\/\/www.abenex.com\/?s={search_term_string}"},"query-input":{"@type":"PropertyValueSpecification","valueRequired":true,"valueName":"search_term_string"}}],"inLanguage":"fr-FR"},{"@type":"Organization","@id":"https:\/\/www.abenex.com\/#organization","name":"Abenex - Investing with purpose","url":"https:\/\/www.abenex.com\/","logo":{"@type":"ImageObject","inLanguage":"fr-FR","@id":"https:\/\/www.abenex.com\/#\/schema\/logo\/image\/","url":"https:\/\/www.abenex.com\/wp-content\/uploads\/2023\/05\/FULL-LOGO-NOIR-BLEU-1.svg","contentUrl":"https:\/\/www.abenex.com\/wp-content\/uploads\/2023\/05\/FULL-LOGO-NOIR-BLEU-1.svg","width":166,"height":34,"caption":"Abenex - Investing with purpose"},"image":{"@id":"https:\/\/www.abenex.com\/#\/schema\/logo\/image\/"}},{"@type":"Person","@id":"https:\/\/www.abenex.com\/#\/schema\/person\/fcaf61d7089f46f499def4617e8f05d5","name":"simplypew@gmail.com","image":{"@type":"ImageObject","inLanguage":"fr-FR","@id":"https:\/\/www.abenex.com\/#\/schema\/person\/image\/","url":"https:\/\/secure.gravatar.com\/avatar\/f055ded7a27e879ece34280c17d058e2ba94c9b96e06787d6fbd482c26aad2bf?s=96&d=mm&r=g","contentUrl":"https:\/\/secure.gravatar.com\/avatar\/f055ded7a27e879ece34280c17d058e2ba94c9b96e06787d6fbd482c26aad2bf?s=96&d=mm&r=g","caption":"simplypew@gmail.com"},"sameAs":["https:\/\/www.abenex.com"]}]}},"_links":{"self":[{"href":"https:\/\/www.abenex.com\/fr\/wp-json\/wp\/v2\/posts\/6549","targetHints":{"allow":["GET"]}}],"collection":[{"href":"https:\/\/www.abenex.com\/fr\/wp-json\/wp\/v2\/posts"}],"about":[{"href":"https:\/\/www.abenex.com\/fr\/wp-json\/wp\/v2\/types\/post"}],"author":[{"embeddable":true,"href":"https:\/\/www.abenex.com\/fr\/wp-json\/wp\/v2\/users\/1"}],"replies":[{"embeddable":true,"href":"https:\/\/www.abenex.com\/fr\/wp-json\/wp\/v2\/comments?post=6549"}],"version-history":[{"count":2,"href":"https:\/\/www.abenex.com\/fr\/wp-json\/wp\/v2\/posts\/6549\/revisions"}],"predecessor-version":[{"id":12634,"href":"https:\/\/www.abenex.com\/fr\/wp-json\/wp\/v2\/posts\/6549\/revisions\/12634"}],"wp:featuredmedia":[{"embeddable":true,"href":"https:\/\/www.abenex.com\/fr\/wp-json\/wp\/v2\/media\/12754"}],"wp:attachment":[{"href":"https:\/\/www.abenex.com\/fr\/wp-json\/wp\/v2\/media?parent=6549"}],"wp:term":[{"taxonomy":"category","embeddable":true,"href":"https:\/\/www.abenex.com\/fr\/wp-json\/wp\/v2\/categories?post=6549"},{"taxonomy":"post_tag","embeddable":true,"href":"https:\/\/www.abenex.com\/fr\/wp-json\/wp\/v2\/tags?post=6549"}],"curies":[{"name":"wp","href":"https:\/\/api.w.org\/{rel}","templated":true}]}}