    
{"id":6554,"date":"2022-10-24T16:04:13","date_gmt":"2022-10-24T14:04:13","guid":{"rendered":"https:\/\/www.abenex.com\/edouard-jeandey-est-promu-directeur-au-sein-de-lequipe-mid-cap\/"},"modified":"2024-03-01T11:46:58","modified_gmt":"2024-03-01T10:46:58","slug":"edouard-jeandey-est-promu-directeur-au-sein-de-lequipe-mid-cap","status":"publish","type":"post","link":"https:\/\/www.abenex.com\/fr\/edouard-jeandey-est-promu-directeur-au-sein-de-lequipe-mid-cap\/","title":{"rendered":"Edouard Jeandey est promu Directeur au sein de l\u2019\u00e9quipe mid-cap"},"content":{"rendered":"\r\n<p>Edouard Jeandey est promu Directeur au sein de l\u2019\u00e9quipe mid-cap d\u2019Abenex, qu\u2019il a rejoint d\u00e9but 2018 en tant que Charg\u00e9 d\u2019Affaires.<br \/>Bas\u00e9 \u00e0 Lyon, Edouard est r\u00e9cemment intervenu dans l\u2019acquisition du groupe Origin (sp\u00e9cialiste de la distribution de joints d\u2019\u00e9tanch\u00e9it\u00e9). Il a \u00e9t\u00e9 impliqu\u00e9 dans l\u2019investissement au sein du groupe Blanchon (un des leaders europ\u00e9ens des produits d\u2019entretien du bois), lors de la premi\u00e8re entr\u00e9e au capital d\u2019Abenex et lors de la r\u00e9organisation du capital du groupe l\u2019ann\u00e9e derni\u00e8re dans laquelle Abenex a significativement r\u00e9investi au c\u00f4t\u00e9 de l\u2019investisseur majoritaire.<br \/>Edouard a commenc\u00e9 sa carri\u00e8re en 2013 dans le d\u00e9partement Transaction Services d\u2019EY, au sein duquel il a travaill\u00e9 successivement dans les \u00e9quipes de Paris et Lyon pendant pr\u00e8s de cinq ann\u00e9es. Il a \u00e9t\u00e9 impliqu\u00e9 sur de multiples missions de due diligences financi\u00e8res tant pour des fonds d\u2019investissement que pour des clients Corporate.<br \/>Edouard est dipl\u00f4m\u00e9 d\u2019un master CCA de l\u2019universit\u00e9 Paris X et de l\u2019EDC.<\/p>\r\n","protected":false},"excerpt":{"rendered":"<p>Edouard Jeandey est promu Directeur au sein de l\u2019\u00e9quipe mid-cap d\u2019Abenex, qu\u2019il a rejoint d\u00e9but 2018 en tant que Charg\u00e9 d\u2019Affaires.Bas\u00e9 \u00e0 Lyon, Edouard est r\u00e9cemment intervenu dans l\u2019acquisition du groupe Origin (sp\u00e9cialiste de la distribution de joints d\u2019\u00e9tanch\u00e9it\u00e9). Il a \u00e9t\u00e9 impliqu\u00e9 dans l\u2019investissement au sein du groupe Blanchon (un des leaders europ\u00e9ens des [&hellip;]<\/p>\n","protected":false},"author":1,"featured_media":1028,"comment_status":"closed","ping_status":"closed","sticky":false,"template":"","format":"standard","meta":{"footnotes":""},"categories":[30],"tags":[],"class_list":["post-6554","post","type-post","status-publish","format-standard","has-post-thumbnail","hentry","category-equipe-abenex"],"acf":[],"yoast_head":"<!-- This site is optimized with the Yoast SEO plugin v27.1.1 - https:\/\/yoast.com\/product\/yoast-seo-wordpress\/ -->\n<title>Edouard Jeandey est promu Directeur au sein de l\u2019\u00e9quipe mid-cap | Abenex<\/title>\n<meta name=\"description\" content=\"Edouard Jeandey est promu Directeur au sein de l\u2019\u00e9quipe Mid-Cap d&#039;Abenex qu&#039;il a rejoint en d\u00e9but de l&#039;ann\u00e9e 2018...\" \/>\n<meta name=\"robots\" content=\"index, follow, max-snippet:-1, max-image-preview:large, max-video-preview:-1\" \/>\n<link rel=\"canonical\" href=\"https:\/\/www.abenex.com\/fr\/edouard-jeandey-est-promu-directeur-au-sein-de-lequipe-mid-cap\/\" \/>\n<meta property=\"og:locale\" content=\"fr_FR\" \/>\n<meta property=\"og:type\" content=\"article\" \/>\n<meta property=\"og:title\" content=\"Edouard Jeandey est promu Directeur au sein de l\u2019\u00e9quipe mid-cap | Abenex\" \/>\n<meta property=\"og:description\" content=\"Edouard Jeandey est promu Directeur au sein de l\u2019\u00e9quipe Mid-Cap d&#039;Abenex qu&#039;il a rejoint en d\u00e9but de l&#039;ann\u00e9e 2018...\" \/>\n<meta property=\"og:url\" content=\"https:\/\/www.abenex.com\/fr\/edouard-jeandey-est-promu-directeur-au-sein-de-lequipe-mid-cap\/\" \/>\n<meta property=\"og:site_name\" content=\"Abenex\" \/>\n<meta property=\"article:published_time\" content=\"2022-10-24T14:04:13+00:00\" \/>\n<meta property=\"article:modified_time\" content=\"2024-03-01T10:46:58+00:00\" \/>\n<meta property=\"og:image\" content=\"https:\/\/www.abenex.com\/wp-content\/uploads\/2023\/06\/photo-EJ-WEBSITE-scaled-2.jpg\" \/>\n\t<meta property=\"og:image:width\" content=\"2560\" \/>\n\t<meta property=\"og:image:height\" content=\"1707\" \/>\n\t<meta property=\"og:image:type\" content=\"image\/jpeg\" \/>\n<meta name=\"author\" content=\"simplypew@gmail.com\" \/>\n<meta name=\"twitter:card\" content=\"summary_large_image\" \/>\n<meta name=\"twitter:label1\" content=\"\u00c9crit par\" \/>\n\t<meta name=\"twitter:data1\" content=\"simplypew@gmail.com\" \/>\n\t<meta name=\"twitter:label2\" content=\"Dur\u00e9e de lecture estim\u00e9e\" \/>\n\t<meta name=\"twitter:data2\" content=\"1 minute\" \/>\n<script type=\"application\/ld+json\" class=\"yoast-schema-graph\">{\"@context\":\"https:\/\/schema.org\",\"@graph\":[{\"@type\":\"Article\",\"@id\":\"https:\/\/www.abenex.com\/fr\/edouard-jeandey-est-promu-directeur-au-sein-de-lequipe-mid-cap\/#article\",\"isPartOf\":{\"@id\":\"https:\/\/www.abenex.com\/fr\/edouard-jeandey-est-promu-directeur-au-sein-de-lequipe-mid-cap\/\"},\"author\":{\"name\":\"simplypew@gmail.com\",\"@id\":\"https:\/\/www.abenex.com\/#\/schema\/person\/fcaf61d7089f46f499def4617e8f05d5\"},\"headline\":\"Edouard Jeandey est promu Directeur au sein de l\u2019\u00e9quipe mid-cap\",\"datePublished\":\"2022-10-24T14:04:13+00:00\",\"dateModified\":\"2024-03-01T10:46:58+00:00\",\"mainEntityOfPage\":{\"@id\":\"https:\/\/www.abenex.com\/fr\/edouard-jeandey-est-promu-directeur-au-sein-de-lequipe-mid-cap\/\"},\"wordCount\":199,\"publisher\":{\"@id\":\"https:\/\/www.abenex.com\/#organization\"},\"image\":{\"@id\":\"https:\/\/www.abenex.com\/fr\/edouard-jeandey-est-promu-directeur-au-sein-de-lequipe-mid-cap\/#primaryimage\"},\"thumbnailUrl\":\"https:\/\/www.abenex.com\/wp-content\/uploads\/2023\/06\/photo-EJ-WEBSITE-scaled-2.jpg\",\"articleSection\":[\"\u00c9quipe\"],\"inLanguage\":\"fr-FR\"},{\"@type\":\"WebPage\",\"@id\":\"https:\/\/www.abenex.com\/fr\/edouard-jeandey-est-promu-directeur-au-sein-de-lequipe-mid-cap\/\",\"url\":\"https:\/\/www.abenex.com\/fr\/edouard-jeandey-est-promu-directeur-au-sein-de-lequipe-mid-cap\/\",\"name\":\"Edouard Jeandey est promu Directeur au sein de l\u2019\u00e9quipe mid-cap | Abenex\",\"isPartOf\":{\"@id\":\"https:\/\/www.abenex.com\/#website\"},\"primaryImageOfPage\":{\"@id\":\"https:\/\/www.abenex.com\/fr\/edouard-jeandey-est-promu-directeur-au-sein-de-lequipe-mid-cap\/#primaryimage\"},\"image\":{\"@id\":\"https:\/\/www.abenex.com\/fr\/edouard-jeandey-est-promu-directeur-au-sein-de-lequipe-mid-cap\/#primaryimage\"},\"thumbnailUrl\":\"https:\/\/www.abenex.com\/wp-content\/uploads\/2023\/06\/photo-EJ-WEBSITE-scaled-2.jpg\",\"datePublished\":\"2022-10-24T14:04:13+00:00\",\"dateModified\":\"2024-03-01T10:46:58+00:00\",\"description\":\"Edouard Jeandey est promu Directeur au sein de l\u2019\u00e9quipe Mid-Cap d'Abenex qu'il a rejoint en d\u00e9but de l'ann\u00e9e 2018...\",\"breadcrumb\":{\"@id\":\"https:\/\/www.abenex.com\/fr\/edouard-jeandey-est-promu-directeur-au-sein-de-lequipe-mid-cap\/#breadcrumb\"},\"inLanguage\":\"fr-FR\",\"potentialAction\":[{\"@type\":\"ReadAction\",\"target\":[\"https:\/\/www.abenex.com\/fr\/edouard-jeandey-est-promu-directeur-au-sein-de-lequipe-mid-cap\/\"]}]},{\"@type\":\"ImageObject\",\"inLanguage\":\"fr-FR\",\"@id\":\"https:\/\/www.abenex.com\/fr\/edouard-jeandey-est-promu-directeur-au-sein-de-lequipe-mid-cap\/#primaryimage\",\"url\":\"https:\/\/www.abenex.com\/wp-content\/uploads\/2023\/06\/photo-EJ-WEBSITE-scaled-2.jpg\",\"contentUrl\":\"https:\/\/www.abenex.com\/wp-content\/uploads\/2023\/06\/photo-EJ-WEBSITE-scaled-2.jpg\",\"width\":2560,\"height\":1707,\"caption\":\"Photo d'Edouard Jeandey\"},{\"@type\":\"BreadcrumbList\",\"@id\":\"https:\/\/www.abenex.com\/fr\/edouard-jeandey-est-promu-directeur-au-sein-de-lequipe-mid-cap\/#breadcrumb\",\"itemListElement\":[{\"@type\":\"ListItem\",\"position\":1,\"name\":\"Accueil\",\"item\":\"https:\/\/www.abenex.com\/fr\/\"},{\"@type\":\"ListItem\",\"position\":2,\"name\":\"Edouard Jeandey est promu Directeur au sein de l\u2019\u00e9quipe mid-cap\"}]},{\"@type\":\"WebSite\",\"@id\":\"https:\/\/www.abenex.com\/#website\",\"url\":\"https:\/\/www.abenex.com\/\",\"name\":\"Abenex - Investing with purpose\",\"description\":\"Investing with purpose\",\"publisher\":{\"@id\":\"https:\/\/www.abenex.com\/#organization\"},\"potentialAction\":[{\"@type\":\"SearchAction\",\"target\":{\"@type\":\"EntryPoint\",\"urlTemplate\":\"https:\/\/www.abenex.com\/?s={search_term_string}\"},\"query-input\":{\"@type\":\"PropertyValueSpecification\",\"valueRequired\":true,\"valueName\":\"search_term_string\"}}],\"inLanguage\":\"fr-FR\"},{\"@type\":\"Organization\",\"@id\":\"https:\/\/www.abenex.com\/#organization\",\"name\":\"Abenex - Investing with purpose\",\"url\":\"https:\/\/www.abenex.com\/\",\"logo\":{\"@type\":\"ImageObject\",\"inLanguage\":\"fr-FR\",\"@id\":\"https:\/\/www.abenex.com\/#\/schema\/logo\/image\/\",\"url\":\"https:\/\/www.abenex.com\/wp-content\/uploads\/2023\/05\/FULL-LOGO-NOIR-BLEU-1.svg\",\"contentUrl\":\"https:\/\/www.abenex.com\/wp-content\/uploads\/2023\/05\/FULL-LOGO-NOIR-BLEU-1.svg\",\"width\":166,\"height\":34,\"caption\":\"Abenex - Investing with purpose\"},\"image\":{\"@id\":\"https:\/\/www.abenex.com\/#\/schema\/logo\/image\/\"}},{\"@type\":\"Person\",\"@id\":\"https:\/\/www.abenex.com\/#\/schema\/person\/fcaf61d7089f46f499def4617e8f05d5\",\"name\":\"simplypew@gmail.com\",\"image\":{\"@type\":\"ImageObject\",\"inLanguage\":\"fr-FR\",\"@id\":\"https:\/\/www.abenex.com\/#\/schema\/person\/image\/\",\"url\":\"https:\/\/secure.gravatar.com\/avatar\/f055ded7a27e879ece34280c17d058e2ba94c9b96e06787d6fbd482c26aad2bf?s=96&d=mm&r=g\",\"contentUrl\":\"https:\/\/secure.gravatar.com\/avatar\/f055ded7a27e879ece34280c17d058e2ba94c9b96e06787d6fbd482c26aad2bf?s=96&d=mm&r=g\",\"caption\":\"simplypew@gmail.com\"},\"sameAs\":[\"https:\/\/www.abenex.com\"]}]}<\/script>\n<!-- \/ Yoast SEO plugin. -->","yoast_head_json":{"title":"Edouard Jeandey est promu Directeur au sein de l\u2019\u00e9quipe mid-cap | Abenex","description":"Edouard Jeandey est promu Directeur au sein de l\u2019\u00e9quipe Mid-Cap d'Abenex qu'il a rejoint en d\u00e9but de l'ann\u00e9e 2018...","robots":{"index":"index","follow":"follow","max-snippet":"max-snippet:-1","max-image-preview":"max-image-preview:large","max-video-preview":"max-video-preview:-1"},"canonical":"https:\/\/www.abenex.com\/fr\/edouard-jeandey-est-promu-directeur-au-sein-de-lequipe-mid-cap\/","og_locale":"fr_FR","og_type":"article","og_title":"Edouard Jeandey est promu Directeur au sein de l\u2019\u00e9quipe mid-cap | Abenex","og_description":"Edouard Jeandey est promu Directeur au sein de l\u2019\u00e9quipe Mid-Cap d'Abenex qu'il a rejoint en d\u00e9but de l'ann\u00e9e 2018...","og_url":"https:\/\/www.abenex.com\/fr\/edouard-jeandey-est-promu-directeur-au-sein-de-lequipe-mid-cap\/","og_site_name":"Abenex","article_published_time":"2022-10-24T14:04:13+00:00","article_modified_time":"2024-03-01T10:46:58+00:00","og_image":[{"width":2560,"height":1707,"url":"https:\/\/www.abenex.com\/wp-content\/uploads\/2023\/06\/photo-EJ-WEBSITE-scaled-2.jpg","type":"image\/jpeg"}],"author":"simplypew@gmail.com","twitter_card":"summary_large_image","twitter_misc":{"\u00c9crit par":"simplypew@gmail.com","Dur\u00e9e de lecture estim\u00e9e":"1 minute"},"schema":{"@context":"https:\/\/schema.org","@graph":[{"@type":"Article","@id":"https:\/\/www.abenex.com\/fr\/edouard-jeandey-est-promu-directeur-au-sein-de-lequipe-mid-cap\/#article","isPartOf":{"@id":"https:\/\/www.abenex.com\/fr\/edouard-jeandey-est-promu-directeur-au-sein-de-lequipe-mid-cap\/"},"author":{"name":"simplypew@gmail.com","@id":"https:\/\/www.abenex.com\/#\/schema\/person\/fcaf61d7089f46f499def4617e8f05d5"},"headline":"Edouard Jeandey est promu Directeur au sein de l\u2019\u00e9quipe mid-cap","datePublished":"2022-10-24T14:04:13+00:00","dateModified":"2024-03-01T10:46:58+00:00","mainEntityOfPage":{"@id":"https:\/\/www.abenex.com\/fr\/edouard-jeandey-est-promu-directeur-au-sein-de-lequipe-mid-cap\/"},"wordCount":199,"publisher":{"@id":"https:\/\/www.abenex.com\/#organization"},"image":{"@id":"https:\/\/www.abenex.com\/fr\/edouard-jeandey-est-promu-directeur-au-sein-de-lequipe-mid-cap\/#primaryimage"},"thumbnailUrl":"https:\/\/www.abenex.com\/wp-content\/uploads\/2023\/06\/photo-EJ-WEBSITE-scaled-2.jpg","articleSection":["\u00c9quipe"],"inLanguage":"fr-FR"},{"@type":"WebPage","@id":"https:\/\/www.abenex.com\/fr\/edouard-jeandey-est-promu-directeur-au-sein-de-lequipe-mid-cap\/","url":"https:\/\/www.abenex.com\/fr\/edouard-jeandey-est-promu-directeur-au-sein-de-lequipe-mid-cap\/","name":"Edouard Jeandey est promu Directeur au sein de l\u2019\u00e9quipe mid-cap | Abenex","isPartOf":{"@id":"https:\/\/www.abenex.com\/#website"},"primaryImageOfPage":{"@id":"https:\/\/www.abenex.com\/fr\/edouard-jeandey-est-promu-directeur-au-sein-de-lequipe-mid-cap\/#primaryimage"},"image":{"@id":"https:\/\/www.abenex.com\/fr\/edouard-jeandey-est-promu-directeur-au-sein-de-lequipe-mid-cap\/#primaryimage"},"thumbnailUrl":"https:\/\/www.abenex.com\/wp-content\/uploads\/2023\/06\/photo-EJ-WEBSITE-scaled-2.jpg","datePublished":"2022-10-24T14:04:13+00:00","dateModified":"2024-03-01T10:46:58+00:00","description":"Edouard Jeandey est promu Directeur au sein de l\u2019\u00e9quipe Mid-Cap d'Abenex qu'il a rejoint en d\u00e9but de l'ann\u00e9e 2018...","breadcrumb":{"@id":"https:\/\/www.abenex.com\/fr\/edouard-jeandey-est-promu-directeur-au-sein-de-lequipe-mid-cap\/#breadcrumb"},"inLanguage":"fr-FR","potentialAction":[{"@type":"ReadAction","target":["https:\/\/www.abenex.com\/fr\/edouard-jeandey-est-promu-directeur-au-sein-de-lequipe-mid-cap\/"]}]},{"@type":"ImageObject","inLanguage":"fr-FR","@id":"https:\/\/www.abenex.com\/fr\/edouard-jeandey-est-promu-directeur-au-sein-de-lequipe-mid-cap\/#primaryimage","url":"https:\/\/www.abenex.com\/wp-content\/uploads\/2023\/06\/photo-EJ-WEBSITE-scaled-2.jpg","contentUrl":"https:\/\/www.abenex.com\/wp-content\/uploads\/2023\/06\/photo-EJ-WEBSITE-scaled-2.jpg","width":2560,"height":1707,"caption":"Photo d'Edouard Jeandey"},{"@type":"BreadcrumbList","@id":"https:\/\/www.abenex.com\/fr\/edouard-jeandey-est-promu-directeur-au-sein-de-lequipe-mid-cap\/#breadcrumb","itemListElement":[{"@type":"ListItem","position":1,"name":"Accueil","item":"https:\/\/www.abenex.com\/fr\/"},{"@type":"ListItem","position":2,"name":"Edouard Jeandey est promu Directeur au sein de l\u2019\u00e9quipe mid-cap"}]},{"@type":"WebSite","@id":"https:\/\/www.abenex.com\/#website","url":"https:\/\/www.abenex.com\/","name":"Abenex - Investing with purpose","description":"Investing with purpose","publisher":{"@id":"https:\/\/www.abenex.com\/#organization"},"potentialAction":[{"@type":"SearchAction","target":{"@type":"EntryPoint","urlTemplate":"https:\/\/www.abenex.com\/?s={search_term_string}"},"query-input":{"@type":"PropertyValueSpecification","valueRequired":true,"valueName":"search_term_string"}}],"inLanguage":"fr-FR"},{"@type":"Organization","@id":"https:\/\/www.abenex.com\/#organization","name":"Abenex - Investing with purpose","url":"https:\/\/www.abenex.com\/","logo":{"@type":"ImageObject","inLanguage":"fr-FR","@id":"https:\/\/www.abenex.com\/#\/schema\/logo\/image\/","url":"https:\/\/www.abenex.com\/wp-content\/uploads\/2023\/05\/FULL-LOGO-NOIR-BLEU-1.svg","contentUrl":"https:\/\/www.abenex.com\/wp-content\/uploads\/2023\/05\/FULL-LOGO-NOIR-BLEU-1.svg","width":166,"height":34,"caption":"Abenex - Investing with purpose"},"image":{"@id":"https:\/\/www.abenex.com\/#\/schema\/logo\/image\/"}},{"@type":"Person","@id":"https:\/\/www.abenex.com\/#\/schema\/person\/fcaf61d7089f46f499def4617e8f05d5","name":"simplypew@gmail.com","image":{"@type":"ImageObject","inLanguage":"fr-FR","@id":"https:\/\/www.abenex.com\/#\/schema\/person\/image\/","url":"https:\/\/secure.gravatar.com\/avatar\/f055ded7a27e879ece34280c17d058e2ba94c9b96e06787d6fbd482c26aad2bf?s=96&d=mm&r=g","contentUrl":"https:\/\/secure.gravatar.com\/avatar\/f055ded7a27e879ece34280c17d058e2ba94c9b96e06787d6fbd482c26aad2bf?s=96&d=mm&r=g","caption":"simplypew@gmail.com"},"sameAs":["https:\/\/www.abenex.com"]}]}},"_links":{"self":[{"href":"https:\/\/www.abenex.com\/fr\/wp-json\/wp\/v2\/posts\/6554","targetHints":{"allow":["GET"]}}],"collection":[{"href":"https:\/\/www.abenex.com\/fr\/wp-json\/wp\/v2\/posts"}],"about":[{"href":"https:\/\/www.abenex.com\/fr\/wp-json\/wp\/v2\/types\/post"}],"author":[{"embeddable":true,"href":"https:\/\/www.abenex.com\/fr\/wp-json\/wp\/v2\/users\/1"}],"replies":[{"embeddable":true,"href":"https:\/\/www.abenex.com\/fr\/wp-json\/wp\/v2\/comments?post=6554"}],"version-history":[{"count":2,"href":"https:\/\/www.abenex.com\/fr\/wp-json\/wp\/v2\/posts\/6554\/revisions"}],"predecessor-version":[{"id":12650,"href":"https:\/\/www.abenex.com\/fr\/wp-json\/wp\/v2\/posts\/6554\/revisions\/12650"}],"wp:featuredmedia":[{"embeddable":true,"href":"https:\/\/www.abenex.com\/fr\/wp-json\/wp\/v2\/media\/1028"}],"wp:attachment":[{"href":"https:\/\/www.abenex.com\/fr\/wp-json\/wp\/v2\/media?parent=6554"}],"wp:term":[{"taxonomy":"category","embeddable":true,"href":"https:\/\/www.abenex.com\/fr\/wp-json\/wp\/v2\/categories?post=6554"},{"taxonomy":"post_tag","embeddable":true,"href":"https:\/\/www.abenex.com\/fr\/wp-json\/wp\/v2\/tags?post=6554"}],"curies":[{"name":"wp","href":"https:\/\/api.w.org\/{rel}","templated":true}]}}