    
{"id":6555,"date":"2022-11-04T14:21:43","date_gmt":"2022-11-04T13:21:43","guid":{"rendered":"https:\/\/www.abenex.com\/pierre-masdoumier-rejoint-lequipe-operationnelle-dabenex-en-tant-que-manager-et-nicolai-donsa-rejoint-lequipe-mid-cap-en-tant-que-charge-daffaires\/"},"modified":"2023-07-07T07:06:54","modified_gmt":"2023-07-07T05:06:54","slug":"pierre-masdoumier-rejoint-lequipe-operationnelle-dabenex-en-tant-que-manager-et-nicolai-donsa-rejoint-lequipe-mid-cap-en-tant-que-charge-daffaires","status":"publish","type":"post","link":"https:\/\/www.abenex.com\/fr\/pierre-masdoumier-rejoint-lequipe-operationnelle-dabenex-en-tant-que-manager-et-nicolai-donsa-rejoint-lequipe-mid-cap-en-tant-que-charge-daffaires\/","title":{"rendered":"Pierre Masdoumier rejoint l\u2019\u00e9quipe op\u00e9rationnelle d\u2019Abenex en tant que Manager, et Nicolai Donsa rejoint l\u2019\u00e9quipe mid-cap en tant que Charg\u00e9 d\u2019Affaires"},"content":{"rendered":"\n<p><strong>Pierre Masdoumier<\/strong>, 33 ans, rejoint Abenex en tant que Manager au sein de l\u2019\u00e9quipe op\u00e9rationnelle.<br>Il a d\u00e9but\u00e9 sa carri\u00e8re en 2014 au sein du cabinet de conseil BearingPoint puis a rejoint Accenture Strategy en 2017. Pendant huit ans, il a accompagn\u00e9 des entreprises industrielles (automobile, a\u00e9ronautique, ferroviaire, luxe) sur des missions de strat\u00e9gie et de transformation avec une forte connotation digitale d\u2019un bout \u00e0 l\u2019autre de la cha\u00eene de valeur des op\u00e9rations (ing\u00e9nierie, achat, logistique, production, distribution).<\/p>\n\n\n\n<p>Pierre est diplom\u00e9 du parcours grandes \u00e9coles des Arts et M\u00e9tiers Paris Tech et de la Sorbonne.<\/p>\n\n\n\n<p><\/p>\n\n\n\n<p><strong>Nicolai Donsa<\/strong>, 30 ans, rejoint Abenex en tant que Charg\u00e9 d\u2019Affaires au sein de l\u2019\u00e9quipe mid-cap.<br>Il a d\u00e9but\u00e9 sa carri\u00e8re en 2017 chez Oliver Wyman \u00e0 Paris. Pendant 5 ans, il a accompagn\u00e9 des dirigeants de soci\u00e9t\u00e9s internationales sur des probl\u00e9matiques de d\u00e9veloppement et de diversification, d\u2019optimisation des ventes, et de performance op\u00e9rationnelle dans des secteurs vari\u00e9s. En tant que Manager chez Oliver Wyman, il a notamment \u00e9t\u00e9 impliqu\u00e9 dans de multiples Due Diligences strat\u00e9giques pour des fonds de Private Equity.<\/p>\n\n\n\n<p>Nicolai est diplom\u00e9 de l\u2019ESCP Europe.<\/p>\n","protected":false},"excerpt":{"rendered":"<p>Pierre Masdoumier, 33 ans, rejoint Abenex en tant que Manager au sein de l\u2019\u00e9quipe op\u00e9rationnelle.Il a d\u00e9but\u00e9 sa carri\u00e8re en 2014 au sein du cabinet de conseil BearingPoint puis a rejoint Accenture Strategy en 2017. Pendant huit ans, il a accompagn\u00e9 des entreprises industrielles (automobile, a\u00e9ronautique, ferroviaire, luxe) sur des missions de strat\u00e9gie et de [&hellip;]<\/p>\n","protected":false},"author":1,"featured_media":2042,"comment_status":"closed","ping_status":"closed","sticky":false,"template":"","format":"standard","meta":{"footnotes":""},"categories":[30],"tags":[],"class_list":["post-6555","post","type-post","status-publish","format-standard","has-post-thumbnail","hentry","category-equipe-abenex"],"acf":[],"yoast_head":"<!-- This site is optimized with the Yoast SEO plugin v27.1.1 - https:\/\/yoast.com\/product\/yoast-seo-wordpress\/ -->\n<title>Pierre Masdoumier rejoint l\u2019\u00e9quipe op\u00e9rationnelle d\u2019Abenex en tant que Manager, et Nicolai Donsa rejoint l\u2019\u00e9quipe mid-cap en tant que Charg\u00e9 d\u2019Affaires | Abenex<\/title>\n<meta name=\"robots\" content=\"index, follow, max-snippet:-1, max-image-preview:large, max-video-preview:-1\" \/>\n<link rel=\"canonical\" href=\"https:\/\/www.abenex.com\/pierre-masdoumier-rejoint-lequipe-operationnelle-dabenex-en-tant-que-manager-et-nicolai-donsa-rejoint-lequipe-mid-cap-en-tant-que-charge-daffaires\/\" \/>\n<meta property=\"og:locale\" content=\"fr_FR\" \/>\n<meta property=\"og:type\" content=\"article\" \/>\n<meta property=\"og:title\" content=\"Pierre Masdoumier rejoint l\u2019\u00e9quipe op\u00e9rationnelle d\u2019Abenex en tant que Manager, et Nicolai Donsa rejoint l\u2019\u00e9quipe mid-cap en tant que Charg\u00e9 d\u2019Affaires | Abenex\" \/>\n<meta property=\"og:description\" content=\"Pierre Masdoumier, 33 ans, rejoint Abenex en tant que Manager au sein de l\u2019\u00e9quipe op\u00e9rationnelle.Il a d\u00e9but\u00e9 sa carri\u00e8re en 2014 au sein du cabinet de conseil BearingPoint puis a rejoint Accenture Strategy en 2017. Pendant huit ans, il a accompagn\u00e9 des entreprises industrielles (automobile, a\u00e9ronautique, ferroviaire, luxe) sur des missions de strat\u00e9gie et de [&hellip;]\" \/>\n<meta property=\"og:url\" content=\"https:\/\/www.abenex.com\/pierre-masdoumier-rejoint-lequipe-operationnelle-dabenex-en-tant-que-manager-et-nicolai-donsa-rejoint-lequipe-mid-cap-en-tant-que-charge-daffaires\/\" \/>\n<meta property=\"og:site_name\" content=\"Abenex\" \/>\n<meta property=\"article:published_time\" content=\"2022-11-04T13:21:43+00:00\" \/>\n<meta property=\"article:modified_time\" content=\"2023-07-07T05:06:54+00:00\" \/>\n<meta property=\"og:image\" content=\"https:\/\/www.abenex.com\/wp-content\/uploads\/2023\/06\/Photo-de-Nicolai-et-Pierre-1.png\" \/>\n\t<meta property=\"og:image:width\" content=\"393\" \/>\n\t<meta property=\"og:image:height\" content=\"263\" \/>\n\t<meta property=\"og:image:type\" content=\"image\/png\" \/>\n<meta name=\"author\" content=\"simplypew@gmail.com\" \/>\n<meta name=\"twitter:card\" content=\"summary_large_image\" \/>\n<meta name=\"twitter:label1\" content=\"\u00c9crit par\" \/>\n\t<meta name=\"twitter:data1\" content=\"simplypew@gmail.com\" \/>\n\t<meta name=\"twitter:label2\" content=\"Dur\u00e9e de lecture estim\u00e9e\" \/>\n\t<meta name=\"twitter:data2\" content=\"1 minute\" \/>\n<script type=\"application\/ld+json\" class=\"yoast-schema-graph\">{\"@context\":\"https:\/\/schema.org\",\"@graph\":[{\"@type\":\"Article\",\"@id\":\"https:\/\/www.abenex.com\/pierre-masdoumier-rejoint-lequipe-operationnelle-dabenex-en-tant-que-manager-et-nicolai-donsa-rejoint-lequipe-mid-cap-en-tant-que-charge-daffaires\/#article\",\"isPartOf\":{\"@id\":\"https:\/\/www.abenex.com\/pierre-masdoumier-rejoint-lequipe-operationnelle-dabenex-en-tant-que-manager-et-nicolai-donsa-rejoint-lequipe-mid-cap-en-tant-que-charge-daffaires\/\"},\"author\":{\"name\":\"simplypew@gmail.com\",\"@id\":\"https:\/\/www.abenex.com\/#\/schema\/person\/fcaf61d7089f46f499def4617e8f05d5\"},\"headline\":\"Pierre Masdoumier rejoint l\u2019\u00e9quipe op\u00e9rationnelle d\u2019Abenex en tant que Manager, et Nicolai Donsa rejoint l\u2019\u00e9quipe mid-cap en tant que Charg\u00e9 d\u2019Affaires\",\"datePublished\":\"2022-11-04T13:21:43+00:00\",\"dateModified\":\"2023-07-07T05:06:54+00:00\",\"mainEntityOfPage\":{\"@id\":\"https:\/\/www.abenex.com\/pierre-masdoumier-rejoint-lequipe-operationnelle-dabenex-en-tant-que-manager-et-nicolai-donsa-rejoint-lequipe-mid-cap-en-tant-que-charge-daffaires\/\"},\"wordCount\":226,\"publisher\":{\"@id\":\"https:\/\/www.abenex.com\/#organization\"},\"image\":{\"@id\":\"https:\/\/www.abenex.com\/pierre-masdoumier-rejoint-lequipe-operationnelle-dabenex-en-tant-que-manager-et-nicolai-donsa-rejoint-lequipe-mid-cap-en-tant-que-charge-daffaires\/#primaryimage\"},\"thumbnailUrl\":\"https:\/\/www.abenex.com\/wp-content\/uploads\/2023\/06\/Photo-de-Nicolai-et-Pierre-1.png\",\"articleSection\":[\"\u00c9quipe\"],\"inLanguage\":\"fr-FR\"},{\"@type\":\"WebPage\",\"@id\":\"https:\/\/www.abenex.com\/pierre-masdoumier-rejoint-lequipe-operationnelle-dabenex-en-tant-que-manager-et-nicolai-donsa-rejoint-lequipe-mid-cap-en-tant-que-charge-daffaires\/\",\"url\":\"https:\/\/www.abenex.com\/pierre-masdoumier-rejoint-lequipe-operationnelle-dabenex-en-tant-que-manager-et-nicolai-donsa-rejoint-lequipe-mid-cap-en-tant-que-charge-daffaires\/\",\"name\":\"Pierre Masdoumier rejoint l\u2019\u00e9quipe op\u00e9rationnelle d\u2019Abenex en tant que Manager, et Nicolai Donsa rejoint l\u2019\u00e9quipe mid-cap en tant que Charg\u00e9 d\u2019Affaires | Abenex\",\"isPartOf\":{\"@id\":\"https:\/\/www.abenex.com\/#website\"},\"primaryImageOfPage\":{\"@id\":\"https:\/\/www.abenex.com\/pierre-masdoumier-rejoint-lequipe-operationnelle-dabenex-en-tant-que-manager-et-nicolai-donsa-rejoint-lequipe-mid-cap-en-tant-que-charge-daffaires\/#primaryimage\"},\"image\":{\"@id\":\"https:\/\/www.abenex.com\/pierre-masdoumier-rejoint-lequipe-operationnelle-dabenex-en-tant-que-manager-et-nicolai-donsa-rejoint-lequipe-mid-cap-en-tant-que-charge-daffaires\/#primaryimage\"},\"thumbnailUrl\":\"https:\/\/www.abenex.com\/wp-content\/uploads\/2023\/06\/Photo-de-Nicolai-et-Pierre-1.png\",\"datePublished\":\"2022-11-04T13:21:43+00:00\",\"dateModified\":\"2023-07-07T05:06:54+00:00\",\"breadcrumb\":{\"@id\":\"https:\/\/www.abenex.com\/pierre-masdoumier-rejoint-lequipe-operationnelle-dabenex-en-tant-que-manager-et-nicolai-donsa-rejoint-lequipe-mid-cap-en-tant-que-charge-daffaires\/#breadcrumb\"},\"inLanguage\":\"fr-FR\",\"potentialAction\":[{\"@type\":\"ReadAction\",\"target\":[\"https:\/\/www.abenex.com\/pierre-masdoumier-rejoint-lequipe-operationnelle-dabenex-en-tant-que-manager-et-nicolai-donsa-rejoint-lequipe-mid-cap-en-tant-que-charge-daffaires\/\"]}]},{\"@type\":\"ImageObject\",\"inLanguage\":\"fr-FR\",\"@id\":\"https:\/\/www.abenex.com\/pierre-masdoumier-rejoint-lequipe-operationnelle-dabenex-en-tant-que-manager-et-nicolai-donsa-rejoint-lequipe-mid-cap-en-tant-que-charge-daffaires\/#primaryimage\",\"url\":\"https:\/\/www.abenex.com\/wp-content\/uploads\/2023\/06\/Photo-de-Nicolai-et-Pierre-1.png\",\"contentUrl\":\"https:\/\/www.abenex.com\/wp-content\/uploads\/2023\/06\/Photo-de-Nicolai-et-Pierre-1.png\",\"width\":393,\"height\":263,\"caption\":\"Photo de Nicolai et Pierre\"},{\"@type\":\"BreadcrumbList\",\"@id\":\"https:\/\/www.abenex.com\/pierre-masdoumier-rejoint-lequipe-operationnelle-dabenex-en-tant-que-manager-et-nicolai-donsa-rejoint-lequipe-mid-cap-en-tant-que-charge-daffaires\/#breadcrumb\",\"itemListElement\":[{\"@type\":\"ListItem\",\"position\":1,\"name\":\"Accueil\",\"item\":\"https:\/\/www.abenex.com\/fr\/\"},{\"@type\":\"ListItem\",\"position\":2,\"name\":\"Pierre Masdoumier rejoint l\u2019\u00e9quipe op\u00e9rationnelle d\u2019Abenex en tant que Manager, et Nicolai Donsa rejoint l\u2019\u00e9quipe mid-cap en tant que Charg\u00e9 d\u2019Affaires\"}]},{\"@type\":\"WebSite\",\"@id\":\"https:\/\/www.abenex.com\/#website\",\"url\":\"https:\/\/www.abenex.com\/\",\"name\":\"Abenex - Investing with purpose\",\"description\":\"Investing with purpose\",\"publisher\":{\"@id\":\"https:\/\/www.abenex.com\/#organization\"},\"potentialAction\":[{\"@type\":\"SearchAction\",\"target\":{\"@type\":\"EntryPoint\",\"urlTemplate\":\"https:\/\/www.abenex.com\/?s={search_term_string}\"},\"query-input\":{\"@type\":\"PropertyValueSpecification\",\"valueRequired\":true,\"valueName\":\"search_term_string\"}}],\"inLanguage\":\"fr-FR\"},{\"@type\":\"Organization\",\"@id\":\"https:\/\/www.abenex.com\/#organization\",\"name\":\"Abenex - Investing with purpose\",\"url\":\"https:\/\/www.abenex.com\/\",\"logo\":{\"@type\":\"ImageObject\",\"inLanguage\":\"fr-FR\",\"@id\":\"https:\/\/www.abenex.com\/#\/schema\/logo\/image\/\",\"url\":\"https:\/\/www.abenex.com\/wp-content\/uploads\/2023\/05\/FULL-LOGO-NOIR-BLEU-1.svg\",\"contentUrl\":\"https:\/\/www.abenex.com\/wp-content\/uploads\/2023\/05\/FULL-LOGO-NOIR-BLEU-1.svg\",\"width\":166,\"height\":34,\"caption\":\"Abenex - Investing with purpose\"},\"image\":{\"@id\":\"https:\/\/www.abenex.com\/#\/schema\/logo\/image\/\"}},{\"@type\":\"Person\",\"@id\":\"https:\/\/www.abenex.com\/#\/schema\/person\/fcaf61d7089f46f499def4617e8f05d5\",\"name\":\"simplypew@gmail.com\",\"image\":{\"@type\":\"ImageObject\",\"inLanguage\":\"fr-FR\",\"@id\":\"https:\/\/www.abenex.com\/#\/schema\/person\/image\/\",\"url\":\"https:\/\/secure.gravatar.com\/avatar\/f055ded7a27e879ece34280c17d058e2ba94c9b96e06787d6fbd482c26aad2bf?s=96&d=mm&r=g\",\"contentUrl\":\"https:\/\/secure.gravatar.com\/avatar\/f055ded7a27e879ece34280c17d058e2ba94c9b96e06787d6fbd482c26aad2bf?s=96&d=mm&r=g\",\"caption\":\"simplypew@gmail.com\"},\"sameAs\":[\"https:\/\/www.abenex.com\"]}]}<\/script>\n<!-- \/ Yoast SEO plugin. -->","yoast_head_json":{"title":"Pierre Masdoumier rejoint l\u2019\u00e9quipe op\u00e9rationnelle d\u2019Abenex en tant que Manager, et Nicolai Donsa rejoint l\u2019\u00e9quipe mid-cap en tant que Charg\u00e9 d\u2019Affaires | Abenex","robots":{"index":"index","follow":"follow","max-snippet":"max-snippet:-1","max-image-preview":"max-image-preview:large","max-video-preview":"max-video-preview:-1"},"canonical":"https:\/\/www.abenex.com\/pierre-masdoumier-rejoint-lequipe-operationnelle-dabenex-en-tant-que-manager-et-nicolai-donsa-rejoint-lequipe-mid-cap-en-tant-que-charge-daffaires\/","og_locale":"fr_FR","og_type":"article","og_title":"Pierre Masdoumier rejoint l\u2019\u00e9quipe op\u00e9rationnelle d\u2019Abenex en tant que Manager, et Nicolai Donsa rejoint l\u2019\u00e9quipe mid-cap en tant que Charg\u00e9 d\u2019Affaires | Abenex","og_description":"Pierre Masdoumier, 33 ans, rejoint Abenex en tant que Manager au sein de l\u2019\u00e9quipe op\u00e9rationnelle.Il a d\u00e9but\u00e9 sa carri\u00e8re en 2014 au sein du cabinet de conseil BearingPoint puis a rejoint Accenture Strategy en 2017. Pendant huit ans, il a accompagn\u00e9 des entreprises industrielles (automobile, a\u00e9ronautique, ferroviaire, luxe) sur des missions de strat\u00e9gie et de [&hellip;]","og_url":"https:\/\/www.abenex.com\/pierre-masdoumier-rejoint-lequipe-operationnelle-dabenex-en-tant-que-manager-et-nicolai-donsa-rejoint-lequipe-mid-cap-en-tant-que-charge-daffaires\/","og_site_name":"Abenex","article_published_time":"2022-11-04T13:21:43+00:00","article_modified_time":"2023-07-07T05:06:54+00:00","og_image":[{"width":393,"height":263,"url":"https:\/\/www.abenex.com\/wp-content\/uploads\/2023\/06\/Photo-de-Nicolai-et-Pierre-1.png","type":"image\/png"}],"author":"simplypew@gmail.com","twitter_card":"summary_large_image","twitter_misc":{"\u00c9crit par":"simplypew@gmail.com","Dur\u00e9e de lecture estim\u00e9e":"1 minute"},"schema":{"@context":"https:\/\/schema.org","@graph":[{"@type":"Article","@id":"https:\/\/www.abenex.com\/pierre-masdoumier-rejoint-lequipe-operationnelle-dabenex-en-tant-que-manager-et-nicolai-donsa-rejoint-lequipe-mid-cap-en-tant-que-charge-daffaires\/#article","isPartOf":{"@id":"https:\/\/www.abenex.com\/pierre-masdoumier-rejoint-lequipe-operationnelle-dabenex-en-tant-que-manager-et-nicolai-donsa-rejoint-lequipe-mid-cap-en-tant-que-charge-daffaires\/"},"author":{"name":"simplypew@gmail.com","@id":"https:\/\/www.abenex.com\/#\/schema\/person\/fcaf61d7089f46f499def4617e8f05d5"},"headline":"Pierre Masdoumier rejoint l\u2019\u00e9quipe op\u00e9rationnelle d\u2019Abenex en tant que Manager, et Nicolai Donsa rejoint l\u2019\u00e9quipe mid-cap en tant que Charg\u00e9 d\u2019Affaires","datePublished":"2022-11-04T13:21:43+00:00","dateModified":"2023-07-07T05:06:54+00:00","mainEntityOfPage":{"@id":"https:\/\/www.abenex.com\/pierre-masdoumier-rejoint-lequipe-operationnelle-dabenex-en-tant-que-manager-et-nicolai-donsa-rejoint-lequipe-mid-cap-en-tant-que-charge-daffaires\/"},"wordCount":226,"publisher":{"@id":"https:\/\/www.abenex.com\/#organization"},"image":{"@id":"https:\/\/www.abenex.com\/pierre-masdoumier-rejoint-lequipe-operationnelle-dabenex-en-tant-que-manager-et-nicolai-donsa-rejoint-lequipe-mid-cap-en-tant-que-charge-daffaires\/#primaryimage"},"thumbnailUrl":"https:\/\/www.abenex.com\/wp-content\/uploads\/2023\/06\/Photo-de-Nicolai-et-Pierre-1.png","articleSection":["\u00c9quipe"],"inLanguage":"fr-FR"},{"@type":"WebPage","@id":"https:\/\/www.abenex.com\/pierre-masdoumier-rejoint-lequipe-operationnelle-dabenex-en-tant-que-manager-et-nicolai-donsa-rejoint-lequipe-mid-cap-en-tant-que-charge-daffaires\/","url":"https:\/\/www.abenex.com\/pierre-masdoumier-rejoint-lequipe-operationnelle-dabenex-en-tant-que-manager-et-nicolai-donsa-rejoint-lequipe-mid-cap-en-tant-que-charge-daffaires\/","name":"Pierre Masdoumier rejoint l\u2019\u00e9quipe op\u00e9rationnelle d\u2019Abenex en tant que Manager, et Nicolai Donsa rejoint l\u2019\u00e9quipe mid-cap en tant que Charg\u00e9 d\u2019Affaires | Abenex","isPartOf":{"@id":"https:\/\/www.abenex.com\/#website"},"primaryImageOfPage":{"@id":"https:\/\/www.abenex.com\/pierre-masdoumier-rejoint-lequipe-operationnelle-dabenex-en-tant-que-manager-et-nicolai-donsa-rejoint-lequipe-mid-cap-en-tant-que-charge-daffaires\/#primaryimage"},"image":{"@id":"https:\/\/www.abenex.com\/pierre-masdoumier-rejoint-lequipe-operationnelle-dabenex-en-tant-que-manager-et-nicolai-donsa-rejoint-lequipe-mid-cap-en-tant-que-charge-daffaires\/#primaryimage"},"thumbnailUrl":"https:\/\/www.abenex.com\/wp-content\/uploads\/2023\/06\/Photo-de-Nicolai-et-Pierre-1.png","datePublished":"2022-11-04T13:21:43+00:00","dateModified":"2023-07-07T05:06:54+00:00","breadcrumb":{"@id":"https:\/\/www.abenex.com\/pierre-masdoumier-rejoint-lequipe-operationnelle-dabenex-en-tant-que-manager-et-nicolai-donsa-rejoint-lequipe-mid-cap-en-tant-que-charge-daffaires\/#breadcrumb"},"inLanguage":"fr-FR","potentialAction":[{"@type":"ReadAction","target":["https:\/\/www.abenex.com\/pierre-masdoumier-rejoint-lequipe-operationnelle-dabenex-en-tant-que-manager-et-nicolai-donsa-rejoint-lequipe-mid-cap-en-tant-que-charge-daffaires\/"]}]},{"@type":"ImageObject","inLanguage":"fr-FR","@id":"https:\/\/www.abenex.com\/pierre-masdoumier-rejoint-lequipe-operationnelle-dabenex-en-tant-que-manager-et-nicolai-donsa-rejoint-lequipe-mid-cap-en-tant-que-charge-daffaires\/#primaryimage","url":"https:\/\/www.abenex.com\/wp-content\/uploads\/2023\/06\/Photo-de-Nicolai-et-Pierre-1.png","contentUrl":"https:\/\/www.abenex.com\/wp-content\/uploads\/2023\/06\/Photo-de-Nicolai-et-Pierre-1.png","width":393,"height":263,"caption":"Photo de Nicolai et Pierre"},{"@type":"BreadcrumbList","@id":"https:\/\/www.abenex.com\/pierre-masdoumier-rejoint-lequipe-operationnelle-dabenex-en-tant-que-manager-et-nicolai-donsa-rejoint-lequipe-mid-cap-en-tant-que-charge-daffaires\/#breadcrumb","itemListElement":[{"@type":"ListItem","position":1,"name":"Accueil","item":"https:\/\/www.abenex.com\/fr\/"},{"@type":"ListItem","position":2,"name":"Pierre Masdoumier rejoint l\u2019\u00e9quipe op\u00e9rationnelle d\u2019Abenex en tant que Manager, et Nicolai Donsa rejoint l\u2019\u00e9quipe mid-cap en tant que Charg\u00e9 d\u2019Affaires"}]},{"@type":"WebSite","@id":"https:\/\/www.abenex.com\/#website","url":"https:\/\/www.abenex.com\/","name":"Abenex - Investing with purpose","description":"Investing with purpose","publisher":{"@id":"https:\/\/www.abenex.com\/#organization"},"potentialAction":[{"@type":"SearchAction","target":{"@type":"EntryPoint","urlTemplate":"https:\/\/www.abenex.com\/?s={search_term_string}"},"query-input":{"@type":"PropertyValueSpecification","valueRequired":true,"valueName":"search_term_string"}}],"inLanguage":"fr-FR"},{"@type":"Organization","@id":"https:\/\/www.abenex.com\/#organization","name":"Abenex - Investing with purpose","url":"https:\/\/www.abenex.com\/","logo":{"@type":"ImageObject","inLanguage":"fr-FR","@id":"https:\/\/www.abenex.com\/#\/schema\/logo\/image\/","url":"https:\/\/www.abenex.com\/wp-content\/uploads\/2023\/05\/FULL-LOGO-NOIR-BLEU-1.svg","contentUrl":"https:\/\/www.abenex.com\/wp-content\/uploads\/2023\/05\/FULL-LOGO-NOIR-BLEU-1.svg","width":166,"height":34,"caption":"Abenex - Investing with purpose"},"image":{"@id":"https:\/\/www.abenex.com\/#\/schema\/logo\/image\/"}},{"@type":"Person","@id":"https:\/\/www.abenex.com\/#\/schema\/person\/fcaf61d7089f46f499def4617e8f05d5","name":"simplypew@gmail.com","image":{"@type":"ImageObject","inLanguage":"fr-FR","@id":"https:\/\/www.abenex.com\/#\/schema\/person\/image\/","url":"https:\/\/secure.gravatar.com\/avatar\/f055ded7a27e879ece34280c17d058e2ba94c9b96e06787d6fbd482c26aad2bf?s=96&d=mm&r=g","contentUrl":"https:\/\/secure.gravatar.com\/avatar\/f055ded7a27e879ece34280c17d058e2ba94c9b96e06787d6fbd482c26aad2bf?s=96&d=mm&r=g","caption":"simplypew@gmail.com"},"sameAs":["https:\/\/www.abenex.com"]}]}},"_links":{"self":[{"href":"https:\/\/www.abenex.com\/fr\/wp-json\/wp\/v2\/posts\/6555","targetHints":{"allow":["GET"]}}],"collection":[{"href":"https:\/\/www.abenex.com\/fr\/wp-json\/wp\/v2\/posts"}],"about":[{"href":"https:\/\/www.abenex.com\/fr\/wp-json\/wp\/v2\/types\/post"}],"author":[{"embeddable":true,"href":"https:\/\/www.abenex.com\/fr\/wp-json\/wp\/v2\/users\/1"}],"replies":[{"embeddable":true,"href":"https:\/\/www.abenex.com\/fr\/wp-json\/wp\/v2\/comments?post=6555"}],"version-history":[{"count":1,"href":"https:\/\/www.abenex.com\/fr\/wp-json\/wp\/v2\/posts\/6555\/revisions"}],"predecessor-version":[{"id":6807,"href":"https:\/\/www.abenex.com\/fr\/wp-json\/wp\/v2\/posts\/6555\/revisions\/6807"}],"wp:featuredmedia":[{"embeddable":true,"href":"https:\/\/www.abenex.com\/fr\/wp-json\/wp\/v2\/media\/2042"}],"wp:attachment":[{"href":"https:\/\/www.abenex.com\/fr\/wp-json\/wp\/v2\/media?parent=6555"}],"wp:term":[{"taxonomy":"category","embeddable":true,"href":"https:\/\/www.abenex.com\/fr\/wp-json\/wp\/v2\/categories?post=6555"},{"taxonomy":"post_tag","embeddable":true,"href":"https:\/\/www.abenex.com\/fr\/wp-json\/wp\/v2\/tags?post=6555"}],"curies":[{"name":"wp","href":"https:\/\/api.w.org\/{rel}","templated":true}]}}