    
{"id":6559,"date":"2023-01-27T13:44:24","date_gmt":"2023-01-27T12:44:24","guid":{"rendered":"https:\/\/www.abenex.com\/la-francaise-real-estate-managers-rem-et-abenex-finalisent-la-transaction-fire\/"},"modified":"2023-07-07T07:06:54","modified_gmt":"2023-07-07T05:06:54","slug":"la-francaise-real-estate-managers-rem-et-abenex-finalisent-la-transaction-fire","status":"publish","type":"post","link":"https:\/\/www.abenex.com\/fr\/la-francaise-real-estate-managers-rem-et-abenex-finalisent-la-transaction-fire\/","title":{"rendered":"La Fran\u00e7aise Real Estate Managers (REM) et Abenex finalisent la transaction \u00ab FIRE \u00bb"},"content":{"rendered":"\n<p>La Fran\u00e7aise Real Estate Managers (REM) a acquis un portefeuille de 38 magasins Grand Frais implant\u00e9s en France m\u00e9tropolitaine dans le cadre d\u2019un share deal avec une valorisation des actifs immobiliers d\u2019environ 190 M d\u2019euros aupr\u00e8s d\u2019Abenex, agissant pour le compte d\u2019investisseurs.<\/p>\n\n\n\n<p>Le portefeuille avait pr\u00e9c\u00e9demment \u00e9t\u00e9 acquis en 2016 par un OPPCI g\u00e9r\u00e9 par Abenex, dans le cadre d\u2019une transaction propri\u00e9taire. L\u2019\u00e9quipe assurait la gestion pro-active des 38 magasins depuis l\u2019acquisition, notamment en maximisant l\u2019exploitation du potentiel foncier et par l\u2019optimisation des modes de d\u00e9tention.<\/p>\n\n\n\n<p>Ce portefeuille, totalisant 74 956 m\u00b2 dont 33 026 m\u00b2 de surface de vente, est compos\u00e9 d\u2019implantations s\u00e9lectionn\u00e9es pour leur proximit\u00e9 (moins de 5 minutes) d\u2019une \u00ab locomotive commerciale \u00bb, soit une enseigne importante, qui permet ainsi d\u2019augmenter l\u2019achalandage de la zone.<\/p>\n\n\n\n<p>Les 38 commerces, quasiment tous \u00e9quip\u00e9s d\u2019\u00e9clairages LED et de syst\u00e8mes de r\u00e9cup\u00e9ration d\u2019\u00e9nergie, b\u00e9n\u00e9ficient \u00e9galement d\u2019une excellente desserte : la majorit\u00e9 des actifs se situent \u00e0 moins d&rsquo;un kilom\u00e8tre d&rsquo;une route nationale ou d&rsquo;une autoroute.<\/p>\n\n\n\n<p>Dans le cadre de la politique d\u2019investissement durable de La Fran\u00e7aise REM, un plan de r\u00e9duction des \u00e9missions de gaz \u00e0 effet de serre est pr\u00e9vu incluant notamment l\u2019installation d\u2019ombri\u00e8res photovolta\u00efques sur les 38 sites et l\u2019application d\u2019une peinture r\u00e9flective blanche sur les toitures de la majorit\u00e9 d\u2019entre eux.<\/p>\n\n\n\n<p>Le concept de \u00ab Grand Frais \u00bb s\u2019inspire de l\u2019ambiance et de la configuration des halles et des march\u00e9s couverts. Les magasins r\u00e9unissent sur un m\u00eame lieu, cinq professionnels de l\u2019alimentation : un Primeur, un \u00c9picier d&rsquo;Ici et d&rsquo;Ailleurs, un Boucher-Charcutier, un Fromager et un Poissonnier, cr\u00e9ant ainsi un lieu de partage \u00e0 taille humaine. Grand Frais privil\u00e9gie les producteurs et revendeurs locaux. En 2022, 50 % des exploitations partenaires \u00e9taient certifi\u00e9s Haute valeur Environnementale (HVE). Cette d\u00e9marche s&rsquo;inscrit dans la tendance actuelle qui consiste \u00e0 rapprocher le producteur du consommateur final, gage de produits de meilleure qualit\u00e9 et de pratiques agricoles plus respectueuses de l\u2019environnement.<\/p>\n\n\n\n<p>Cette acquisition a \u00e9t\u00e9 r\u00e9alis\u00e9e pour le compte des Soci\u00e9t\u00e9s Civiles de Placement Immobilier \u00c9pargne Fonci\u00e8re, S\u00e9lectinvest 1 et CM-CIC Pierre Investissement et d\u2019un fonds de fonds accessible uniquement aux compagnies d\u2019assurance.<\/p>\n\n\n\n<p>Pour cette op\u00e9ration, La Fran\u00e7aise REM a \u00e9t\u00e9 conseill\u00e9e par l\u2019Etude Allez &amp; Associ\u00e9s (Romuald Sachet), le cabinet Paul Hastings (Jean-Louis Martin et Quentin Jobard), le cabinet Arsene (Franck Llinas) et le bureau d\u2019\u00e9tude CEDIAT (sur les aspects techniques et environnementaux).<\/p>\n\n\n\n<p>Abenex \u00e9tait conseill\u00e9e par l\u2019\u00e9tude C&amp;C (Bruno Casteran et Devrim Cetiner), le cabinet DLA Piper (Gabriel Dalarun), le cabinet Primexis (Daniel Wickers, Perrine Dessemond, Magalie Lory), le cabinet KPMG pour les aspects fiscalit\u00e9 et Transaction Services de KPMG (Jean-Etienne Chatelon et Jack Rupchandani) et le bureau d\u2019\u00e9tude Nerco (Jean-Marie Mussat et Nicolas Desjacquot).<\/p>\n\n\n\n<p>L\u2019acqu\u00e9reur et le vendeur ont \u00e9t\u00e9 assist\u00e9s par Rothschild &amp; Co (Benoit Th\u00e9bault et Jennifer Lemari\u00e9) et par JLL (Jessica Jaoui).<\/p>\n","protected":false},"excerpt":{"rendered":"<p>La Fran\u00e7aise Real Estate Managers (REM) a acquis un portefeuille de 38 magasins Grand Frais implant\u00e9s en France m\u00e9tropolitaine dans le cadre d\u2019un share deal avec une valorisation des actifs immobiliers d\u2019environ 190 M d\u2019euros aupr\u00e8s d\u2019Abenex, agissant pour le compte d\u2019investisseurs. Le portefeuille avait pr\u00e9c\u00e9demment \u00e9t\u00e9 acquis en 2016 par un OPPCI g\u00e9r\u00e9 par [&hellip;]<\/p>\n","protected":false},"author":1,"featured_media":2059,"comment_status":"closed","ping_status":"closed","sticky":false,"template":"","format":"standard","meta":{"footnotes":""},"categories":[31],"tags":[],"class_list":["post-6559","post","type-post","status-publish","format-standard","has-post-thumbnail","hentry","category-immobilier"],"acf":[],"yoast_head":"<!-- This site is optimized with the Yoast SEO plugin v27.1.1 - https:\/\/yoast.com\/product\/yoast-seo-wordpress\/ -->\n<title>La Fran\u00e7aise Real Estate Managers (REM) et Abenex finalisent la transaction \u00ab FIRE \u00bb | Abenex<\/title>\n<meta name=\"robots\" content=\"index, follow, max-snippet:-1, max-image-preview:large, max-video-preview:-1\" \/>\n<link rel=\"canonical\" href=\"https:\/\/www.abenex.com\/la-francaise-real-estate-managers-rem-et-abenex-finalisent-la-transaction-fire\/\" \/>\n<meta property=\"og:locale\" content=\"fr_FR\" \/>\n<meta property=\"og:type\" content=\"article\" \/>\n<meta property=\"og:title\" content=\"La Fran\u00e7aise Real Estate Managers (REM) et Abenex finalisent la transaction \u00ab FIRE \u00bb | Abenex\" \/>\n<meta property=\"og:description\" content=\"La Fran\u00e7aise Real Estate Managers (REM) a acquis un portefeuille de 38 magasins Grand Frais implant\u00e9s en France m\u00e9tropolitaine dans le cadre d\u2019un share deal avec une valorisation des actifs immobiliers d\u2019environ 190 M d\u2019euros aupr\u00e8s d\u2019Abenex, agissant pour le compte d\u2019investisseurs. Le portefeuille avait pr\u00e9c\u00e9demment \u00e9t\u00e9 acquis en 2016 par un OPPCI g\u00e9r\u00e9 par [&hellip;]\" \/>\n<meta property=\"og:url\" content=\"https:\/\/www.abenex.com\/la-francaise-real-estate-managers-rem-et-abenex-finalisent-la-transaction-fire\/\" \/>\n<meta property=\"og:site_name\" content=\"Abenex\" \/>\n<meta property=\"article:published_time\" content=\"2023-01-27T12:44:24+00:00\" \/>\n<meta property=\"article:modified_time\" content=\"2023-07-07T05:06:54+00:00\" \/>\n<meta property=\"og:image\" content=\"https:\/\/www.abenex.com\/wp-content\/uploads\/2023\/06\/Image-CP-REIM-Grand-Frais.png\" \/>\n\t<meta property=\"og:image:width\" content=\"977\" \/>\n\t<meta property=\"og:image:height\" content=\"530\" \/>\n\t<meta property=\"og:image:type\" content=\"image\/png\" \/>\n<meta name=\"author\" content=\"simplypew@gmail.com\" \/>\n<meta name=\"twitter:card\" content=\"summary_large_image\" \/>\n<meta name=\"twitter:label1\" content=\"\u00c9crit par\" \/>\n\t<meta name=\"twitter:data1\" content=\"simplypew@gmail.com\" \/>\n\t<meta name=\"twitter:label2\" content=\"Dur\u00e9e de lecture estim\u00e9e\" \/>\n\t<meta name=\"twitter:data2\" content=\"3 minutes\" \/>\n<script type=\"application\/ld+json\" class=\"yoast-schema-graph\">{\"@context\":\"https:\/\/schema.org\",\"@graph\":[{\"@type\":\"Article\",\"@id\":\"https:\/\/www.abenex.com\/la-francaise-real-estate-managers-rem-et-abenex-finalisent-la-transaction-fire\/#article\",\"isPartOf\":{\"@id\":\"https:\/\/www.abenex.com\/la-francaise-real-estate-managers-rem-et-abenex-finalisent-la-transaction-fire\/\"},\"author\":{\"name\":\"simplypew@gmail.com\",\"@id\":\"https:\/\/www.abenex.com\/#\/schema\/person\/fcaf61d7089f46f499def4617e8f05d5\"},\"headline\":\"La Fran\u00e7aise Real Estate Managers (REM) et Abenex finalisent la transaction \u00ab FIRE \u00bb\",\"datePublished\":\"2023-01-27T12:44:24+00:00\",\"dateModified\":\"2023-07-07T05:06:54+00:00\",\"mainEntityOfPage\":{\"@id\":\"https:\/\/www.abenex.com\/la-francaise-real-estate-managers-rem-et-abenex-finalisent-la-transaction-fire\/\"},\"wordCount\":535,\"publisher\":{\"@id\":\"https:\/\/www.abenex.com\/#organization\"},\"image\":{\"@id\":\"https:\/\/www.abenex.com\/la-francaise-real-estate-managers-rem-et-abenex-finalisent-la-transaction-fire\/#primaryimage\"},\"thumbnailUrl\":\"https:\/\/www.abenex.com\/wp-content\/uploads\/2023\/06\/Image-CP-REIM-Grand-Frais.png\",\"articleSection\":[\"Immobilier\"],\"inLanguage\":\"fr-FR\"},{\"@type\":\"WebPage\",\"@id\":\"https:\/\/www.abenex.com\/la-francaise-real-estate-managers-rem-et-abenex-finalisent-la-transaction-fire\/\",\"url\":\"https:\/\/www.abenex.com\/la-francaise-real-estate-managers-rem-et-abenex-finalisent-la-transaction-fire\/\",\"name\":\"La Fran\u00e7aise Real Estate Managers (REM) et Abenex finalisent la transaction \u00ab FIRE \u00bb | Abenex\",\"isPartOf\":{\"@id\":\"https:\/\/www.abenex.com\/#website\"},\"primaryImageOfPage\":{\"@id\":\"https:\/\/www.abenex.com\/la-francaise-real-estate-managers-rem-et-abenex-finalisent-la-transaction-fire\/#primaryimage\"},\"image\":{\"@id\":\"https:\/\/www.abenex.com\/la-francaise-real-estate-managers-rem-et-abenex-finalisent-la-transaction-fire\/#primaryimage\"},\"thumbnailUrl\":\"https:\/\/www.abenex.com\/wp-content\/uploads\/2023\/06\/Image-CP-REIM-Grand-Frais.png\",\"datePublished\":\"2023-01-27T12:44:24+00:00\",\"dateModified\":\"2023-07-07T05:06:54+00:00\",\"breadcrumb\":{\"@id\":\"https:\/\/www.abenex.com\/la-francaise-real-estate-managers-rem-et-abenex-finalisent-la-transaction-fire\/#breadcrumb\"},\"inLanguage\":\"fr-FR\",\"potentialAction\":[{\"@type\":\"ReadAction\",\"target\":[\"https:\/\/www.abenex.com\/la-francaise-real-estate-managers-rem-et-abenex-finalisent-la-transaction-fire\/\"]}]},{\"@type\":\"ImageObject\",\"inLanguage\":\"fr-FR\",\"@id\":\"https:\/\/www.abenex.com\/la-francaise-real-estate-managers-rem-et-abenex-finalisent-la-transaction-fire\/#primaryimage\",\"url\":\"https:\/\/www.abenex.com\/wp-content\/uploads\/2023\/06\/Image-CP-REIM-Grand-Frais.png\",\"contentUrl\":\"https:\/\/www.abenex.com\/wp-content\/uploads\/2023\/06\/Image-CP-REIM-Grand-Frais.png\",\"width\":977,\"height\":530,\"caption\":\"Image CP REIM Grand Frais\"},{\"@type\":\"BreadcrumbList\",\"@id\":\"https:\/\/www.abenex.com\/la-francaise-real-estate-managers-rem-et-abenex-finalisent-la-transaction-fire\/#breadcrumb\",\"itemListElement\":[{\"@type\":\"ListItem\",\"position\":1,\"name\":\"Accueil\",\"item\":\"https:\/\/www.abenex.com\/fr\/\"},{\"@type\":\"ListItem\",\"position\":2,\"name\":\"La Fran\u00e7aise Real Estate Managers (REM) et Abenex finalisent la transaction \u00ab FIRE \u00bb\"}]},{\"@type\":\"WebSite\",\"@id\":\"https:\/\/www.abenex.com\/#website\",\"url\":\"https:\/\/www.abenex.com\/\",\"name\":\"Abenex - Investing with purpose\",\"description\":\"Investing with purpose\",\"publisher\":{\"@id\":\"https:\/\/www.abenex.com\/#organization\"},\"potentialAction\":[{\"@type\":\"SearchAction\",\"target\":{\"@type\":\"EntryPoint\",\"urlTemplate\":\"https:\/\/www.abenex.com\/?s={search_term_string}\"},\"query-input\":{\"@type\":\"PropertyValueSpecification\",\"valueRequired\":true,\"valueName\":\"search_term_string\"}}],\"inLanguage\":\"fr-FR\"},{\"@type\":\"Organization\",\"@id\":\"https:\/\/www.abenex.com\/#organization\",\"name\":\"Abenex - Investing with purpose\",\"url\":\"https:\/\/www.abenex.com\/\",\"logo\":{\"@type\":\"ImageObject\",\"inLanguage\":\"fr-FR\",\"@id\":\"https:\/\/www.abenex.com\/#\/schema\/logo\/image\/\",\"url\":\"https:\/\/www.abenex.com\/wp-content\/uploads\/2023\/05\/FULL-LOGO-NOIR-BLEU-1.svg\",\"contentUrl\":\"https:\/\/www.abenex.com\/wp-content\/uploads\/2023\/05\/FULL-LOGO-NOIR-BLEU-1.svg\",\"width\":166,\"height\":34,\"caption\":\"Abenex - Investing with purpose\"},\"image\":{\"@id\":\"https:\/\/www.abenex.com\/#\/schema\/logo\/image\/\"}},{\"@type\":\"Person\",\"@id\":\"https:\/\/www.abenex.com\/#\/schema\/person\/fcaf61d7089f46f499def4617e8f05d5\",\"name\":\"simplypew@gmail.com\",\"image\":{\"@type\":\"ImageObject\",\"inLanguage\":\"fr-FR\",\"@id\":\"https:\/\/www.abenex.com\/#\/schema\/person\/image\/\",\"url\":\"https:\/\/secure.gravatar.com\/avatar\/f055ded7a27e879ece34280c17d058e2ba94c9b96e06787d6fbd482c26aad2bf?s=96&d=mm&r=g\",\"contentUrl\":\"https:\/\/secure.gravatar.com\/avatar\/f055ded7a27e879ece34280c17d058e2ba94c9b96e06787d6fbd482c26aad2bf?s=96&d=mm&r=g\",\"caption\":\"simplypew@gmail.com\"},\"sameAs\":[\"https:\/\/www.abenex.com\"]}]}<\/script>\n<!-- \/ Yoast SEO plugin. -->","yoast_head_json":{"title":"La Fran\u00e7aise Real Estate Managers (REM) et Abenex finalisent la transaction \u00ab FIRE \u00bb | Abenex","robots":{"index":"index","follow":"follow","max-snippet":"max-snippet:-1","max-image-preview":"max-image-preview:large","max-video-preview":"max-video-preview:-1"},"canonical":"https:\/\/www.abenex.com\/la-francaise-real-estate-managers-rem-et-abenex-finalisent-la-transaction-fire\/","og_locale":"fr_FR","og_type":"article","og_title":"La Fran\u00e7aise Real Estate Managers (REM) et Abenex finalisent la transaction \u00ab FIRE \u00bb | Abenex","og_description":"La Fran\u00e7aise Real Estate Managers (REM) a acquis un portefeuille de 38 magasins Grand Frais implant\u00e9s en France m\u00e9tropolitaine dans le cadre d\u2019un share deal avec une valorisation des actifs immobiliers d\u2019environ 190 M d\u2019euros aupr\u00e8s d\u2019Abenex, agissant pour le compte d\u2019investisseurs. Le portefeuille avait pr\u00e9c\u00e9demment \u00e9t\u00e9 acquis en 2016 par un OPPCI g\u00e9r\u00e9 par [&hellip;]","og_url":"https:\/\/www.abenex.com\/la-francaise-real-estate-managers-rem-et-abenex-finalisent-la-transaction-fire\/","og_site_name":"Abenex","article_published_time":"2023-01-27T12:44:24+00:00","article_modified_time":"2023-07-07T05:06:54+00:00","og_image":[{"width":977,"height":530,"url":"https:\/\/www.abenex.com\/wp-content\/uploads\/2023\/06\/Image-CP-REIM-Grand-Frais.png","type":"image\/png"}],"author":"simplypew@gmail.com","twitter_card":"summary_large_image","twitter_misc":{"\u00c9crit par":"simplypew@gmail.com","Dur\u00e9e de lecture estim\u00e9e":"3 minutes"},"schema":{"@context":"https:\/\/schema.org","@graph":[{"@type":"Article","@id":"https:\/\/www.abenex.com\/la-francaise-real-estate-managers-rem-et-abenex-finalisent-la-transaction-fire\/#article","isPartOf":{"@id":"https:\/\/www.abenex.com\/la-francaise-real-estate-managers-rem-et-abenex-finalisent-la-transaction-fire\/"},"author":{"name":"simplypew@gmail.com","@id":"https:\/\/www.abenex.com\/#\/schema\/person\/fcaf61d7089f46f499def4617e8f05d5"},"headline":"La Fran\u00e7aise Real Estate Managers (REM) et Abenex finalisent la transaction \u00ab FIRE \u00bb","datePublished":"2023-01-27T12:44:24+00:00","dateModified":"2023-07-07T05:06:54+00:00","mainEntityOfPage":{"@id":"https:\/\/www.abenex.com\/la-francaise-real-estate-managers-rem-et-abenex-finalisent-la-transaction-fire\/"},"wordCount":535,"publisher":{"@id":"https:\/\/www.abenex.com\/#organization"},"image":{"@id":"https:\/\/www.abenex.com\/la-francaise-real-estate-managers-rem-et-abenex-finalisent-la-transaction-fire\/#primaryimage"},"thumbnailUrl":"https:\/\/www.abenex.com\/wp-content\/uploads\/2023\/06\/Image-CP-REIM-Grand-Frais.png","articleSection":["Immobilier"],"inLanguage":"fr-FR"},{"@type":"WebPage","@id":"https:\/\/www.abenex.com\/la-francaise-real-estate-managers-rem-et-abenex-finalisent-la-transaction-fire\/","url":"https:\/\/www.abenex.com\/la-francaise-real-estate-managers-rem-et-abenex-finalisent-la-transaction-fire\/","name":"La Fran\u00e7aise Real Estate Managers (REM) et Abenex finalisent la transaction \u00ab FIRE \u00bb | Abenex","isPartOf":{"@id":"https:\/\/www.abenex.com\/#website"},"primaryImageOfPage":{"@id":"https:\/\/www.abenex.com\/la-francaise-real-estate-managers-rem-et-abenex-finalisent-la-transaction-fire\/#primaryimage"},"image":{"@id":"https:\/\/www.abenex.com\/la-francaise-real-estate-managers-rem-et-abenex-finalisent-la-transaction-fire\/#primaryimage"},"thumbnailUrl":"https:\/\/www.abenex.com\/wp-content\/uploads\/2023\/06\/Image-CP-REIM-Grand-Frais.png","datePublished":"2023-01-27T12:44:24+00:00","dateModified":"2023-07-07T05:06:54+00:00","breadcrumb":{"@id":"https:\/\/www.abenex.com\/la-francaise-real-estate-managers-rem-et-abenex-finalisent-la-transaction-fire\/#breadcrumb"},"inLanguage":"fr-FR","potentialAction":[{"@type":"ReadAction","target":["https:\/\/www.abenex.com\/la-francaise-real-estate-managers-rem-et-abenex-finalisent-la-transaction-fire\/"]}]},{"@type":"ImageObject","inLanguage":"fr-FR","@id":"https:\/\/www.abenex.com\/la-francaise-real-estate-managers-rem-et-abenex-finalisent-la-transaction-fire\/#primaryimage","url":"https:\/\/www.abenex.com\/wp-content\/uploads\/2023\/06\/Image-CP-REIM-Grand-Frais.png","contentUrl":"https:\/\/www.abenex.com\/wp-content\/uploads\/2023\/06\/Image-CP-REIM-Grand-Frais.png","width":977,"height":530,"caption":"Image CP REIM Grand Frais"},{"@type":"BreadcrumbList","@id":"https:\/\/www.abenex.com\/la-francaise-real-estate-managers-rem-et-abenex-finalisent-la-transaction-fire\/#breadcrumb","itemListElement":[{"@type":"ListItem","position":1,"name":"Accueil","item":"https:\/\/www.abenex.com\/fr\/"},{"@type":"ListItem","position":2,"name":"La Fran\u00e7aise Real Estate Managers (REM) et Abenex finalisent la transaction \u00ab FIRE \u00bb"}]},{"@type":"WebSite","@id":"https:\/\/www.abenex.com\/#website","url":"https:\/\/www.abenex.com\/","name":"Abenex - Investing with purpose","description":"Investing with purpose","publisher":{"@id":"https:\/\/www.abenex.com\/#organization"},"potentialAction":[{"@type":"SearchAction","target":{"@type":"EntryPoint","urlTemplate":"https:\/\/www.abenex.com\/?s={search_term_string}"},"query-input":{"@type":"PropertyValueSpecification","valueRequired":true,"valueName":"search_term_string"}}],"inLanguage":"fr-FR"},{"@type":"Organization","@id":"https:\/\/www.abenex.com\/#organization","name":"Abenex - Investing with purpose","url":"https:\/\/www.abenex.com\/","logo":{"@type":"ImageObject","inLanguage":"fr-FR","@id":"https:\/\/www.abenex.com\/#\/schema\/logo\/image\/","url":"https:\/\/www.abenex.com\/wp-content\/uploads\/2023\/05\/FULL-LOGO-NOIR-BLEU-1.svg","contentUrl":"https:\/\/www.abenex.com\/wp-content\/uploads\/2023\/05\/FULL-LOGO-NOIR-BLEU-1.svg","width":166,"height":34,"caption":"Abenex - Investing with purpose"},"image":{"@id":"https:\/\/www.abenex.com\/#\/schema\/logo\/image\/"}},{"@type":"Person","@id":"https:\/\/www.abenex.com\/#\/schema\/person\/fcaf61d7089f46f499def4617e8f05d5","name":"simplypew@gmail.com","image":{"@type":"ImageObject","inLanguage":"fr-FR","@id":"https:\/\/www.abenex.com\/#\/schema\/person\/image\/","url":"https:\/\/secure.gravatar.com\/avatar\/f055ded7a27e879ece34280c17d058e2ba94c9b96e06787d6fbd482c26aad2bf?s=96&d=mm&r=g","contentUrl":"https:\/\/secure.gravatar.com\/avatar\/f055ded7a27e879ece34280c17d058e2ba94c9b96e06787d6fbd482c26aad2bf?s=96&d=mm&r=g","caption":"simplypew@gmail.com"},"sameAs":["https:\/\/www.abenex.com"]}]}},"_links":{"self":[{"href":"https:\/\/www.abenex.com\/fr\/wp-json\/wp\/v2\/posts\/6559","targetHints":{"allow":["GET"]}}],"collection":[{"href":"https:\/\/www.abenex.com\/fr\/wp-json\/wp\/v2\/posts"}],"about":[{"href":"https:\/\/www.abenex.com\/fr\/wp-json\/wp\/v2\/types\/post"}],"author":[{"embeddable":true,"href":"https:\/\/www.abenex.com\/fr\/wp-json\/wp\/v2\/users\/1"}],"replies":[{"embeddable":true,"href":"https:\/\/www.abenex.com\/fr\/wp-json\/wp\/v2\/comments?post=6559"}],"version-history":[{"count":1,"href":"https:\/\/www.abenex.com\/fr\/wp-json\/wp\/v2\/posts\/6559\/revisions"}],"predecessor-version":[{"id":6811,"href":"https:\/\/www.abenex.com\/fr\/wp-json\/wp\/v2\/posts\/6559\/revisions\/6811"}],"wp:featuredmedia":[{"embeddable":true,"href":"https:\/\/www.abenex.com\/fr\/wp-json\/wp\/v2\/media\/2059"}],"wp:attachment":[{"href":"https:\/\/www.abenex.com\/fr\/wp-json\/wp\/v2\/media?parent=6559"}],"wp:term":[{"taxonomy":"category","embeddable":true,"href":"https:\/\/www.abenex.com\/fr\/wp-json\/wp\/v2\/categories?post=6559"},{"taxonomy":"post_tag","embeddable":true,"href":"https:\/\/www.abenex.com\/fr\/wp-json\/wp\/v2\/tags?post=6559"}],"curies":[{"name":"wp","href":"https:\/\/api.w.org\/{rel}","templated":true}]}}