    
{"id":12568,"date":"2019-03-14T15:27:15","date_gmt":"2019-03-14T14:27:15","guid":{"rendered":"https:\/\/www.abenex.com\/naturellement-gourmand-acquires-the-company-les-delices-du-chef\/"},"modified":"2024-02-27T15:56:43","modified_gmt":"2024-02-27T14:56:43","slug":"naturellement-gourmand-acquires-the-company-les-delices-du-chef","status":"publish","type":"post","link":"https:\/\/www.abenex.com\/it\/naturellement-gourmand-acquires-the-company-les-delices-du-chef\/","title":{"rendered":"Naturellement Gourmand acquires the company Les D\u00e9lices Du Chef"},"content":{"rendered":"\r\n<p>The Naturellement Gourmand group, owned by Abenex, announces the acquisition of Les D\u00e9lices Du Chef, a major player in the production of blinis, pancakes, cr\u00eapes and galettes to expand its product range. This acquisition is in line with the NG Group&#8217;s development strategy, which aims to create a food group focused on the naturalness and quality of food products with a strong pleasure component. For this operation, the group is supported by Abenex, Ark\u00e9a Capital, and the managing directors and sellers of D\u00e9lices du Chef.\u00a0<\/p>\r\n\r\n\r\n\r\n<p>Les D\u00e9lices du Chef, a major player in the blini, pancake, cr\u00eape and galette market based in Locoal-Mendon, near Vannes (56), employs 50 people and has a turnover of nearly 11 million Euros in France and abroad. The company joins Tartefrais within the Naturellement Gourmand group based in Falaise in Calvados (14). Les D\u00e9lices du Chef was created 22 years ago by Erwan Le Roux, joined by S\u00e9bastien Chanoir and Yannick Le Borgne, also founder of Armor Plats Cuisin\u00e9s. The Breton company exports more than 30% of its production and addresses the organic supermarkets, the conventional supermarkets, out-of-home catering and BtoB distribution networks.<\/p>\r\n\r\n\r\n\r\n<p>For Franck Malinowski, head of the Naturellement Gourmand group: &#8220;This acquisition is perfectly in line with the strategy of the new group as both companies share the same values of naturalness and product quality. This is an important step because Les D\u00e9lices du Chef strengthens the new group, in particular thanks to a strong presence in organic channels and also internationally&#8221;.<\/p>\r\n\r\n\r\n\r\n<p>Abenex, majority shareholder of the Naturellement Gourmand group, supports the acquisition by significantly involving the sellers of Les D\u00e9lices du Chef who become shareholders of the NG group, as well as Ark\u00e9a Capital, a subsidiary of the Ark\u00e9a group, and the management of both companies.<\/p>\r\n\r\n\r\n\r\n<p>A senior debt co-arranged by CIC and Ark\u00e9a Banque Entreprises et Institutionnels, a subsidiary of the Ark\u00e9a group, refinances the Group&#8217;s acquisition debt and finances the acquisition of Les D\u00e9lices du Chef.<\/p>\r\n\r\n\r\n\r\n<p>The Naturellement Gourmand Group bringing together Tartefrais and Les D\u00e9lices du Chef is the first investment of the Abenex Croissance fund, a fund dedicated to smallcap transactions, whose launch was announced in December 2018. The fund, which aims to raise \u20ac125 million, has completed an initial closing with renowned institutional investors (Ardian, Arkea, CA Indosuez, etc.) and families.<\/p>\r\n","protected":false},"excerpt":{"rendered":"<p>The Naturellement Gourmand group, owned by Abenex, announces the acquisition of Les D\u00e9lices Du Chef, a major player in the production of blinis, pancakes, cr\u00eapes and galettes to expand its product range. This acquisition is in line with the NG Group&#8217;s development strategy, which aims to create a food group focused on the naturalness and [&hellip;]<\/p>\n","protected":false},"author":2,"featured_media":8598,"comment_status":"closed","ping_status":"closed","sticky":false,"template":"","format":"standard","meta":{"footnotes":""},"categories":[155],"tags":[],"class_list":["post-12568","post","type-post","status-publish","format-standard","has-post-thumbnail","hentry","category-partecipazioni"],"acf":[],"yoast_head":"<!-- This site is optimized with the Yoast SEO plugin v27.1.1 - https:\/\/yoast.com\/product\/yoast-seo-wordpress\/ -->\n<title>Naturellement Gourmand acquires the company Les D\u00e9lices Du Chef | Abenex<\/title>\n<meta name=\"robots\" content=\"index, follow, max-snippet:-1, max-image-preview:large, max-video-preview:-1\" \/>\n<link rel=\"canonical\" href=\"https:\/\/www.abenex.com\/it\/naturellement-gourmand-acquires-the-company-les-delices-du-chef\/\" \/>\n<meta property=\"og:locale\" content=\"it_IT\" \/>\n<meta property=\"og:type\" content=\"article\" \/>\n<meta property=\"og:title\" content=\"Naturellement Gourmand acquires the company Les D\u00e9lices Du Chef | Abenex\" \/>\n<meta property=\"og:description\" content=\"The Naturellement Gourmand group, owned by Abenex, announces the acquisition of Les D\u00e9lices Du Chef, a major player in the production of blinis, pancakes, cr\u00eapes and galettes to expand its product range. This acquisition is in line with the NG Group&#8217;s development strategy, which aims to create a food group focused on the naturalness and [&hellip;]\" \/>\n<meta property=\"og:url\" content=\"https:\/\/www.abenex.com\/it\/naturellement-gourmand-acquires-the-company-les-delices-du-chef\/\" \/>\n<meta property=\"og:site_name\" content=\"Abenex\" \/>\n<meta property=\"article:published_time\" content=\"2019-03-14T14:27:15+00:00\" \/>\n<meta property=\"article:modified_time\" content=\"2024-02-27T14:56:43+00:00\" \/>\n<meta property=\"og:image\" content=\"https:\/\/www.abenex.com\/wp-content\/uploads\/2023\/06\/DDC-blin-pt-2.jpg\" \/>\n\t<meta property=\"og:image:width\" content=\"683\" \/>\n\t<meta property=\"og:image:height\" content=\"1024\" \/>\n\t<meta property=\"og:image:type\" content=\"image\/jpeg\" \/>\n<meta name=\"author\" content=\"Alec\" \/>\n<meta name=\"twitter:card\" content=\"summary_large_image\" \/>\n<meta name=\"twitter:label1\" content=\"Scritto da\" \/>\n\t<meta name=\"twitter:data1\" content=\"Alec\" \/>\n\t<meta name=\"twitter:label2\" content=\"Tempo di lettura stimato\" \/>\n\t<meta name=\"twitter:data2\" content=\"2 minuti\" \/>\n<script type=\"application\/ld+json\" class=\"yoast-schema-graph\">{\"@context\":\"https:\/\/schema.org\",\"@graph\":[{\"@type\":\"Article\",\"@id\":\"https:\/\/www.abenex.com\/it\/naturellement-gourmand-acquires-the-company-les-delices-du-chef\/#article\",\"isPartOf\":{\"@id\":\"https:\/\/www.abenex.com\/it\/naturellement-gourmand-acquires-the-company-les-delices-du-chef\/\"},\"author\":{\"name\":\"Alec\",\"@id\":\"https:\/\/www.abenex.com\/#\/schema\/person\/1c0ae1a065aca059d6abd16affb29251\"},\"headline\":\"Naturellement Gourmand acquires the company Les D\u00e9lices Du Chef\",\"datePublished\":\"2019-03-14T14:27:15+00:00\",\"dateModified\":\"2024-02-27T14:56:43+00:00\",\"mainEntityOfPage\":{\"@id\":\"https:\/\/www.abenex.com\/it\/naturellement-gourmand-acquires-the-company-les-delices-du-chef\/\"},\"wordCount\":403,\"publisher\":{\"@id\":\"https:\/\/www.abenex.com\/#organization\"},\"image\":{\"@id\":\"https:\/\/www.abenex.com\/it\/naturellement-gourmand-acquires-the-company-les-delices-du-chef\/#primaryimage\"},\"thumbnailUrl\":\"https:\/\/www.abenex.com\/wp-content\/uploads\/2023\/06\/DDC-blin-pt-2.jpg\",\"articleSection\":[\"Partecipazioni\"],\"inLanguage\":\"it-IT\"},{\"@type\":\"WebPage\",\"@id\":\"https:\/\/www.abenex.com\/it\/naturellement-gourmand-acquires-the-company-les-delices-du-chef\/\",\"url\":\"https:\/\/www.abenex.com\/it\/naturellement-gourmand-acquires-the-company-les-delices-du-chef\/\",\"name\":\"Naturellement Gourmand acquires the company Les D\u00e9lices Du Chef | Abenex\",\"isPartOf\":{\"@id\":\"https:\/\/www.abenex.com\/#website\"},\"primaryImageOfPage\":{\"@id\":\"https:\/\/www.abenex.com\/it\/naturellement-gourmand-acquires-the-company-les-delices-du-chef\/#primaryimage\"},\"image\":{\"@id\":\"https:\/\/www.abenex.com\/it\/naturellement-gourmand-acquires-the-company-les-delices-du-chef\/#primaryimage\"},\"thumbnailUrl\":\"https:\/\/www.abenex.com\/wp-content\/uploads\/2023\/06\/DDC-blin-pt-2.jpg\",\"datePublished\":\"2019-03-14T14:27:15+00:00\",\"dateModified\":\"2024-02-27T14:56:43+00:00\",\"breadcrumb\":{\"@id\":\"https:\/\/www.abenex.com\/it\/naturellement-gourmand-acquires-the-company-les-delices-du-chef\/#breadcrumb\"},\"inLanguage\":\"it-IT\",\"potentialAction\":[{\"@type\":\"ReadAction\",\"target\":[\"https:\/\/www.abenex.com\/it\/naturellement-gourmand-acquires-the-company-les-delices-du-chef\/\"]}]},{\"@type\":\"ImageObject\",\"inLanguage\":\"it-IT\",\"@id\":\"https:\/\/www.abenex.com\/it\/naturellement-gourmand-acquires-the-company-les-delices-du-chef\/#primaryimage\",\"url\":\"https:\/\/www.abenex.com\/wp-content\/uploads\/2023\/06\/DDC-blin-pt-2.jpg\",\"contentUrl\":\"https:\/\/www.abenex.com\/wp-content\/uploads\/2023\/06\/DDC-blin-pt-2.jpg\",\"width\":683,\"height\":1024,\"caption\":\"Image de blinis ap\u00e9ritif avec topping sal\u00e9 _ Soci\u00e9t\u00e9 Naturellement Gourmand\"},{\"@type\":\"BreadcrumbList\",\"@id\":\"https:\/\/www.abenex.com\/it\/naturellement-gourmand-acquires-the-company-les-delices-du-chef\/#breadcrumb\",\"itemListElement\":[{\"@type\":\"ListItem\",\"position\":1,\"name\":\"Accueil\",\"item\":\"https:\/\/www.abenex.com\/it\/\"},{\"@type\":\"ListItem\",\"position\":2,\"name\":\"Naturellement Gourmand acquires the company Les D\u00e9lices Du Chef\"}]},{\"@type\":\"WebSite\",\"@id\":\"https:\/\/www.abenex.com\/#website\",\"url\":\"https:\/\/www.abenex.com\/\",\"name\":\"Abenex - Investing with purpose\",\"description\":\"Investing with purpose\",\"publisher\":{\"@id\":\"https:\/\/www.abenex.com\/#organization\"},\"potentialAction\":[{\"@type\":\"SearchAction\",\"target\":{\"@type\":\"EntryPoint\",\"urlTemplate\":\"https:\/\/www.abenex.com\/?s={search_term_string}\"},\"query-input\":{\"@type\":\"PropertyValueSpecification\",\"valueRequired\":true,\"valueName\":\"search_term_string\"}}],\"inLanguage\":\"it-IT\"},{\"@type\":\"Organization\",\"@id\":\"https:\/\/www.abenex.com\/#organization\",\"name\":\"Abenex - Investing with purpose\",\"url\":\"https:\/\/www.abenex.com\/\",\"logo\":{\"@type\":\"ImageObject\",\"inLanguage\":\"it-IT\",\"@id\":\"https:\/\/www.abenex.com\/#\/schema\/logo\/image\/\",\"url\":\"https:\/\/www.abenex.com\/wp-content\/uploads\/2023\/05\/FULL-LOGO-NOIR-BLEU-1.svg\",\"contentUrl\":\"https:\/\/www.abenex.com\/wp-content\/uploads\/2023\/05\/FULL-LOGO-NOIR-BLEU-1.svg\",\"width\":166,\"height\":34,\"caption\":\"Abenex - Investing with purpose\"},\"image\":{\"@id\":\"https:\/\/www.abenex.com\/#\/schema\/logo\/image\/\"}},{\"@type\":\"Person\",\"@id\":\"https:\/\/www.abenex.com\/#\/schema\/person\/1c0ae1a065aca059d6abd16affb29251\",\"name\":\"Alec\",\"image\":{\"@type\":\"ImageObject\",\"inLanguage\":\"it-IT\",\"@id\":\"https:\/\/www.abenex.com\/#\/schema\/person\/image\/\",\"url\":\"https:\/\/secure.gravatar.com\/avatar\/0c04920c00470302b1a500200942400268abc1c78754ad098dc67d526944251c?s=96&d=mm&r=g\",\"contentUrl\":\"https:\/\/secure.gravatar.com\/avatar\/0c04920c00470302b1a500200942400268abc1c78754ad098dc67d526944251c?s=96&d=mm&r=g\",\"caption\":\"Alec\"}}]}<\/script>\n<!-- \/ Yoast SEO plugin. -->","yoast_head_json":{"title":"Naturellement Gourmand acquires the company Les D\u00e9lices Du Chef | Abenex","robots":{"index":"index","follow":"follow","max-snippet":"max-snippet:-1","max-image-preview":"max-image-preview:large","max-video-preview":"max-video-preview:-1"},"canonical":"https:\/\/www.abenex.com\/it\/naturellement-gourmand-acquires-the-company-les-delices-du-chef\/","og_locale":"it_IT","og_type":"article","og_title":"Naturellement Gourmand acquires the company Les D\u00e9lices Du Chef | Abenex","og_description":"The Naturellement Gourmand group, owned by Abenex, announces the acquisition of Les D\u00e9lices Du Chef, a major player in the production of blinis, pancakes, cr\u00eapes and galettes to expand its product range. This acquisition is in line with the NG Group&#8217;s development strategy, which aims to create a food group focused on the naturalness and [&hellip;]","og_url":"https:\/\/www.abenex.com\/it\/naturellement-gourmand-acquires-the-company-les-delices-du-chef\/","og_site_name":"Abenex","article_published_time":"2019-03-14T14:27:15+00:00","article_modified_time":"2024-02-27T14:56:43+00:00","og_image":[{"width":683,"height":1024,"url":"https:\/\/www.abenex.com\/wp-content\/uploads\/2023\/06\/DDC-blin-pt-2.jpg","type":"image\/jpeg"}],"author":"Alec","twitter_card":"summary_large_image","twitter_misc":{"Scritto da":"Alec","Tempo di lettura stimato":"2 minuti"},"schema":{"@context":"https:\/\/schema.org","@graph":[{"@type":"Article","@id":"https:\/\/www.abenex.com\/it\/naturellement-gourmand-acquires-the-company-les-delices-du-chef\/#article","isPartOf":{"@id":"https:\/\/www.abenex.com\/it\/naturellement-gourmand-acquires-the-company-les-delices-du-chef\/"},"author":{"name":"Alec","@id":"https:\/\/www.abenex.com\/#\/schema\/person\/1c0ae1a065aca059d6abd16affb29251"},"headline":"Naturellement Gourmand acquires the company Les D\u00e9lices Du Chef","datePublished":"2019-03-14T14:27:15+00:00","dateModified":"2024-02-27T14:56:43+00:00","mainEntityOfPage":{"@id":"https:\/\/www.abenex.com\/it\/naturellement-gourmand-acquires-the-company-les-delices-du-chef\/"},"wordCount":403,"publisher":{"@id":"https:\/\/www.abenex.com\/#organization"},"image":{"@id":"https:\/\/www.abenex.com\/it\/naturellement-gourmand-acquires-the-company-les-delices-du-chef\/#primaryimage"},"thumbnailUrl":"https:\/\/www.abenex.com\/wp-content\/uploads\/2023\/06\/DDC-blin-pt-2.jpg","articleSection":["Partecipazioni"],"inLanguage":"it-IT"},{"@type":"WebPage","@id":"https:\/\/www.abenex.com\/it\/naturellement-gourmand-acquires-the-company-les-delices-du-chef\/","url":"https:\/\/www.abenex.com\/it\/naturellement-gourmand-acquires-the-company-les-delices-du-chef\/","name":"Naturellement Gourmand acquires the company Les D\u00e9lices Du Chef | Abenex","isPartOf":{"@id":"https:\/\/www.abenex.com\/#website"},"primaryImageOfPage":{"@id":"https:\/\/www.abenex.com\/it\/naturellement-gourmand-acquires-the-company-les-delices-du-chef\/#primaryimage"},"image":{"@id":"https:\/\/www.abenex.com\/it\/naturellement-gourmand-acquires-the-company-les-delices-du-chef\/#primaryimage"},"thumbnailUrl":"https:\/\/www.abenex.com\/wp-content\/uploads\/2023\/06\/DDC-blin-pt-2.jpg","datePublished":"2019-03-14T14:27:15+00:00","dateModified":"2024-02-27T14:56:43+00:00","breadcrumb":{"@id":"https:\/\/www.abenex.com\/it\/naturellement-gourmand-acquires-the-company-les-delices-du-chef\/#breadcrumb"},"inLanguage":"it-IT","potentialAction":[{"@type":"ReadAction","target":["https:\/\/www.abenex.com\/it\/naturellement-gourmand-acquires-the-company-les-delices-du-chef\/"]}]},{"@type":"ImageObject","inLanguage":"it-IT","@id":"https:\/\/www.abenex.com\/it\/naturellement-gourmand-acquires-the-company-les-delices-du-chef\/#primaryimage","url":"https:\/\/www.abenex.com\/wp-content\/uploads\/2023\/06\/DDC-blin-pt-2.jpg","contentUrl":"https:\/\/www.abenex.com\/wp-content\/uploads\/2023\/06\/DDC-blin-pt-2.jpg","width":683,"height":1024,"caption":"Image de blinis ap\u00e9ritif avec topping sal\u00e9 _ Soci\u00e9t\u00e9 Naturellement Gourmand"},{"@type":"BreadcrumbList","@id":"https:\/\/www.abenex.com\/it\/naturellement-gourmand-acquires-the-company-les-delices-du-chef\/#breadcrumb","itemListElement":[{"@type":"ListItem","position":1,"name":"Accueil","item":"https:\/\/www.abenex.com\/it\/"},{"@type":"ListItem","position":2,"name":"Naturellement Gourmand acquires the company Les D\u00e9lices Du Chef"}]},{"@type":"WebSite","@id":"https:\/\/www.abenex.com\/#website","url":"https:\/\/www.abenex.com\/","name":"Abenex - Investing with purpose","description":"Investing with purpose","publisher":{"@id":"https:\/\/www.abenex.com\/#organization"},"potentialAction":[{"@type":"SearchAction","target":{"@type":"EntryPoint","urlTemplate":"https:\/\/www.abenex.com\/?s={search_term_string}"},"query-input":{"@type":"PropertyValueSpecification","valueRequired":true,"valueName":"search_term_string"}}],"inLanguage":"it-IT"},{"@type":"Organization","@id":"https:\/\/www.abenex.com\/#organization","name":"Abenex - Investing with purpose","url":"https:\/\/www.abenex.com\/","logo":{"@type":"ImageObject","inLanguage":"it-IT","@id":"https:\/\/www.abenex.com\/#\/schema\/logo\/image\/","url":"https:\/\/www.abenex.com\/wp-content\/uploads\/2023\/05\/FULL-LOGO-NOIR-BLEU-1.svg","contentUrl":"https:\/\/www.abenex.com\/wp-content\/uploads\/2023\/05\/FULL-LOGO-NOIR-BLEU-1.svg","width":166,"height":34,"caption":"Abenex - Investing with purpose"},"image":{"@id":"https:\/\/www.abenex.com\/#\/schema\/logo\/image\/"}},{"@type":"Person","@id":"https:\/\/www.abenex.com\/#\/schema\/person\/1c0ae1a065aca059d6abd16affb29251","name":"Alec","image":{"@type":"ImageObject","inLanguage":"it-IT","@id":"https:\/\/www.abenex.com\/#\/schema\/person\/image\/","url":"https:\/\/secure.gravatar.com\/avatar\/0c04920c00470302b1a500200942400268abc1c78754ad098dc67d526944251c?s=96&d=mm&r=g","contentUrl":"https:\/\/secure.gravatar.com\/avatar\/0c04920c00470302b1a500200942400268abc1c78754ad098dc67d526944251c?s=96&d=mm&r=g","caption":"Alec"}}]}},"_links":{"self":[{"href":"https:\/\/www.abenex.com\/it\/wp-json\/wp\/v2\/posts\/12568","targetHints":{"allow":["GET"]}}],"collection":[{"href":"https:\/\/www.abenex.com\/it\/wp-json\/wp\/v2\/posts"}],"about":[{"href":"https:\/\/www.abenex.com\/it\/wp-json\/wp\/v2\/types\/post"}],"author":[{"embeddable":true,"href":"https:\/\/www.abenex.com\/it\/wp-json\/wp\/v2\/users\/2"}],"replies":[{"embeddable":true,"href":"https:\/\/www.abenex.com\/it\/wp-json\/wp\/v2\/comments?post=12568"}],"version-history":[{"count":1,"href":"https:\/\/www.abenex.com\/it\/wp-json\/wp\/v2\/posts\/12568\/revisions"}],"predecessor-version":[{"id":12570,"href":"https:\/\/www.abenex.com\/it\/wp-json\/wp\/v2\/posts\/12568\/revisions\/12570"}],"wp:featuredmedia":[{"embeddable":true,"href":"https:\/\/www.abenex.com\/it\/wp-json\/wp\/v2\/media\/8598"}],"wp:attachment":[{"href":"https:\/\/www.abenex.com\/it\/wp-json\/wp\/v2\/media?parent=12568"}],"wp:term":[{"taxonomy":"category","embeddable":true,"href":"https:\/\/www.abenex.com\/it\/wp-json\/wp\/v2\/categories?post=12568"},{"taxonomy":"post_tag","embeddable":true,"href":"https:\/\/www.abenex.com\/it\/wp-json\/wp\/v2\/tags?post=12568"}],"curies":[{"name":"wp","href":"https:\/\/api.w.org\/{rel}","templated":true}]}}