    
{"id":6628,"date":"2018-10-01T17:16:05","date_gmt":"2018-10-01T15:16:05","guid":{"rendered":"https:\/\/www.abenex.com\/groupe-adf-organises-its-growth\/"},"modified":"2024-02-28T09:22:31","modified_gmt":"2024-02-28T08:22:31","slug":"groupe-adf-organises-its-growth","status":"publish","type":"post","link":"https:\/\/www.abenex.com\/nl\/groupe-adf-organises-its-growth\/","title":{"rendered":"Groupe ADF organises its growth"},"content":{"rendered":"<p>A specialist in &#8220;smart industrial solutions&#8221;, Groupe ADF has joined forces with Abenex, accompanied by Etoile ID, to organise its new MBO and finance its development project.<\/p>\r\n<p>Resulting from the spin-off in 2007 of Gaz de France&#8217;s industrial services activities, Groupe ADF has established itself as a leading player in the design, engineering, integration and maintenance of critical industrial tools in the aeronautics, energy and process industries.<\/p>\r\n\r\n<p>Relying on a talented and committed team of more than 3300 employees, ADF Group stands out by the quality of its customer relations and its knowledge of production tools throughout their life cycle, and is recognised as one of the pioneers of the factory of the future. The group generates more than \u20ac 400M in turnover in 43 countries.<\/p>\r\n\r\n\r\n\r\n<p>Supported by Actomezz, Etoile ID and ACE Management, Groupe ADF has doubled in size since its sponsorless MBO in 2014, thanks in particular to the acquisition of Lat\u00e9co\u00e8re Services in 2016, and is now entering a new phase of its development, which comprises three components: continuing the internationalisation of the group, strengthening its offer( with ( technological content and developing its operational excellence.<\/p>\r\n\r\n\r\n\r\n<p>To write this new page in its entrepreneurial project, the management team, led by its CEO Marc Eliayan, is joining forces with a new minority financial partner, Abenex, while Etoile ID remains a shareholder, and is structuring new financing that will enable it to implement its strategy and pursue its external growth.<\/p>\r\n\r\n\r\n\r\n<h2 class=\"wp-block-heading\">\u00a0<\/h2>\r\n","protected":false},"excerpt":{"rendered":"<p>A specialist in &#8220;smart industrial solutions&#8221;, Groupe ADF has joined forces with Abenex, accompanied by Etoile ID, to organise its new MBO and finance its development project. Resulting from the spin-off in 2007 of Gaz de France&#8217;s industrial services activities, Groupe ADF has established itself as a leading player in the design, engineering, integration and [&hellip;]<\/p>\n","protected":false},"author":2,"featured_media":2884,"comment_status":"closed","ping_status":"closed","sticky":false,"template":"","format":"standard","meta":{"footnotes":""},"categories":[110],"tags":[],"class_list":["post-6628","post","type-post","status-publish","format-standard","has-post-thumbnail","hentry","category-companies"],"acf":[],"yoast_head":"<!-- This site is optimized with the Yoast SEO plugin v27.1.1 - https:\/\/yoast.com\/product\/yoast-seo-wordpress\/ -->\n<title>Groupe ADF organises its growth | Abenex<\/title>\n<meta name=\"description\" content=\"Groupe ADF has joined forces with Abenex, accompanied by Etoile ID, to organise its new MBO and finance its development project...\" \/>\n<meta name=\"robots\" content=\"index, follow, max-snippet:-1, max-image-preview:large, max-video-preview:-1\" \/>\n<link rel=\"canonical\" href=\"https:\/\/www.abenex.com\/groupe-adf-organises-its-growth\/\" \/>\n<meta property=\"og:locale\" content=\"nl_NL\" \/>\n<meta property=\"og:type\" content=\"article\" \/>\n<meta property=\"og:title\" content=\"Groupe ADF organises its growth | Abenex\" \/>\n<meta property=\"og:description\" content=\"Groupe ADF has joined forces with Abenex, accompanied by Etoile ID, to organise its new MBO and finance its development project...\" \/>\n<meta property=\"og:url\" content=\"https:\/\/www.abenex.com\/groupe-adf-organises-its-growth\/\" \/>\n<meta property=\"og:site_name\" content=\"Abenex\" \/>\n<meta property=\"article:published_time\" content=\"2018-10-01T15:16:05+00:00\" \/>\n<meta property=\"article:modified_time\" content=\"2024-02-28T08:22:31+00:00\" \/>\n<meta property=\"og:image\" content=\"https:\/\/www.abenex.com\/wp-content\/uploads\/2023\/06\/image-ADF1-1024x683.png\" \/>\n\t<meta property=\"og:image:width\" content=\"1024\" \/>\n\t<meta property=\"og:image:height\" content=\"683\" \/>\n\t<meta property=\"og:image:type\" content=\"image\/png\" \/>\n<meta name=\"author\" content=\"Alec\" \/>\n<meta name=\"twitter:card\" content=\"summary_large_image\" \/>\n<meta name=\"twitter:label1\" content=\"Geschreven door\" \/>\n\t<meta name=\"twitter:data1\" content=\"Alec\" \/>\n\t<meta name=\"twitter:label2\" content=\"Geschatte leestijd\" \/>\n\t<meta name=\"twitter:data2\" content=\"2 minuten\" \/>\n<script type=\"application\/ld+json\" class=\"yoast-schema-graph\">{\"@context\":\"https:\/\/schema.org\",\"@graph\":[{\"@type\":\"Article\",\"@id\":\"https:\/\/www.abenex.com\/groupe-adf-organises-its-growth\/#article\",\"isPartOf\":{\"@id\":\"https:\/\/www.abenex.com\/groupe-adf-organises-its-growth\/\"},\"author\":{\"name\":\"Alec\",\"@id\":\"https:\/\/www.abenex.com\/#\/schema\/person\/1c0ae1a065aca059d6abd16affb29251\"},\"headline\":\"Groupe ADF organises its growth\",\"datePublished\":\"2018-10-01T15:16:05+00:00\",\"dateModified\":\"2024-02-28T08:22:31+00:00\",\"mainEntityOfPage\":{\"@id\":\"https:\/\/www.abenex.com\/groupe-adf-organises-its-growth\/\"},\"wordCount\":241,\"publisher\":{\"@id\":\"https:\/\/www.abenex.com\/#organization\"},\"image\":{\"@id\":\"https:\/\/www.abenex.com\/groupe-adf-organises-its-growth\/#primaryimage\"},\"thumbnailUrl\":\"https:\/\/www.abenex.com\/wp-content\/uploads\/2023\/06\/image-ADF1.png\",\"articleSection\":[\"Companies\"],\"inLanguage\":\"nl-NL\"},{\"@type\":\"WebPage\",\"@id\":\"https:\/\/www.abenex.com\/groupe-adf-organises-its-growth\/\",\"url\":\"https:\/\/www.abenex.com\/groupe-adf-organises-its-growth\/\",\"name\":\"Groupe ADF organises its growth | Abenex\",\"isPartOf\":{\"@id\":\"https:\/\/www.abenex.com\/#website\"},\"primaryImageOfPage\":{\"@id\":\"https:\/\/www.abenex.com\/groupe-adf-organises-its-growth\/#primaryimage\"},\"image\":{\"@id\":\"https:\/\/www.abenex.com\/groupe-adf-organises-its-growth\/#primaryimage\"},\"thumbnailUrl\":\"https:\/\/www.abenex.com\/wp-content\/uploads\/2023\/06\/image-ADF1.png\",\"datePublished\":\"2018-10-01T15:16:05+00:00\",\"dateModified\":\"2024-02-28T08:22:31+00:00\",\"description\":\"Groupe ADF has joined forces with Abenex, accompanied by Etoile ID, to organise its new MBO and finance its development project...\",\"breadcrumb\":{\"@id\":\"https:\/\/www.abenex.com\/groupe-adf-organises-its-growth\/#breadcrumb\"},\"inLanguage\":\"nl-NL\",\"potentialAction\":[{\"@type\":\"ReadAction\",\"target\":[\"https:\/\/www.abenex.com\/groupe-adf-organises-its-growth\/\"]}]},{\"@type\":\"ImageObject\",\"inLanguage\":\"nl-NL\",\"@id\":\"https:\/\/www.abenex.com\/groupe-adf-organises-its-growth\/#primaryimage\",\"url\":\"https:\/\/www.abenex.com\/wp-content\/uploads\/2023\/06\/image-ADF1.png\",\"contentUrl\":\"https:\/\/www.abenex.com\/wp-content\/uploads\/2023\/06\/image-ADF1.png\",\"width\":1772,\"height\":1182,\"caption\":\"Image vue de dessus : 2 hommes avec polos travaillant sur du mat\u00e9riel \u00e9lectrique - illustration soci\u00e9t\u00e9 ADF\"},{\"@type\":\"BreadcrumbList\",\"@id\":\"https:\/\/www.abenex.com\/groupe-adf-organises-its-growth\/#breadcrumb\",\"itemListElement\":[{\"@type\":\"ListItem\",\"position\":1,\"name\":\"Accueil\",\"item\":\"https:\/\/www.abenex.com\/nl\/\"},{\"@type\":\"ListItem\",\"position\":2,\"name\":\"Groupe ADF organises its growth\"}]},{\"@type\":\"WebSite\",\"@id\":\"https:\/\/www.abenex.com\/#website\",\"url\":\"https:\/\/www.abenex.com\/\",\"name\":\"Abenex - Investing with purpose\",\"description\":\"Investing with purpose\",\"publisher\":{\"@id\":\"https:\/\/www.abenex.com\/#organization\"},\"potentialAction\":[{\"@type\":\"SearchAction\",\"target\":{\"@type\":\"EntryPoint\",\"urlTemplate\":\"https:\/\/www.abenex.com\/?s={search_term_string}\"},\"query-input\":{\"@type\":\"PropertyValueSpecification\",\"valueRequired\":true,\"valueName\":\"search_term_string\"}}],\"inLanguage\":\"nl-NL\"},{\"@type\":\"Organization\",\"@id\":\"https:\/\/www.abenex.com\/#organization\",\"name\":\"Abenex - Investing with purpose\",\"url\":\"https:\/\/www.abenex.com\/\",\"logo\":{\"@type\":\"ImageObject\",\"inLanguage\":\"nl-NL\",\"@id\":\"https:\/\/www.abenex.com\/#\/schema\/logo\/image\/\",\"url\":\"https:\/\/www.abenex.com\/wp-content\/uploads\/2023\/05\/FULL-LOGO-NOIR-BLEU-1.svg\",\"contentUrl\":\"https:\/\/www.abenex.com\/wp-content\/uploads\/2023\/05\/FULL-LOGO-NOIR-BLEU-1.svg\",\"width\":166,\"height\":34,\"caption\":\"Abenex - Investing with purpose\"},\"image\":{\"@id\":\"https:\/\/www.abenex.com\/#\/schema\/logo\/image\/\"}},{\"@type\":\"Person\",\"@id\":\"https:\/\/www.abenex.com\/#\/schema\/person\/1c0ae1a065aca059d6abd16affb29251\",\"name\":\"Alec\",\"image\":{\"@type\":\"ImageObject\",\"inLanguage\":\"nl-NL\",\"@id\":\"https:\/\/www.abenex.com\/#\/schema\/person\/image\/\",\"url\":\"https:\/\/secure.gravatar.com\/avatar\/0c04920c00470302b1a500200942400268abc1c78754ad098dc67d526944251c?s=96&d=mm&r=g\",\"contentUrl\":\"https:\/\/secure.gravatar.com\/avatar\/0c04920c00470302b1a500200942400268abc1c78754ad098dc67d526944251c?s=96&d=mm&r=g\",\"caption\":\"Alec\"}}]}<\/script>\n<!-- \/ Yoast SEO plugin. -->","yoast_head_json":{"title":"Groupe ADF organises its growth | Abenex","description":"Groupe ADF has joined forces with Abenex, accompanied by Etoile ID, to organise its new MBO and finance its development project...","robots":{"index":"index","follow":"follow","max-snippet":"max-snippet:-1","max-image-preview":"max-image-preview:large","max-video-preview":"max-video-preview:-1"},"canonical":"https:\/\/www.abenex.com\/groupe-adf-organises-its-growth\/","og_locale":"nl_NL","og_type":"article","og_title":"Groupe ADF organises its growth | Abenex","og_description":"Groupe ADF has joined forces with Abenex, accompanied by Etoile ID, to organise its new MBO and finance its development project...","og_url":"https:\/\/www.abenex.com\/groupe-adf-organises-its-growth\/","og_site_name":"Abenex","article_published_time":"2018-10-01T15:16:05+00:00","article_modified_time":"2024-02-28T08:22:31+00:00","og_image":[{"width":1024,"height":683,"url":"https:\/\/www.abenex.com\/wp-content\/uploads\/2023\/06\/image-ADF1-1024x683.png","type":"image\/png"}],"author":"Alec","twitter_card":"summary_large_image","twitter_misc":{"Geschreven door":"Alec","Geschatte leestijd":"2 minuten"},"schema":{"@context":"https:\/\/schema.org","@graph":[{"@type":"Article","@id":"https:\/\/www.abenex.com\/groupe-adf-organises-its-growth\/#article","isPartOf":{"@id":"https:\/\/www.abenex.com\/groupe-adf-organises-its-growth\/"},"author":{"name":"Alec","@id":"https:\/\/www.abenex.com\/#\/schema\/person\/1c0ae1a065aca059d6abd16affb29251"},"headline":"Groupe ADF organises its growth","datePublished":"2018-10-01T15:16:05+00:00","dateModified":"2024-02-28T08:22:31+00:00","mainEntityOfPage":{"@id":"https:\/\/www.abenex.com\/groupe-adf-organises-its-growth\/"},"wordCount":241,"publisher":{"@id":"https:\/\/www.abenex.com\/#organization"},"image":{"@id":"https:\/\/www.abenex.com\/groupe-adf-organises-its-growth\/#primaryimage"},"thumbnailUrl":"https:\/\/www.abenex.com\/wp-content\/uploads\/2023\/06\/image-ADF1.png","articleSection":["Companies"],"inLanguage":"nl-NL"},{"@type":"WebPage","@id":"https:\/\/www.abenex.com\/groupe-adf-organises-its-growth\/","url":"https:\/\/www.abenex.com\/groupe-adf-organises-its-growth\/","name":"Groupe ADF organises its growth | Abenex","isPartOf":{"@id":"https:\/\/www.abenex.com\/#website"},"primaryImageOfPage":{"@id":"https:\/\/www.abenex.com\/groupe-adf-organises-its-growth\/#primaryimage"},"image":{"@id":"https:\/\/www.abenex.com\/groupe-adf-organises-its-growth\/#primaryimage"},"thumbnailUrl":"https:\/\/www.abenex.com\/wp-content\/uploads\/2023\/06\/image-ADF1.png","datePublished":"2018-10-01T15:16:05+00:00","dateModified":"2024-02-28T08:22:31+00:00","description":"Groupe ADF has joined forces with Abenex, accompanied by Etoile ID, to organise its new MBO and finance its development project...","breadcrumb":{"@id":"https:\/\/www.abenex.com\/groupe-adf-organises-its-growth\/#breadcrumb"},"inLanguage":"nl-NL","potentialAction":[{"@type":"ReadAction","target":["https:\/\/www.abenex.com\/groupe-adf-organises-its-growth\/"]}]},{"@type":"ImageObject","inLanguage":"nl-NL","@id":"https:\/\/www.abenex.com\/groupe-adf-organises-its-growth\/#primaryimage","url":"https:\/\/www.abenex.com\/wp-content\/uploads\/2023\/06\/image-ADF1.png","contentUrl":"https:\/\/www.abenex.com\/wp-content\/uploads\/2023\/06\/image-ADF1.png","width":1772,"height":1182,"caption":"Image vue de dessus : 2 hommes avec polos travaillant sur du mat\u00e9riel \u00e9lectrique - illustration soci\u00e9t\u00e9 ADF"},{"@type":"BreadcrumbList","@id":"https:\/\/www.abenex.com\/groupe-adf-organises-its-growth\/#breadcrumb","itemListElement":[{"@type":"ListItem","position":1,"name":"Accueil","item":"https:\/\/www.abenex.com\/nl\/"},{"@type":"ListItem","position":2,"name":"Groupe ADF organises its growth"}]},{"@type":"WebSite","@id":"https:\/\/www.abenex.com\/#website","url":"https:\/\/www.abenex.com\/","name":"Abenex - Investing with purpose","description":"Investing with purpose","publisher":{"@id":"https:\/\/www.abenex.com\/#organization"},"potentialAction":[{"@type":"SearchAction","target":{"@type":"EntryPoint","urlTemplate":"https:\/\/www.abenex.com\/?s={search_term_string}"},"query-input":{"@type":"PropertyValueSpecification","valueRequired":true,"valueName":"search_term_string"}}],"inLanguage":"nl-NL"},{"@type":"Organization","@id":"https:\/\/www.abenex.com\/#organization","name":"Abenex - Investing with purpose","url":"https:\/\/www.abenex.com\/","logo":{"@type":"ImageObject","inLanguage":"nl-NL","@id":"https:\/\/www.abenex.com\/#\/schema\/logo\/image\/","url":"https:\/\/www.abenex.com\/wp-content\/uploads\/2023\/05\/FULL-LOGO-NOIR-BLEU-1.svg","contentUrl":"https:\/\/www.abenex.com\/wp-content\/uploads\/2023\/05\/FULL-LOGO-NOIR-BLEU-1.svg","width":166,"height":34,"caption":"Abenex - Investing with purpose"},"image":{"@id":"https:\/\/www.abenex.com\/#\/schema\/logo\/image\/"}},{"@type":"Person","@id":"https:\/\/www.abenex.com\/#\/schema\/person\/1c0ae1a065aca059d6abd16affb29251","name":"Alec","image":{"@type":"ImageObject","inLanguage":"nl-NL","@id":"https:\/\/www.abenex.com\/#\/schema\/person\/image\/","url":"https:\/\/secure.gravatar.com\/avatar\/0c04920c00470302b1a500200942400268abc1c78754ad098dc67d526944251c?s=96&d=mm&r=g","contentUrl":"https:\/\/secure.gravatar.com\/avatar\/0c04920c00470302b1a500200942400268abc1c78754ad098dc67d526944251c?s=96&d=mm&r=g","caption":"Alec"}}]}},"_links":{"self":[{"href":"https:\/\/www.abenex.com\/nl\/wp-json\/wp\/v2\/posts\/6628","targetHints":{"allow":["GET"]}}],"collection":[{"href":"https:\/\/www.abenex.com\/nl\/wp-json\/wp\/v2\/posts"}],"about":[{"href":"https:\/\/www.abenex.com\/nl\/wp-json\/wp\/v2\/types\/post"}],"author":[{"embeddable":true,"href":"https:\/\/www.abenex.com\/nl\/wp-json\/wp\/v2\/users\/2"}],"replies":[{"embeddable":true,"href":"https:\/\/www.abenex.com\/nl\/wp-json\/wp\/v2\/comments?post=6628"}],"version-history":[{"count":5,"href":"https:\/\/www.abenex.com\/nl\/wp-json\/wp\/v2\/posts\/6628\/revisions"}],"predecessor-version":[{"id":12605,"href":"https:\/\/www.abenex.com\/nl\/wp-json\/wp\/v2\/posts\/6628\/revisions\/12605"}],"wp:featuredmedia":[{"embeddable":true,"href":"https:\/\/www.abenex.com\/nl\/wp-json\/wp\/v2\/media\/2884"}],"wp:attachment":[{"href":"https:\/\/www.abenex.com\/nl\/wp-json\/wp\/v2\/media?parent=6628"}],"wp:term":[{"taxonomy":"category","embeddable":true,"href":"https:\/\/www.abenex.com\/nl\/wp-json\/wp\/v2\/categories?post=6628"},{"taxonomy":"post_tag","embeddable":true,"href":"https:\/\/www.abenex.com\/nl\/wp-json\/wp\/v2\/tags?post=6628"}],"curies":[{"name":"wp","href":"https:\/\/api.w.org\/{rel}","templated":true}]}}