    
{"id":6631,"date":"2017-05-10T10:09:05","date_gmt":"2017-05-10T08:09:05","guid":{"rendered":"https:\/\/www.abenex.com\/abenex-acquires-a-stake-in-europa-group-the-european-leader-in-congress-organisation-to-support-its-development\/"},"modified":"2024-02-28T10:18:07","modified_gmt":"2024-02-28T09:18:07","slug":"abenex-acquires-a-stake-in-europa-group-the-european-leader-in-congress-organisation-to-support-its-development","status":"publish","type":"post","link":"https:\/\/www.abenex.com\/nl\/abenex-acquires-a-stake-in-europa-group-the-european-leader-in-congress-organisation-to-support-its-development\/","title":{"rendered":"Abenex acquires a stake in Europa Group, the European leader in congress organisation, to support its development"},"content":{"rendered":"<p>Abenex announces its acquisition of a stake in Europa Group alongside the founders Florence and Marc Doncieux and will support them in a new stage of growth.<\/p>\n<p>As a key player in the organisation of scientific congresses and a coordinator of scientific communities, Europa Group has been growing steadily for many years. The group organises events on all five continents and in 2009 opened a subsidiary in Singapore to develop its offer to Asian institutions and learned societies. Europa Group also carries out external growth operations to acquire new skills. For example, in December 2016, the group acquired Insight Outside, a leader in the organisation of university congresses.<\/p>\n<p>The operation allows a reorganisation of capital by ensuring the continuity of the team in place and the provision of substantial resources to carry out new external growth operations. Florence and Marc Doncieux retain the majority of the capital.<\/p>\n","protected":false},"excerpt":{"rendered":"<p>Abenex announces its acquisition of a stake in Europa Group alongside the founders Florence and Marc Doncieux and will support them in a new stage of growth. As a key player in the organisation of scientific congresses and a coordinator of scientific communities, Europa Group has been growing steadily for many years. The group organises [&hellip;]<\/p>\n","protected":false},"author":2,"featured_media":2871,"comment_status":"closed","ping_status":"closed","sticky":false,"template":"","format":"standard","meta":{"footnotes":""},"categories":[110],"tags":[],"class_list":["post-6631","post","type-post","status-publish","format-standard","has-post-thumbnail","hentry","category-companies"],"acf":[],"yoast_head":"<!-- This site is optimized with the Yoast SEO plugin v27.1.1 - https:\/\/yoast.com\/product\/yoast-seo-wordpress\/ -->\n<title>Abenex acquires a stake in Europa Group, the European leader in congress organisation, to support its development | Abenex<\/title>\n<meta name=\"description\" content=\"Abenex announces its acquisition of a stake in Europa Group and will support them in a new stage of growth...\" \/>\n<meta name=\"robots\" content=\"index, follow, max-snippet:-1, max-image-preview:large, max-video-preview:-1\" \/>\n<link rel=\"canonical\" href=\"https:\/\/www.abenex.com\/abenex-acquires-a-stake-in-europa-group-the-european-leader-in-congress-organisation-to-support-its-development\/\" \/>\n<meta property=\"og:locale\" content=\"nl_NL\" \/>\n<meta property=\"og:type\" content=\"article\" \/>\n<meta property=\"og:title\" content=\"Abenex acquires a stake in Europa Group, the European leader in congress organisation, to support its development | Abenex\" \/>\n<meta property=\"og:description\" content=\"Abenex announces its acquisition of a stake in Europa Group and will support them in a new stage of growth...\" \/>\n<meta property=\"og:url\" content=\"https:\/\/www.abenex.com\/abenex-acquires-a-stake-in-europa-group-the-european-leader-in-congress-organisation-to-support-its-development\/\" \/>\n<meta property=\"og:site_name\" content=\"Abenex\" \/>\n<meta property=\"article:published_time\" content=\"2017-05-10T08:09:05+00:00\" \/>\n<meta property=\"article:modified_time\" content=\"2024-02-28T09:18:07+00:00\" \/>\n<meta property=\"og:image\" content=\"https:\/\/www.abenex.com\/wp-content\/uploads\/2023\/06\/europagroup.jpg\" \/>\n\t<meta property=\"og:image:width\" content=\"800\" \/>\n\t<meta property=\"og:image:height\" content=\"533\" \/>\n\t<meta property=\"og:image:type\" content=\"image\/jpeg\" \/>\n<meta name=\"author\" content=\"Alec\" \/>\n<meta name=\"twitter:card\" content=\"summary_large_image\" \/>\n<meta name=\"twitter:label1\" content=\"Geschreven door\" \/>\n\t<meta name=\"twitter:data1\" content=\"Alec\" \/>\n\t<meta name=\"twitter:label2\" content=\"Geschatte leestijd\" \/>\n\t<meta name=\"twitter:data2\" content=\"1 minuut\" \/>\n<script type=\"application\/ld+json\" class=\"yoast-schema-graph\">{\"@context\":\"https:\/\/schema.org\",\"@graph\":[{\"@type\":\"Article\",\"@id\":\"https:\/\/www.abenex.com\/abenex-acquires-a-stake-in-europa-group-the-european-leader-in-congress-organisation-to-support-its-development\/#article\",\"isPartOf\":{\"@id\":\"https:\/\/www.abenex.com\/abenex-acquires-a-stake-in-europa-group-the-european-leader-in-congress-organisation-to-support-its-development\/\"},\"author\":{\"name\":\"Alec\",\"@id\":\"https:\/\/www.abenex.com\/#\/schema\/person\/1c0ae1a065aca059d6abd16affb29251\"},\"headline\":\"Abenex acquires a stake in Europa Group, the European leader in congress organisation, to support its development\",\"datePublished\":\"2017-05-10T08:09:05+00:00\",\"dateModified\":\"2024-02-28T09:18:07+00:00\",\"mainEntityOfPage\":{\"@id\":\"https:\/\/www.abenex.com\/abenex-acquires-a-stake-in-europa-group-the-european-leader-in-congress-organisation-to-support-its-development\/\"},\"wordCount\":162,\"publisher\":{\"@id\":\"https:\/\/www.abenex.com\/#organization\"},\"image\":{\"@id\":\"https:\/\/www.abenex.com\/abenex-acquires-a-stake-in-europa-group-the-european-leader-in-congress-organisation-to-support-its-development\/#primaryimage\"},\"thumbnailUrl\":\"https:\/\/www.abenex.com\/wp-content\/uploads\/2023\/06\/europagroup.jpg\",\"articleSection\":[\"Companies\"],\"inLanguage\":\"nl-NL\"},{\"@type\":\"WebPage\",\"@id\":\"https:\/\/www.abenex.com\/abenex-acquires-a-stake-in-europa-group-the-european-leader-in-congress-organisation-to-support-its-development\/\",\"url\":\"https:\/\/www.abenex.com\/abenex-acquires-a-stake-in-europa-group-the-european-leader-in-congress-organisation-to-support-its-development\/\",\"name\":\"Abenex acquires a stake in Europa Group, the European leader in congress organisation, to support its development | Abenex\",\"isPartOf\":{\"@id\":\"https:\/\/www.abenex.com\/#website\"},\"primaryImageOfPage\":{\"@id\":\"https:\/\/www.abenex.com\/abenex-acquires-a-stake-in-europa-group-the-european-leader-in-congress-organisation-to-support-its-development\/#primaryimage\"},\"image\":{\"@id\":\"https:\/\/www.abenex.com\/abenex-acquires-a-stake-in-europa-group-the-european-leader-in-congress-organisation-to-support-its-development\/#primaryimage\"},\"thumbnailUrl\":\"https:\/\/www.abenex.com\/wp-content\/uploads\/2023\/06\/europagroup.jpg\",\"datePublished\":\"2017-05-10T08:09:05+00:00\",\"dateModified\":\"2024-02-28T09:18:07+00:00\",\"description\":\"Abenex announces its acquisition of a stake in Europa Group and will support them in a new stage of growth...\",\"breadcrumb\":{\"@id\":\"https:\/\/www.abenex.com\/abenex-acquires-a-stake-in-europa-group-the-european-leader-in-congress-organisation-to-support-its-development\/#breadcrumb\"},\"inLanguage\":\"nl-NL\",\"potentialAction\":[{\"@type\":\"ReadAction\",\"target\":[\"https:\/\/www.abenex.com\/abenex-acquires-a-stake-in-europa-group-the-european-leader-in-congress-organisation-to-support-its-development\/\"]}]},{\"@type\":\"ImageObject\",\"inLanguage\":\"nl-NL\",\"@id\":\"https:\/\/www.abenex.com\/abenex-acquires-a-stake-in-europa-group-the-european-leader-in-congress-organisation-to-support-its-development\/#primaryimage\",\"url\":\"https:\/\/www.abenex.com\/wp-content\/uploads\/2023\/06\/europagroup.jpg\",\"contentUrl\":\"https:\/\/www.abenex.com\/wp-content\/uploads\/2023\/06\/europagroup.jpg\",\"width\":800,\"height\":533,\"caption\":\"Photo du fond d'un auditorium o\u00f9 l'on voit le public et l'estrade avec un r\u00e9troprojecteur o\u00f9 l'on voit en close up les speakers - illustration EUROPA\"},{\"@type\":\"BreadcrumbList\",\"@id\":\"https:\/\/www.abenex.com\/abenex-acquires-a-stake-in-europa-group-the-european-leader-in-congress-organisation-to-support-its-development\/#breadcrumb\",\"itemListElement\":[{\"@type\":\"ListItem\",\"position\":1,\"name\":\"Accueil\",\"item\":\"https:\/\/www.abenex.com\/nl\/\"},{\"@type\":\"ListItem\",\"position\":2,\"name\":\"Abenex acquires a stake in Europa Group, the European leader in congress organisation, to support its development\"}]},{\"@type\":\"WebSite\",\"@id\":\"https:\/\/www.abenex.com\/#website\",\"url\":\"https:\/\/www.abenex.com\/\",\"name\":\"Abenex - Investing with purpose\",\"description\":\"Investing with purpose\",\"publisher\":{\"@id\":\"https:\/\/www.abenex.com\/#organization\"},\"potentialAction\":[{\"@type\":\"SearchAction\",\"target\":{\"@type\":\"EntryPoint\",\"urlTemplate\":\"https:\/\/www.abenex.com\/?s={search_term_string}\"},\"query-input\":{\"@type\":\"PropertyValueSpecification\",\"valueRequired\":true,\"valueName\":\"search_term_string\"}}],\"inLanguage\":\"nl-NL\"},{\"@type\":\"Organization\",\"@id\":\"https:\/\/www.abenex.com\/#organization\",\"name\":\"Abenex - Investing with purpose\",\"url\":\"https:\/\/www.abenex.com\/\",\"logo\":{\"@type\":\"ImageObject\",\"inLanguage\":\"nl-NL\",\"@id\":\"https:\/\/www.abenex.com\/#\/schema\/logo\/image\/\",\"url\":\"https:\/\/www.abenex.com\/wp-content\/uploads\/2023\/05\/FULL-LOGO-NOIR-BLEU-1.svg\",\"contentUrl\":\"https:\/\/www.abenex.com\/wp-content\/uploads\/2023\/05\/FULL-LOGO-NOIR-BLEU-1.svg\",\"width\":166,\"height\":34,\"caption\":\"Abenex - Investing with purpose\"},\"image\":{\"@id\":\"https:\/\/www.abenex.com\/#\/schema\/logo\/image\/\"}},{\"@type\":\"Person\",\"@id\":\"https:\/\/www.abenex.com\/#\/schema\/person\/1c0ae1a065aca059d6abd16affb29251\",\"name\":\"Alec\",\"image\":{\"@type\":\"ImageObject\",\"inLanguage\":\"nl-NL\",\"@id\":\"https:\/\/www.abenex.com\/#\/schema\/person\/image\/\",\"url\":\"https:\/\/secure.gravatar.com\/avatar\/0c04920c00470302b1a500200942400268abc1c78754ad098dc67d526944251c?s=96&d=mm&r=g\",\"contentUrl\":\"https:\/\/secure.gravatar.com\/avatar\/0c04920c00470302b1a500200942400268abc1c78754ad098dc67d526944251c?s=96&d=mm&r=g\",\"caption\":\"Alec\"}}]}<\/script>\n<!-- \/ Yoast SEO plugin. -->","yoast_head_json":{"title":"Abenex acquires a stake in Europa Group, the European leader in congress organisation, to support its development | Abenex","description":"Abenex announces its acquisition of a stake in Europa Group and will support them in a new stage of growth...","robots":{"index":"index","follow":"follow","max-snippet":"max-snippet:-1","max-image-preview":"max-image-preview:large","max-video-preview":"max-video-preview:-1"},"canonical":"https:\/\/www.abenex.com\/abenex-acquires-a-stake-in-europa-group-the-european-leader-in-congress-organisation-to-support-its-development\/","og_locale":"nl_NL","og_type":"article","og_title":"Abenex acquires a stake in Europa Group, the European leader in congress organisation, to support its development | Abenex","og_description":"Abenex announces its acquisition of a stake in Europa Group and will support them in a new stage of growth...","og_url":"https:\/\/www.abenex.com\/abenex-acquires-a-stake-in-europa-group-the-european-leader-in-congress-organisation-to-support-its-development\/","og_site_name":"Abenex","article_published_time":"2017-05-10T08:09:05+00:00","article_modified_time":"2024-02-28T09:18:07+00:00","og_image":[{"width":800,"height":533,"url":"https:\/\/www.abenex.com\/wp-content\/uploads\/2023\/06\/europagroup.jpg","type":"image\/jpeg"}],"author":"Alec","twitter_card":"summary_large_image","twitter_misc":{"Geschreven door":"Alec","Geschatte leestijd":"1 minuut"},"schema":{"@context":"https:\/\/schema.org","@graph":[{"@type":"Article","@id":"https:\/\/www.abenex.com\/abenex-acquires-a-stake-in-europa-group-the-european-leader-in-congress-organisation-to-support-its-development\/#article","isPartOf":{"@id":"https:\/\/www.abenex.com\/abenex-acquires-a-stake-in-europa-group-the-european-leader-in-congress-organisation-to-support-its-development\/"},"author":{"name":"Alec","@id":"https:\/\/www.abenex.com\/#\/schema\/person\/1c0ae1a065aca059d6abd16affb29251"},"headline":"Abenex acquires a stake in Europa Group, the European leader in congress organisation, to support its development","datePublished":"2017-05-10T08:09:05+00:00","dateModified":"2024-02-28T09:18:07+00:00","mainEntityOfPage":{"@id":"https:\/\/www.abenex.com\/abenex-acquires-a-stake-in-europa-group-the-european-leader-in-congress-organisation-to-support-its-development\/"},"wordCount":162,"publisher":{"@id":"https:\/\/www.abenex.com\/#organization"},"image":{"@id":"https:\/\/www.abenex.com\/abenex-acquires-a-stake-in-europa-group-the-european-leader-in-congress-organisation-to-support-its-development\/#primaryimage"},"thumbnailUrl":"https:\/\/www.abenex.com\/wp-content\/uploads\/2023\/06\/europagroup.jpg","articleSection":["Companies"],"inLanguage":"nl-NL"},{"@type":"WebPage","@id":"https:\/\/www.abenex.com\/abenex-acquires-a-stake-in-europa-group-the-european-leader-in-congress-organisation-to-support-its-development\/","url":"https:\/\/www.abenex.com\/abenex-acquires-a-stake-in-europa-group-the-european-leader-in-congress-organisation-to-support-its-development\/","name":"Abenex acquires a stake in Europa Group, the European leader in congress organisation, to support its development | Abenex","isPartOf":{"@id":"https:\/\/www.abenex.com\/#website"},"primaryImageOfPage":{"@id":"https:\/\/www.abenex.com\/abenex-acquires-a-stake-in-europa-group-the-european-leader-in-congress-organisation-to-support-its-development\/#primaryimage"},"image":{"@id":"https:\/\/www.abenex.com\/abenex-acquires-a-stake-in-europa-group-the-european-leader-in-congress-organisation-to-support-its-development\/#primaryimage"},"thumbnailUrl":"https:\/\/www.abenex.com\/wp-content\/uploads\/2023\/06\/europagroup.jpg","datePublished":"2017-05-10T08:09:05+00:00","dateModified":"2024-02-28T09:18:07+00:00","description":"Abenex announces its acquisition of a stake in Europa Group and will support them in a new stage of growth...","breadcrumb":{"@id":"https:\/\/www.abenex.com\/abenex-acquires-a-stake-in-europa-group-the-european-leader-in-congress-organisation-to-support-its-development\/#breadcrumb"},"inLanguage":"nl-NL","potentialAction":[{"@type":"ReadAction","target":["https:\/\/www.abenex.com\/abenex-acquires-a-stake-in-europa-group-the-european-leader-in-congress-organisation-to-support-its-development\/"]}]},{"@type":"ImageObject","inLanguage":"nl-NL","@id":"https:\/\/www.abenex.com\/abenex-acquires-a-stake-in-europa-group-the-european-leader-in-congress-organisation-to-support-its-development\/#primaryimage","url":"https:\/\/www.abenex.com\/wp-content\/uploads\/2023\/06\/europagroup.jpg","contentUrl":"https:\/\/www.abenex.com\/wp-content\/uploads\/2023\/06\/europagroup.jpg","width":800,"height":533,"caption":"Photo du fond d'un auditorium o\u00f9 l'on voit le public et l'estrade avec un r\u00e9troprojecteur o\u00f9 l'on voit en close up les speakers - illustration EUROPA"},{"@type":"BreadcrumbList","@id":"https:\/\/www.abenex.com\/abenex-acquires-a-stake-in-europa-group-the-european-leader-in-congress-organisation-to-support-its-development\/#breadcrumb","itemListElement":[{"@type":"ListItem","position":1,"name":"Accueil","item":"https:\/\/www.abenex.com\/nl\/"},{"@type":"ListItem","position":2,"name":"Abenex acquires a stake in Europa Group, the European leader in congress organisation, to support its development"}]},{"@type":"WebSite","@id":"https:\/\/www.abenex.com\/#website","url":"https:\/\/www.abenex.com\/","name":"Abenex - Investing with purpose","description":"Investing with purpose","publisher":{"@id":"https:\/\/www.abenex.com\/#organization"},"potentialAction":[{"@type":"SearchAction","target":{"@type":"EntryPoint","urlTemplate":"https:\/\/www.abenex.com\/?s={search_term_string}"},"query-input":{"@type":"PropertyValueSpecification","valueRequired":true,"valueName":"search_term_string"}}],"inLanguage":"nl-NL"},{"@type":"Organization","@id":"https:\/\/www.abenex.com\/#organization","name":"Abenex - Investing with purpose","url":"https:\/\/www.abenex.com\/","logo":{"@type":"ImageObject","inLanguage":"nl-NL","@id":"https:\/\/www.abenex.com\/#\/schema\/logo\/image\/","url":"https:\/\/www.abenex.com\/wp-content\/uploads\/2023\/05\/FULL-LOGO-NOIR-BLEU-1.svg","contentUrl":"https:\/\/www.abenex.com\/wp-content\/uploads\/2023\/05\/FULL-LOGO-NOIR-BLEU-1.svg","width":166,"height":34,"caption":"Abenex - Investing with purpose"},"image":{"@id":"https:\/\/www.abenex.com\/#\/schema\/logo\/image\/"}},{"@type":"Person","@id":"https:\/\/www.abenex.com\/#\/schema\/person\/1c0ae1a065aca059d6abd16affb29251","name":"Alec","image":{"@type":"ImageObject","inLanguage":"nl-NL","@id":"https:\/\/www.abenex.com\/#\/schema\/person\/image\/","url":"https:\/\/secure.gravatar.com\/avatar\/0c04920c00470302b1a500200942400268abc1c78754ad098dc67d526944251c?s=96&d=mm&r=g","contentUrl":"https:\/\/secure.gravatar.com\/avatar\/0c04920c00470302b1a500200942400268abc1c78754ad098dc67d526944251c?s=96&d=mm&r=g","caption":"Alec"}}]}},"_links":{"self":[{"href":"https:\/\/www.abenex.com\/nl\/wp-json\/wp\/v2\/posts\/6631","targetHints":{"allow":["GET"]}}],"collection":[{"href":"https:\/\/www.abenex.com\/nl\/wp-json\/wp\/v2\/posts"}],"about":[{"href":"https:\/\/www.abenex.com\/nl\/wp-json\/wp\/v2\/types\/post"}],"author":[{"embeddable":true,"href":"https:\/\/www.abenex.com\/nl\/wp-json\/wp\/v2\/users\/2"}],"replies":[{"embeddable":true,"href":"https:\/\/www.abenex.com\/nl\/wp-json\/wp\/v2\/comments?post=6631"}],"version-history":[{"count":1,"href":"https:\/\/www.abenex.com\/nl\/wp-json\/wp\/v2\/posts\/6631\/revisions"}],"predecessor-version":[{"id":7379,"href":"https:\/\/www.abenex.com\/nl\/wp-json\/wp\/v2\/posts\/6631\/revisions\/7379"}],"wp:featuredmedia":[{"embeddable":true,"href":"https:\/\/www.abenex.com\/nl\/wp-json\/wp\/v2\/media\/2871"}],"wp:attachment":[{"href":"https:\/\/www.abenex.com\/nl\/wp-json\/wp\/v2\/media?parent=6631"}],"wp:term":[{"taxonomy":"category","embeddable":true,"href":"https:\/\/www.abenex.com\/nl\/wp-json\/wp\/v2\/categories?post=6631"},{"taxonomy":"post_tag","embeddable":true,"href":"https:\/\/www.abenex.com\/nl\/wp-json\/wp\/v2\/tags?post=6631"}],"curies":[{"name":"wp","href":"https:\/\/api.w.org\/{rel}","templated":true}]}}